{"id":113222,"date":"2025-12-23T21:31:03","date_gmt":"2025-12-24T03:31:03","guid":{"rendered":"https:\/\/losperiodistas.com.mx\/portal\/?p=113222"},"modified":"2025-12-23T21:31:05","modified_gmt":"2025-12-24T03:31:05","slug":"el-priista-javier-lopez-zavala-es-declarado-culpable-de-feminicidio-de-cecilia-monzon-ambas-manos","status":"publish","type":"post","link":"https:\/\/losperiodistas.com.mx\/portal\/el-priista-javier-lopez-zavala-es-declarado-culpable-de-feminicidio-de-cecilia-monzon-ambas-manos\/","title":{"rendered":"El priista Javier L\u00f3pez Zavala es declarado culpable de feminicidio de Cecilia Monz\u00f3n | Ambas Manos"},"content":{"rendered":"\n<p><strong>Javier L\u00f3pez Zavala, excandidato a la gubernatura de Puebla por el PRI, fue declarado culpable por el feminicidio de su esposa, Cecilia Monz\u00f3n, a quien mand\u00f3 asesinar en 2022.<\/strong><\/p>\n\n\n\n<figure class=\"wp-block-image size-large\"><img fetchpriority=\"high\" decoding=\"async\" width=\"1024\" height=\"575\" src=\"https:\/\/losperiodistas.com.mx\/portal\/wp-content\/uploads\/2025\/12\/Monzon-Zavala-1024x575.png\" alt=\"\" class=\"wp-image-113224\" srcset=\"https:\/\/losperiodistas.com.mx\/portal\/wp-content\/uploads\/2025\/12\/Monzon-Zavala-1024x575.png 1024w, https:\/\/losperiodistas.com.mx\/portal\/wp-content\/uploads\/2025\/12\/Monzon-Zavala-300x169.png 300w, https:\/\/losperiodistas.com.mx\/portal\/wp-content\/uploads\/2025\/12\/Monzon-Zavala-768x432.png 768w, https:\/\/losperiodistas.com.mx\/portal\/wp-content\/uploads\/2025\/12\/Monzon-Zavala.png 1500w\" sizes=\"(max-width: 1024px) 100vw, 1024px\" \/><figcaption class=\"wp-element-caption\">A la izquierda foto de Cecilia Monz\u00f3n y a la derecha foto de Javier L\u00f3pez Zavala. credit: Especial<\/figcaption><\/figure>\n\n\n\n<p class=\"has-vivid-red-color has-text-color has-link-color wp-elements-e302fe460ccb02458c276fadbbeec160\"><strong>Crist\u00f3bal Lobato Gonz\u00e1lez<\/strong> \/ Ambas Manos<\/p>\n\n\n\n<p>El priista <strong>Javier L\u00f3pez Zavala<\/strong> fue declarado culpable por el feminicidio de <strong>Cecilia Monz\u00f3n<\/strong>, madre de su hijo. Sus dos c\u00f3mplices <strong>Jair y Silvestre<\/strong>, tambi\u00e9n son culpables.<\/p>\n\n\n\n<p>As\u00ed lo decidi\u00f3 el <strong>Juez<\/strong> la noche de este 23 de diciembre en una audiencia a la que acudi\u00f3 <strong>Helena Monz\u00f3n<\/strong>, hermana de la v\u00edctima.<\/p>\n\n\n\n<p>La individualizaci\u00f3n de la pena por feminicidio se decidir\u00e1 en una segunda audiencia. Es decir, en unos d\u00edas sabremos a cu\u00e1ntos a\u00f1os de prisi\u00f3n son condenados cada uno.<\/p>\n\n\n\n<p>El Gobernador de Puebla, Alejandro Armenta advirti\u00f3 esta ma\u00f1ana que jam\u00e1s intervendr\u00eda en el caso y pidi\u00f3 justicia para Monz\u00f3n.<\/p>\n\n\n\n<p>Helena Monz\u00f3n, hermana de Cecilia, arrib\u00f3 a los Juzgados de Ejecuci\u00f3n de Sentencia alrededor de las 15:00 horas, previo a la definici\u00f3n del caso hab\u00eda solicitado que el feminicidio no quedar\u00e1 impune como el 95 por ciento de los casos en M\u00e9xico.<\/p>\n\n\n\n<figure class=\"wp-block-embed is-type-rich is-provider-twitter wp-block-embed-twitter\"><div class=\"wp-block-embed__wrapper\">\n<blockquote class=\"twitter-tweet\" data-width=\"500\" data-dnt=\"true\"><p lang=\"es\" dir=\"ltr\"><a href=\"https:\/\/twitter.com\/hashtag\/%C3%9AltimaHora?src=hash&amp;ref_src=twsrc%5Etfw\">#\u00daltimaHora<\/a><br><br>El priista Javier L\u00f3pez Zavala es declarado CULPABLE por el feminicidio de Cecilia Monz\u00f3n, madre de su hijo. <br><br>Sus dos c\u00f3mplices tambi\u00e9n son culpables. La individualizaci\u00f3n de la pena por feminicidio se decidir\u00e1 en una segunda audiencia. <a href=\"https:\/\/twitter.com\/Helena_Monzon?ref_src=twsrc%5Etfw\">@Helena_Monzon<\/a><a href=\"https:\/\/twitter.com\/Ambas_Manos?ref_src=twsrc%5Etfw\">@Ambas_Manos<\/a> <a href=\"https:\/\/t.co\/I0wdk77sRF\">pic.twitter.com\/I0wdk77sRF<\/a><\/p>&mdash; Viridiana Lozano (@Viriloz) <a href=\"https:\/\/twitter.com\/Viriloz\/status\/2003633780662178033?ref_src=twsrc%5Etfw\">December 24, 2025<\/a><\/blockquote><script async src=\"https:\/\/platform.twitter.com\/widgets.js\" charset=\"utf-8\"><\/script>\n<\/div><\/figure>\n\n\n\n<p>Desde ayer ya hab\u00eda anunciado que la sentencia se dictar\u00eda este d\u00eda.<\/p>\n\n\n\n<p>La hermana de la activista solicit\u00f3 la pena m\u00e1s alta de 60 a\u00f1os de prisi\u00f3n contra quien fuera excandidato a Gobernador de Puebla.<\/p>\n\n\n\n<p>Fue hasta las 17:11 horas cuando dio inicio la audiencia, dos horas despu\u00e9s se supo que Javier L\u00f3pez Zavala hab\u00eda sido declarado culpable.<\/p>\n\n\n\n<h2 class=\"wp-block-heading\">Pasaron m\u00e1s de tres a\u00f1os para conocer la sentencia<\/h2>\n\n\n\n<p>Tras ocho meses y 80 audiencias donde se presentaron pruebas que analizaron, los tres jueces tomaron la determinaci\u00f3n.<\/p>\n\n\n\n<p>Las audiencias contra L\u00f3pez Zavala iniciaron desde el 4 de abril, pero las aplazaron mientras llevaban a cabo las del delito de violencia familiar.<\/p>\n\n\n\n<figure class=\"wp-block-embed is-type-rich is-provider-twitter wp-block-embed-twitter\"><div class=\"wp-block-embed__wrapper\">\n<blockquote class=\"twitter-tweet\" data-width=\"500\" data-dnt=\"true\"><p lang=\"es\" dir=\"ltr\">Ma\u00f1ana habr\u00e1 fallo. Hemos pedido las condenas, desde el inicio hasta el \u00faltimo minuto.<br><br>Nos ha dicho el tribunal que podemos dormir, que no ser\u00e1 a media noche. Pero s\u00ed pronto por la ma\u00f1ana.<br><br>Gracias a quienes nos acompa\u00f1\u00e1is en esta lucha.<a href=\"https:\/\/x.com\/hashtag\/JusticiaParaCeciliaMonzon?src=hash&amp;ref_src=twsrc%5Etfw\">#JusticiaParaCeciliaMonzon<\/a>\ud83c\udf3b!!! <a href=\"https:\/\/t.co\/F3yEG5nusy\">pic.twitter.com\/F3yEG5nusy<\/a><\/p>&mdash; Helena Monz\u00f3n (@Helena_Monzon) <a href=\"https:\/\/x.com\/Helena_Monzon\/status\/2003309369056985434?ref_src=twsrc%5Etfw\">December 23, 2025<\/a><\/blockquote><script async src=\"https:\/\/platform.x.com\/widgets.js\" charset=\"utf-8\"><\/script>\n<\/div><\/figure>\n\n\n\n<h2 class=\"wp-block-heading\">\u00bfCu\u00e1l fue la cronolog\u00eda que present\u00f3 la FGE?<\/h2>\n\n\n\n<p>El 21 de mayo del 2022, la abogada y activista Cecilia Monz\u00f3n P\u00e9rez fue asesinada cuando conduc\u00eda su camioneta sobre Camino Real a Momoxpan y Perif\u00e9rico Ecol\u00f3gico, en San Pedro Cholula.<\/p>\n\n\n\n<p>Las primeras investigaciones que realiz\u00f3 la Fiscal\u00eda General del Estado (FGE), se\u00f1alaban que en abril de 2022 Javier L\u00f3pez Zavala le orden\u00f3 a su sobrino Jair \u00abN\u00bb, que matara a Cecilia.<\/p>\n\n\n\n<p>Siendo \u00e9l mismo quien le proporcion\u00f3 el arma de fuego y la motocicleta que se utiliz\u00f3 en el crimen.<\/p>\n\n\n\n<p>La ma\u00f1ana del s\u00e1bado 21 de mayo, se cometi\u00f3 el crimen. Cecilia recibi\u00f3 seis arteros disparos que terminaron con su vida.<\/p>\n\n\n\n<p>Enseguida se descart\u00f3 robo, pues los agentes investigadores encontraron todas sus pertenencias.<\/p>\n\n\n\n<figure class=\"wp-block-embed is-type-rich is-provider-twitter wp-block-embed-twitter\"><div class=\"wp-block-embed__wrapper\">\n<blockquote class=\"twitter-tweet\" data-width=\"500\" data-dnt=\"true\"><p lang=\"es\" dir=\"ltr\"><a href=\"https:\/\/twitter.com\/hashtag\/%C3%9AltimaHora?src=hash&amp;ref_src=twsrc%5Etfw\">#\u00daltimaHora<\/a> <br><br>El priista Javier L\u00f3pez Zavala es declarado culpable del delito de feminicidio en contra de Cecilia Monz\u00f3n, madre de su hijo. Sus dos c\u00f3mplices, los autores materiales tambi\u00e9n son culpables. <br><br>En una segunda audiencia suceder\u00e1 la individualizaci\u00f3n de la pena para\u2026 <a href=\"https:\/\/t.co\/o2FnBDl9I6\">pic.twitter.com\/o2FnBDl9I6<\/a><\/p>&mdash; Ambas Manos (@Ambas_Manos) <a href=\"https:\/\/twitter.com\/Ambas_Manos\/status\/2003640507730112930?ref_src=twsrc%5Etfw\">December 24, 2025<\/a><\/blockquote><script async src=\"https:\/\/platform.twitter.com\/widgets.js\" charset=\"utf-8\"><\/script>\n<\/div><\/figure>\n\n\n\n<p>La cronolog\u00eda presentada por la Fiscal\u00eda General del Estado de Puebla (FGE) indic\u00f3 que Jair \u00abN\u00bb contrat\u00f3 a un sicario originario de Veracruz, su encargo fue matar a Cecilia.<\/p>\n\n\n\n<p>Silvestre \u00abN\u00bb se hosped\u00f3 en un hotel de la ciudad de Puebla, vigil\u00f3 los movimientos de la abogada y se reuni\u00f3 en varias ocasiones con Jair \u00abN\u00bb para planear el feminicidio.<\/p>\n\n\n\n<p>La ma\u00f1ana de ese 21 de mayo, los dos viajaban en la motocicleta que les proporcion\u00f3 Zavala. Siguieron a Cecilia desde que sali\u00f3 de su domicilio y en el punto ya mencionado la interceptaron. Jair \u00abN\u00bb manejaba; Silvestre \u00abN\u00bb dispar\u00f3.<\/p>\n\n\n\n<p>A Javier L\u00f3pez Zavala lo aprehendieron el 6 de junio de ese mismo a\u00f1o en calles de la junta auxiliar de La Libertad.<\/p>\n\n\n\n<p>Jair \u00abN\u00bb, de 27 a\u00f1os, regres\u00f3 a Chiapas, lugar de donde es originario, pero la FGE lo ubic\u00f3 y aprehendi\u00f3, tambi\u00e9n en junio. En tanto, Silvestre \u00abN\u00bb se escondi\u00f3 en una zona rural de Veracruz, as\u00ed que su detenci\u00f3n se complic\u00f3. Los agentes ministeriales lo capturaron a finales de julio y lo vincularon a proceso por feminicidio en grado de autor material.<\/p>\n\n\n\n<p>Despu\u00e9s de tres a\u00f1os y siete meses del feminicidio de Cecilia Monz\u00f3n se hizo justicia para su familia.<\/p>\n\n\n\n<p>Fuente: <a href=\"https:\/\/www.ambasmanos.mx\/nota-roja\/javier-lopez-zavala-es-declarado-culpable-por-el-feminicidio-de-cecilia-monzon\/302877\/\" target=\"_blank\" rel=\"noreferrer noopener\">Ambas Manos<\/a><\/p>\n","protected":false},"excerpt":{"rendered":"<p>Javier L\u00f3pez Zavala, excandidato a la gubernatura de Puebla por el PRI, fue declarado culpable por el feminicidio de su esposa, Cecilia Monz\u00f3n, a quien mand\u00f3 asesinar en 2022.<\/p>\n","protected":false},"author":1,"featured_media":113224,"comment_status":"open","ping_status":"open","sticky":false,"template":"","format":"standard","meta":{"site-sidebar-layout":"default","site-content-layout":"","ast-site-content-layout":"default","site-content-style":"default","site-sidebar-style":"default","ast-global-header-display":"","ast-banner-title-visibility":"","ast-main-header-display":"","ast-hfb-above-header-display":"","ast-hfb-below-header-display":"","ast-hfb-mobile-header-display":"","site-post-title":"","ast-breadcrumbs-content":"","ast-featured-img":"","footer-sml-layout":"","theme-transparent-header-meta":"","adv-header-id-meta":"","stick-header-meta":"","header-above-stick-meta":"","header-main-stick-meta":"","header-below-stick-meta":"","astra-migrate-meta-layouts":"default","ast-page-background-enabled":"default","ast-page-background-meta":{"desktop":{"background-color":"var(--ast-global-color-4)","background-image":"","background-repeat":"repeat","background-position":"center center","background-size":"auto","background-attachment":"scroll","background-type":"","background-media":"","overlay-type":"","overlay-color":"","overlay-opacity":"","overlay-gradient":""},"tablet":{"background-color":"","background-image":"","background-repeat":"repeat","background-position":"center center","background-size":"auto","background-attachment":"scroll","background-type":"","background-media":"","overlay-type":"","overlay-color":"","overlay-opacity":"","overlay-gradient":""},"mobile":{"background-color":"","background-image":"","background-repeat":"repeat","background-position":"center center","background-size":"auto","background-attachment":"scroll","background-type":"","background-media":"","overlay-type":"","overlay-color":"","overlay-opacity":"","overlay-gradient":""}},"ast-content-background-meta":{"desktop":{"background-color":"var(--ast-global-color-5)","background-image":"","background-repeat":"repeat","background-position":"center center","background-size":"auto","background-attachment":"scroll","background-type":"","background-media":"","overlay-type":"","overlay-color":"","overlay-opacity":"","overlay-gradient":""},"tablet":{"background-color":"var(--ast-global-color-5)","background-image":"","background-repeat":"repeat","background-position":"center center","background-size":"auto","background-attachment":"scroll","background-type":"","background-media":"","overlay-type":"","overlay-color":"","overlay-opacity":"","overlay-gradient":""},"mobile":{"background-color":"var(--ast-global-color-5)","background-image":"","background-repeat":"repeat","background-position":"center center","background-size":"auto","background-attachment":"scroll","background-type":"","background-media":"","overlay-type":"","overlay-color":"","overlay-opacity":"","overlay-gradient":""}},"footnotes":""},"categories":[8],"tags":[44649,10278,25611,13678,15960],"class_list":["post-113222","post","type-post","status-publish","format-standard","has-post-thumbnail","hentry","category-noticias","tag-candidado-a-la-gubernatura","tag-cecilia-monzon","tag-culpable","tag-feminicidio","tag-lopez-zavala"],"_links":{"self":[{"href":"https:\/\/losperiodistas.com.mx\/portal\/wp-json\/wp\/v2\/posts\/113222","targetHints":{"allow":["GET"]}}],"collection":[{"href":"https:\/\/losperiodistas.com.mx\/portal\/wp-json\/wp\/v2\/posts"}],"about":[{"href":"https:\/\/losperiodistas.com.mx\/portal\/wp-json\/wp\/v2\/types\/post"}],"author":[{"embeddable":true,"href":"https:\/\/losperiodistas.com.mx\/portal\/wp-json\/wp\/v2\/users\/1"}],"replies":[{"embeddable":true,"href":"https:\/\/losperiodistas.com.mx\/portal\/wp-json\/wp\/v2\/comments?post=113222"}],"version-history":[{"count":1,"href":"https:\/\/losperiodistas.com.mx\/portal\/wp-json\/wp\/v2\/posts\/113222\/revisions"}],"predecessor-version":[{"id":113225,"href":"https:\/\/losperiodistas.com.mx\/portal\/wp-json\/wp\/v2\/posts\/113222\/revisions\/113225"}],"wp:featuredmedia":[{"embeddable":true,"href":"https:\/\/losperiodistas.com.mx\/portal\/wp-json\/wp\/v2\/media\/113224"}],"wp:attachment":[{"href":"https:\/\/losperiodistas.com.mx\/portal\/wp-json\/wp\/v2\/media?parent=113222"}],"wp:term":[{"taxonomy":"category","embeddable":true,"href":"https:\/\/losperiodistas.com.mx\/portal\/wp-json\/wp\/v2\/categories?post=113222"},{"taxonomy":"post_tag","embeddable":true,"href":"https:\/\/losperiodistas.com.mx\/portal\/wp-json\/wp\/v2\/tags?post=113222"}],"curies":[{"name":"wp","href":"https:\/\/api.w.org\/{rel}","templated":true}]}}