{"id":113219,"date":"2025-12-23T21:22:22","date_gmt":"2025-12-24T03:22:22","guid":{"rendered":"https:\/\/losperiodistas.com.mx\/portal\/?p=113219"},"modified":"2025-12-23T22:23:04","modified_gmt":"2025-12-24T04:23:04","slug":"dia-infausto-para-la-libertad-de-prensa-en-puebla-vinculan-a-proceso-a-rodolfo-ruizpuebla-mundo-nuestro","status":"publish","type":"post","link":"https:\/\/losperiodistas.com.mx\/portal\/dia-infausto-para-la-libertad-de-prensa-en-puebla-vinculan-a-proceso-a-rodolfo-ruizpuebla-mundo-nuestro\/","title":{"rendered":"D\u00eda infausto para la libertad de prensa en Puebla: vinculan a proceso a Rodolfo Ruiz | Mundo Nuestro"},"content":{"rendered":"\n<p><em>Aberrante la parcialidad del tal juez. La justicia a modo para el poder del d\u00e9spota en turno en el gobierno que as\u00ed quiere someter al periodismo cr\u00edtico. Triste historia de la democracia en Puebla si se violenta as\u00ed la libertad de expresi\u00f3n<\/em><\/p>\n\n\n\n<figure class=\"wp-block-image size-large\"><img fetchpriority=\"high\" decoding=\"async\" width=\"1024\" height=\"698\" src=\"https:\/\/losperiodistas.com.mx\/portal\/wp-content\/uploads\/2025\/12\/LibertadDeExpresion-1024x698.png\" alt=\"\" class=\"wp-image-113220\" srcset=\"https:\/\/losperiodistas.com.mx\/portal\/wp-content\/uploads\/2025\/12\/LibertadDeExpresion-1024x698.png 1024w, https:\/\/losperiodistas.com.mx\/portal\/wp-content\/uploads\/2025\/12\/LibertadDeExpresion-300x205.png 300w, https:\/\/losperiodistas.com.mx\/portal\/wp-content\/uploads\/2025\/12\/LibertadDeExpresion-768x524.png 768w, https:\/\/losperiodistas.com.mx\/portal\/wp-content\/uploads\/2025\/12\/LibertadDeExpresion.png 1056w\" sizes=\"(max-width: 1024px) 100vw, 1024px\" \/><\/figure>\n\n\n\n<p class=\"has-vivid-red-color has-text-color has-link-color wp-elements-308190ad67e95c62c2663f9cbb365834\">Sergio Mastretta \/ Mundo Nuestro<\/p>\n\n\n\n<p>Contra todos los se\u00f1alamientos de irregularidades, omisiones e ilegalidades cometidas en las audiencias en la \u00faltima semana, el juez de control Joel Daniel Baltazar vincul\u00f3 a proceso al periodista Rodolfo Ruiz Roddr\u00edguez \u2013director del peri\u00f3dico digital&nbsp;<a href=\"https:\/\/www.e-consulta.com\/\" target=\"_blank\" rel=\"noreferrer noopener\">e-consulta<\/a>,\u2013 la tarde de este martes 23 de diciembre en la Sala de Justicia ubicada al sur de la ciudad de Puebla.<\/p>\n\n\n\n<p>Es un d\u00eda infausto para la libertad de prensa y la democracia en nuestro estado. Una expresi\u00f3n fiel del despotismo con el que se gobierna en Puebla.<\/p>\n\n\n\n<p>Las inconsistencias en los argumentos de la fiscalia no fueron suficientes para el juez, quien decidi\u00f3 el v\u00ednculo a proceso por el presunto delito de&nbsp;<strong>operaciones con recursos de procedencia il\u00edcita<\/strong>, ello a pesar de la demanda de nulidad interpuesta por la defensa de Ruiz Rodr\u00edguez el pasado s\u00e1bado 20 por las irregularidades ocurridas desde el inicio mismo del proceso y que llevaron tambi\u00e9n a interponer dos denuncias por abuso de autoridad y ejercicio indebido de funciones.<\/p>\n\n\n\n<p>Las\u00a0<strong>denuncias\u00a0<\/strong>solicitan que se investigue la actuaci\u00f3n de\u00a0<strong>Jos\u00e9 Guillermo Valdez Luna<\/strong>, juez comisionado como administrador general de los juzgados de oralidad penal;\u00a0<strong>Jos\u00e9 Daniel Baltazar \u00c1valos<\/strong>, juez de control de la regi\u00f3n judicial Centro;\u00a0<strong>Alejandro Tototzintle Cuahuizo<\/strong>, agente del Ministerio P\u00fablico adscrito a la\u00a0Unidad Especializada en Investigaci\u00f3n de Delitos de Procedencia Il\u00edcita; as\u00ed como\u00a0<strong>Mar\u00eda Lilian Adauta Ram\u00edrez<\/strong>, tambi\u00e9n agente del Ministerio P\u00fablico. Las personas se\u00f1aladas son\u00a0<strong>acusadas\u00a0<\/strong>de\u00a0<strong>presunto abuso de autoridad<\/strong>\u00a0y\u00a0<strong>ejercicio indebido de funciones<\/strong>, adem\u00e1s de quienes resulten responsables, de acuerdo con el contenido de las\u00a0<a href=\"https:\/\/www.e-consulta.com\/nota\/2025-10-03\/nacion\/armenta-desata-persecucion-judicial-contra-e-consulta-tras-caso-nodica\" target=\"_blank\" rel=\"noreferrer noopener\">d<\/a><strong><a href=\"https:\/\/www.e-consulta.com\/nota\/2025-10-03\/nacion\/armenta-desata-persecucion-judicial-contra-e-consulta-tras-caso-nodica\" target=\"_blank\" rel=\"noreferrer noopener\">enuncias presentadas ante la FGE<\/a>.<\/strong><\/p>\n\n\n\n<p>En la audiencia de este martes 23 el juez concedi\u00f3 45 d\u00edas para investigaci\u00f3n complementaria, pese a se\u00f1alamientos de falta de datos que acrediten el delito.<\/p>\n\n\n\n<p>Entrevistado por el medio <em><a href=\"https:\/\/animalpolitico.com\/estados\/vinculan-proceso-periodista-rodolfo-ruiz-presunto-manejo-recursos\" target=\"_blank\" rel=\"noreferrer noopener\">Animal Pol\u00edtico<\/a><\/em>, Rodolfo Ruiz dijo que \u201cquienes entraron a la audiencia pudieron darse cuenta de que el Ministerio P\u00fablico no logr\u00f3 acreditar nada, se basaba en suposiciones, fue&nbsp;<strong>una audiencia absolutamente parcial<\/strong>, el juez Joel Daniel Baltazar hizo suyas las acusaciones de la Fiscal\u00eda General del Estado de Puebla; parec\u00eda el Ministerio P\u00fablico corregido y aumentado\u201d.<\/p>\n\n\n\n<p>\u201cEl juez \u2013continuu\u00f3 Ruiz Rodr\u00edguez\u2013 <strong>dio por ciertos todos los supuestos en que se basa la acusaci\u00f3n del Ministerio P\u00fablico<\/strong>. \u00bfEn qu\u00e9 se basa la acusaci\u00f3n?, en que el dinero con el que le pagu\u00e9 al abogado de mi defensa, Ra\u00fal Arg\u00fcelles, procede de recursos de procedencia il\u00edcita. De acuerdo con el tanto la fiscal\u00eda como el juez suponen que le pagu\u00e9 en efectivo y que esos recursos son de procedencia il\u00edcita, pese a que mi abogado aclar\u00f3 c\u00f3mo y cu\u00e1nto le pagu\u00e9\u201d.<\/p>\n\n\n\n<p>El juez no cambi\u00f3 la medida cautelar impuesta la semana pasada, por lo que el periodista poblano seguir\u00e1 el proceso en libertad,<\/p>\n\n\n\n<p>Aberrante la parcialidad del tal juez. La justicia a modo para el poder del d\u00e9spota en turno en el gobierno que as\u00ed quiere someter al periodismo cr\u00edtico. Triste historia de la democracia en Puebla si se violenta as\u00ed la libertad de expresi\u00f3n.<\/p>\n\n\n\n<p>Vale decir que no nos quedaremos callados. Rodolfo seguir\u00e1 en libertad el juicio. Sus amigos lo respaldaremos.<\/p>\n\n\n\n<p>Fuente: <a href=\"https:\/\/mundonuestro.mx\/content\/2025-12-23\/dia-infausto-para-la-libertad-de-prensa-en-puebla-vinculan-a-proceso-a-rodolfo-ruiz-sergio-mastretta\/\" target=\"_blank\" rel=\"noreferrer noopener\">Mundo Nuestro<\/a><\/p>\n","protected":false},"excerpt":{"rendered":"<p>Aberrante la parcialidad del tal juez. La justicia a modo para el poder del d\u00e9spota en turno en el gobierno que as\u00ed quiere someter al periodismo cr\u00edtico. Triste historia de la democracia en Puebla si se violenta as\u00ed la libertad de expresi\u00f3n<\/p>\n","protected":false},"author":1,"featured_media":113220,"comment_status":"open","ping_status":"open","sticky":false,"template":"","format":"standard","meta":{"site-sidebar-layout":"default","site-content-layout":"","ast-site-content-layout":"default","site-content-style":"default","site-sidebar-style":"default","ast-global-header-display":"","ast-banner-title-visibility":"","ast-main-header-display":"","ast-hfb-above-header-display":"","ast-hfb-below-header-display":"","ast-hfb-mobile-header-display":"","site-post-title":"","ast-breadcrumbs-content":"","ast-featured-img":"","footer-sml-layout":"","theme-transparent-header-meta":"","adv-header-id-meta":"","stick-header-meta":"","header-above-stick-meta":"","header-main-stick-meta":"","header-below-stick-meta":"","astra-migrate-meta-layouts":"default","ast-page-background-enabled":"default","ast-page-background-meta":{"desktop":{"background-color":"var(--ast-global-color-4)","background-image":"","background-repeat":"repeat","background-position":"center center","background-size":"auto","background-attachment":"scroll","background-type":"","background-media":"","overlay-type":"","overlay-color":"","overlay-opacity":"","overlay-gradient":""},"tablet":{"background-color":"","background-image":"","background-repeat":"repeat","background-position":"center center","background-size":"auto","background-attachment":"scroll","background-type":"","background-media":"","overlay-type":"","overlay-color":"","overlay-opacity":"","overlay-gradient":""},"mobile":{"background-color":"","background-image":"","background-repeat":"repeat","background-position":"center center","background-size":"auto","background-attachment":"scroll","background-type":"","background-media":"","overlay-type":"","overlay-color":"","overlay-opacity":"","overlay-gradient":""}},"ast-content-background-meta":{"desktop":{"background-color":"var(--ast-global-color-5)","background-image":"","background-repeat":"repeat","background-position":"center center","background-size":"auto","background-attachment":"scroll","background-type":"","background-media":"","overlay-type":"","overlay-color":"","overlay-opacity":"","overlay-gradient":""},"tablet":{"background-color":"var(--ast-global-color-5)","background-image":"","background-repeat":"repeat","background-position":"center center","background-size":"auto","background-attachment":"scroll","background-type":"","background-media":"","overlay-type":"","overlay-color":"","overlay-opacity":"","overlay-gradient":""},"mobile":{"background-color":"var(--ast-global-color-5)","background-image":"","background-repeat":"repeat","background-position":"center center","background-size":"auto","background-attachment":"scroll","background-type":"","background-media":"","overlay-type":"","overlay-color":"","overlay-opacity":"","overlay-gradient":""}},"footnotes":""},"categories":[8],"tags":[5618,5730,9878,3603,37328,42029],"class_list":["post-113219","post","type-post","status-publish","format-standard","has-post-thumbnail","hentry","category-noticias","tag-e-consulta","tag-libertad-de-expresion","tag-libertad-de-prensa","tag-puebla","tag-rodolfo-ruiz","tag-vinculado-a-proceso"],"_links":{"self":[{"href":"https:\/\/losperiodistas.com.mx\/portal\/wp-json\/wp\/v2\/posts\/113219","targetHints":{"allow":["GET"]}}],"collection":[{"href":"https:\/\/losperiodistas.com.mx\/portal\/wp-json\/wp\/v2\/posts"}],"about":[{"href":"https:\/\/losperiodistas.com.mx\/portal\/wp-json\/wp\/v2\/types\/post"}],"author":[{"embeddable":true,"href":"https:\/\/losperiodistas.com.mx\/portal\/wp-json\/wp\/v2\/users\/1"}],"replies":[{"embeddable":true,"href":"https:\/\/losperiodistas.com.mx\/portal\/wp-json\/wp\/v2\/comments?post=113219"}],"version-history":[{"count":2,"href":"https:\/\/losperiodistas.com.mx\/portal\/wp-json\/wp\/v2\/posts\/113219\/revisions"}],"predecessor-version":[{"id":113229,"href":"https:\/\/losperiodistas.com.mx\/portal\/wp-json\/wp\/v2\/posts\/113219\/revisions\/113229"}],"wp:featuredmedia":[{"embeddable":true,"href":"https:\/\/losperiodistas.com.mx\/portal\/wp-json\/wp\/v2\/media\/113220"}],"wp:attachment":[{"href":"https:\/\/losperiodistas.com.mx\/portal\/wp-json\/wp\/v2\/media?parent=113219"}],"wp:term":[{"taxonomy":"category","embeddable":true,"href":"https:\/\/losperiodistas.com.mx\/portal\/wp-json\/wp\/v2\/categories?post=113219"},{"taxonomy":"post_tag","embeddable":true,"href":"https:\/\/losperiodistas.com.mx\/portal\/wp-json\/wp\/v2\/tags?post=113219"}],"curies":[{"name":"wp","href":"https:\/\/api.w.org\/{rel}","templated":true}]}}