{"id":113216,"date":"2025-12-23T18:40:29","date_gmt":"2025-12-24T00:40:29","guid":{"rendered":"https:\/\/losperiodistas.com.mx\/portal\/?p=113216"},"modified":"2025-12-23T18:40:32","modified_gmt":"2025-12-24T00:40:32","slug":"localizan-sin-vida-al-ultimo-pasajero-del-avion-de-apoyo-medico-de-la-marina-mexicana-accidentado-en-texas-el-pais","status":"publish","type":"post","link":"https:\/\/losperiodistas.com.mx\/portal\/localizan-sin-vida-al-ultimo-pasajero-del-avion-de-apoyo-medico-de-la-marina-mexicana-accidentado-en-texas-el-pais\/","title":{"rendered":"Localizan sin vida al \u00faltimo pasajero del avi\u00f3n de apoyo m\u00e9dico de la Marina mexicana accidentado en Texas | El Pa\u00eds"},"content":{"rendered":"\n<p>El menor de edad con quemaduras que era trasladado al hospital est\u00e1 entre los cinco fallecidos<\/p>\n\n\n\n<figure class=\"wp-block-image size-large\"><img fetchpriority=\"high\" decoding=\"async\" width=\"1024\" height=\"632\" src=\"https:\/\/losperiodistas.com.mx\/portal\/wp-content\/uploads\/2025\/12\/AeronaveTx-1024x632.png\" alt=\"\" class=\"wp-image-113217\" srcset=\"https:\/\/losperiodistas.com.mx\/portal\/wp-content\/uploads\/2025\/12\/AeronaveTx-1024x632.png 1024w, https:\/\/losperiodistas.com.mx\/portal\/wp-content\/uploads\/2025\/12\/AeronaveTx-300x185.png 300w, https:\/\/losperiodistas.com.mx\/portal\/wp-content\/uploads\/2025\/12\/AeronaveTx-768x474.png 768w, https:\/\/losperiodistas.com.mx\/portal\/wp-content\/uploads\/2025\/12\/AeronaveTx.png 1317w\" sizes=\"(max-width: 1024px) 100vw, 1024px\" \/><figcaption class=\"wp-element-caption\">Autoridades y voluntarios auxilian en el accidente a\u00e9reo de la Armada de M\u00e9xico cerca de Galveston, Texas, este lunes. Sky Decker Jr. (AP)<\/figcaption><\/figure>\n\n\n\n<p class=\"has-vivid-red-color has-text-color has-link-color wp-elements-0ca8259775ac41aacee3812ff50ea422\">Micaela Varela \/ El Pa\u00eds<\/p>\n\n\n\n<p>La secretar\u00eda de Marina dio a conocer este martes que ha localizado sin vida a la persona que se manten\u00eda reportada como desaparecida tras el accidente de la aeronave que se desplom\u00f3 la tarde de ayer en Galveston, Texas. De los ocho pasajeros que viajaban en este avi\u00f3n, solo dos sobrevivieron y se encuentran estables, aunque se desconoce su identidad. Este vuelo apoyaba a la fundaci\u00f3n Michou y Mau para concretar el traslado de un paciente pedi\u00e1trico con quemaduras. La secretar\u00eda de Relaciones exteriores y el Consulado General de M\u00e9xico en Houston han brindado asistencia a los familiares de las v\u00edctimas.<\/p>\n\n\n\n<p>La\u00a0aeronave de la Marina que se estrell\u00f3\u00a0en Estados Unidos la tarde de este lunes hab\u00eda perdido la comunicaci\u00f3n con la torre de control 10 minutos antes del accidente, seg\u00fan ha relatado la presidenta, Claudia Sheinbaum, este martes desde su rueda de prensa matutina. \u201cHab\u00eda llegado a Galveston el avi\u00f3n. Pensaron que hab\u00eda aterrizado y luego supieron que hab\u00eda habido un accidente\u201d, ha detallado desde Palacio Nacional, donde ha indicado que se est\u00e1 llevando a cabo una investigaci\u00f3n para esclarecer las causas del siniestro.<\/p>\n\n\n\n<p>El accidente se produjo cuando la aeronave de la Secretar\u00eda de la Marina realizaba una misi\u00f3n de apoyo m\u00e9dico. Sheinbaum ha enviado condolencias a los familiares de los fallecidos, entre los que se encuentran marinos mexicanos. \u201cEs muy triste lo que pas\u00f3\u201d, ha recalcado a los periodistas. El seguimiento del caso lo est\u00e1 llevando el Almirante Raymundo Pedro Morales \u00c1ngeles, secretario de la Marina, con el apoyo de la Secretar\u00eda de Relaciones Exteriores de M\u00e9xico y equipo de Estados Unidos.<\/p>\n\n\n\n<p>Sheinbaum ha asegurado que todav\u00eda se desconocen las causas por las cuales la aeronave se estrell\u00f3 minutos antes de aterrizar. El piloto intent\u00f3 tocar tierra en una espesa niebla en la zona, pero dej\u00f3 de transmitir comunicaci\u00f3n poco antes de conocerse que se hab\u00eda accidentado. El Gobierno mexicano ha abierto una investigaci\u00f3n para conocer lo que pas\u00f3 antes del siniestro cerca del Aeropuerto Internacional Scholes, a las afueras de la ciudad costera de Galveston, a una hora al sur de Houston. \u201cHasta que no salga la caja negra y no se analice, no se puede saber cu\u00e1l fue la causa del desplome\u201d, ha advertido la presidenta. Mientras tanto, los familiares de los fallecidos est\u00e1n recibiendo atenci\u00f3n por parte del Gobierno.<\/p>\n\n\n\n<p>La presidenta ha informado de que entre los fallecidos est\u00e1 el menor con quemaduras que trasladaban al hospital. Lo acompa\u00f1aban otros tres civiles y cuatro tripulantes de la Marina mexicana.<\/p>\n\n\n\n<p>Fuente: <a href=\"https:\/\/elpais.com\/mexico\/2025-12-23\/localizan-sin-vida-al-ultimo-pasajero-del-avion-de-apoyo-medico-de-la-marina-mexicana-accidentado-en-texas.html\" target=\"_blank\" rel=\"noreferrer noopener\">El Pa\u00eds<\/a><\/p>\n","protected":false},"excerpt":{"rendered":"<p>El menor de edad con quemaduras que era trasladado al hospital est\u00e1 entre los cinco fallecidos<\/p>\n","protected":false},"author":1,"featured_media":113217,"comment_status":"open","ping_status":"open","sticky":false,"template":"","format":"standard","meta":{"site-sidebar-layout":"default","site-content-layout":"","ast-site-content-layout":"default","site-content-style":"default","site-sidebar-style":"default","ast-global-header-display":"","ast-banner-title-visibility":"","ast-main-header-display":"","ast-hfb-above-header-display":"","ast-hfb-below-header-display":"","ast-hfb-mobile-header-display":"","site-post-title":"","ast-breadcrumbs-content":"","ast-featured-img":"","footer-sml-layout":"","theme-transparent-header-meta":"","adv-header-id-meta":"","stick-header-meta":"","header-above-stick-meta":"","header-main-stick-meta":"","header-below-stick-meta":"","astra-migrate-meta-layouts":"default","ast-page-background-enabled":"default","ast-page-background-meta":{"desktop":{"background-color":"var(--ast-global-color-4)","background-image":"","background-repeat":"repeat","background-position":"center center","background-size":"auto","background-attachment":"scroll","background-type":"","background-media":"","overlay-type":"","overlay-color":"","overlay-opacity":"","overlay-gradient":""},"tablet":{"background-color":"","background-image":"","background-repeat":"repeat","background-position":"center center","background-size":"auto","background-attachment":"scroll","background-type":"","background-media":"","overlay-type":"","overlay-color":"","overlay-opacity":"","overlay-gradient":""},"mobile":{"background-color":"","background-image":"","background-repeat":"repeat","background-position":"center center","background-size":"auto","background-attachment":"scroll","background-type":"","background-media":"","overlay-type":"","overlay-color":"","overlay-opacity":"","overlay-gradient":""}},"ast-content-background-meta":{"desktop":{"background-color":"var(--ast-global-color-5)","background-image":"","background-repeat":"repeat","background-position":"center center","background-size":"auto","background-attachment":"scroll","background-type":"","background-media":"","overlay-type":"","overlay-color":"","overlay-opacity":"","overlay-gradient":""},"tablet":{"background-color":"var(--ast-global-color-5)","background-image":"","background-repeat":"repeat","background-position":"center center","background-size":"auto","background-attachment":"scroll","background-type":"","background-media":"","overlay-type":"","overlay-color":"","overlay-opacity":"","overlay-gradient":""},"mobile":{"background-color":"var(--ast-global-color-5)","background-image":"","background-repeat":"repeat","background-position":"center center","background-size":"auto","background-attachment":"scroll","background-type":"","background-media":"","overlay-type":"","overlay-color":"","overlay-opacity":"","overlay-gradient":""}},"footnotes":""},"categories":[8],"tags":[44648,44614,9204,3775],"class_list":["post-113216","post","type-post","status-publish","format-standard","has-post-thumbnail","hentry","category-noticias","tag-avion-medico","tag-fundacion-michu-y-mau","tag-marina-de-mexico","tag-texas"],"_links":{"self":[{"href":"https:\/\/losperiodistas.com.mx\/portal\/wp-json\/wp\/v2\/posts\/113216","targetHints":{"allow":["GET"]}}],"collection":[{"href":"https:\/\/losperiodistas.com.mx\/portal\/wp-json\/wp\/v2\/posts"}],"about":[{"href":"https:\/\/losperiodistas.com.mx\/portal\/wp-json\/wp\/v2\/types\/post"}],"author":[{"embeddable":true,"href":"https:\/\/losperiodistas.com.mx\/portal\/wp-json\/wp\/v2\/users\/1"}],"replies":[{"embeddable":true,"href":"https:\/\/losperiodistas.com.mx\/portal\/wp-json\/wp\/v2\/comments?post=113216"}],"version-history":[{"count":1,"href":"https:\/\/losperiodistas.com.mx\/portal\/wp-json\/wp\/v2\/posts\/113216\/revisions"}],"predecessor-version":[{"id":113218,"href":"https:\/\/losperiodistas.com.mx\/portal\/wp-json\/wp\/v2\/posts\/113216\/revisions\/113218"}],"wp:featuredmedia":[{"embeddable":true,"href":"https:\/\/losperiodistas.com.mx\/portal\/wp-json\/wp\/v2\/media\/113217"}],"wp:attachment":[{"href":"https:\/\/losperiodistas.com.mx\/portal\/wp-json\/wp\/v2\/media?parent=113216"}],"wp:term":[{"taxonomy":"category","embeddable":true,"href":"https:\/\/losperiodistas.com.mx\/portal\/wp-json\/wp\/v2\/categories?post=113216"},{"taxonomy":"post_tag","embeddable":true,"href":"https:\/\/losperiodistas.com.mx\/portal\/wp-json\/wp\/v2\/tags?post=113216"}],"curies":[{"name":"wp","href":"https:\/\/api.w.org\/{rel}","templated":true}]}}