{"id":113205,"date":"2025-12-23T13:38:31","date_gmt":"2025-12-23T19:38:31","guid":{"rendered":"https:\/\/losperiodistas.com.mx\/portal\/?p=113205"},"modified":"2025-12-23T13:41:26","modified_gmt":"2025-12-23T19:41:26","slug":"navidad-en-focos-rojos-sheinbaum-cierra-2025-con-deuda-record-proceso","status":"publish","type":"post","link":"https:\/\/losperiodistas.com.mx\/portal\/navidad-en-focos-rojos-sheinbaum-cierra-2025-con-deuda-record-proceso\/","title":{"rendered":"Navidad en focos rojos: Sheinbaum cierra 2025 con deuda r\u00e9cord | Proceso"},"content":{"rendered":"\n<p class=\"has-light-green-cyan-background-color has-background has-medium-font-size\"><strong>Ni los gobiernos del PAN, ni los del PRI, ni siquiera el sexenio completo de Andr\u00e9s Manuel L\u00f3pez Obrador llevaron el endeudamiento a una proporci\u00f3n tan alta del PIB, aun cuando la tendencia ya era claramente ascendente.<\/strong><\/p>\n\n\n\n<p><\/p>\n\n\n\n<figure class=\"wp-block-image size-full\"><img fetchpriority=\"high\" decoding=\"async\" width=\"685\" height=\"385\" src=\"https:\/\/losperiodistas.com.mx\/portal\/wp-content\/uploads\/2025\/12\/f685x385-238340_276033_5533.webp\" alt=\"\" class=\"wp-image-113206\" srcset=\"https:\/\/losperiodistas.com.mx\/portal\/wp-content\/uploads\/2025\/12\/f685x385-238340_276033_5533.webp 685w, https:\/\/losperiodistas.com.mx\/portal\/wp-content\/uploads\/2025\/12\/f685x385-238340_276033_5533-300x169.webp 300w\" sizes=\"(max-width: 685px) 100vw, 685px\" \/><figcaption class=\"wp-element-caption\">Edgar Amador, secretario de Hacienda, en octubre pasado, durante la presentaci\u00f3n del informe sobre la Situaci\u00f3n Econ\u00f3mica, las Finanzas P\u00fablicas y la Deuda P\u00fablica durante el tercer trimestre. Foto: Cuartoscuro \/ Daniel Augusto<\/figcaption><\/figure>\n\n\n\n<p><\/p>\n\n\n\n<p class=\"has-vivid-red-color has-text-color has-link-color has-medium-font-size wp-elements-64bfe3012ad00bded6b7987e0bb680a6\"><strong><a href=\"https:\/\/www.proceso.com.mx\/autor\/camila-ayala-espinosa.html\">Por\u00a0Camila Ayala Espinosa<\/a> \/ Proceso<\/strong><\/p>\n\n\n\n<p><\/p>\n\n\n\n<p>CIUDAD DE M\u00c9XICO (apro).- El 2025, primer a\u00f1o completo con Claudia Sheinbaum Pardo al frente del gobierno federal, ser\u00e1 el a\u00f1o en que la deuda p\u00fablica alcance su mayor proporci\u00f3n respecto al tama\u00f1o de la econom\u00eda mexicana. Una Navidad menos festiva, porque el a\u00f1o termina m\u00e1s endeudado que nunca.<\/p>\n\n\n\n<p>De acuerdo con el Saldo Hist\u00f3rico de los Requerimientos Financieros del Sector P\u00fablico (SHRFSP), el indicador m\u00e1s amplio de la deuda p\u00fablica, el nivel proyectado para el cierre de 2025 no tiene precedente.<\/p>\n\n\n\n<p class=\"has-ast-global-color-4-background-color has-background\"><strong>Noticias Relacionadas<\/strong><\/p>\n\n\n\n<ul class=\"wp-block-list\">\n<li><a href=\"https:\/\/www.proceso.com.mx\/economia\/2025\/12\/22\/banamex-ve-que-la-deuda-de-mexico-se-dispare-60-del-pib-con-sheinbaum-365169.html\">Banamex ve que la deuda de M\u00e9xico se dispare a 60% del PIB con Sheinbaum<\/a><\/li>\n\n\n\n<li><a href=\"https:\/\/www.proceso.com.mx\/economia\/2025\/12\/16\/cfe-se-endeuda-por-mil-400-mdp-mientras-el-presupuesto-electrico-se-queda-corto-364843.html\">CFE se endeuda por 5 mil 400 mdp mientras el presupuesto el\u00e9ctrico se queda corto<\/a><\/li>\n\n\n\n<li><a href=\"https:\/\/www.proceso.com.mx\/economia\/2025\/12\/16\/amlo-apoyo-con-billones-de-pesos-pemex-sigue-como-la-mas-endeudada-imef-364831.html\">AMLO apoy\u00f3 con 3 billones de pesos a Pemex&#8230; y sigue como la m\u00e1s endeudada: IMEF<\/a><\/li>\n\n\n\n<li><a href=\"https:\/\/www.proceso.com.mx\/economia\/2025\/12\/9\/cdmx-toma-la-deuda-mas-grande-de-su-historia-para-el-cablebus-hereda-el-pago-dos-gobiernos-364361.html\">CDMX toma la deuda m\u00e1s grande de su historia para el Cableb\u00fas y hereda el pago a dos gobiernos<\/a><\/li>\n<\/ul>\n\n\n\n<p>Ni los gobiernos del PAN, ni los del PRI, ni siquiera el sexenio completo de Andr\u00e9s Manuel L\u00f3pez Obrador llevaron el endeudamiento a una proporci\u00f3n tan alta del PIB, aun cuando la tendencia ya era claramente ascendente.<\/p>\n\n\n\n<p>Seg\u00fan la Secretar\u00eda de Hacienda, en su Informe de Finanzas P\u00fablicas y Deuda P\u00fablica a octubre de 2025, la deuda del pa\u00eds cerrar\u00e1 el a\u00f1o en 53.6% del Producto Interno Bruto. Con 2025 tambi\u00e9n se consolida una trayectoria de crecimiento sostenido del endeudamiento p\u00fablico.<\/p>\n\n\n\n<p>En 2019, primer a\u00f1o del gobierno de L\u00f3pez Obrador, la deuda representaba 43.3% del PIB. Para 2025, el aumento acumulado es de 10 puntos porcentuales, una expansi\u00f3n significativa en apenas seis a\u00f1os.<\/p>\n\n\n\n<p>Si se retrocede en los sexenios anteriores, tambi\u00e9n se pueden ver los cambios de la deuda.<\/p>\n\n\n\n<p>En 2013, primer a\u00f1o del pri\u00edsta Enrique Pe\u00f1a Nieto, la deuda equival\u00eda a 38.4% del PIB. Durante el primer a\u00f1o del gobierno de Felipe Calder\u00f3n Hinojosa, del PAN, se ubicaba en 27.5% del PIB en 2007.<\/p>\n\n\n\n<p>Mientras que en 2001, al inicio del sexenio de Vicente Fox Quesada, era de 29.4% del PIB con el panista.<\/p>\n\n\n\n<h2 class=\"wp-block-heading\"><strong>Focos de alerta<\/strong><\/h2>\n\n\n\n<p>De acuerdo con an\u00e1lisis de distintos centros especializados, entre ellos Banamex y el Centro de Estudios Econ\u00f3micos del Sector Privado (CEESP), el cierre de 2025 y el panorama para 2026 deber\u00edan encender focos de alerta.<\/p>\n\n\n\n<p>La raz\u00f3n es clara: el margen fiscal del pa\u00eds se est\u00e1 reduciendo, lo que implica que cada vez se destinar\u00e1n m\u00e1s recursos al pago de la deuda y menos a la inversi\u00f3n, limitando la capacidad del Estado para impulsar crecimiento, infraestructura y desarrollo econ\u00f3mico en los pr\u00f3ximos a\u00f1os.<\/p>\n\n\n\n<p>Fuente: <a href=\"https:\/\/www.proceso.com.mx\/economia\/2025\/12\/23\/navidad-en-focos-rojos-sheinbaum-cierra-2025-con-deuda-record-365186.html\">https:\/\/www.proceso.com.mx\/economia\/2025\/12\/23\/navidad-en-focos-rojos-sheinbaum-cierra-2025-con-deuda-record-365186.html<\/a><\/p>\n\n\n\n<p><\/p>\n","protected":false},"excerpt":{"rendered":"<p>Ni los gobiernos del PAN, ni los del PRI, ni siquiera el sexenio completo de Andr\u00e9s Manuel L\u00f3pez Obrador llevaron [&hellip;]<\/p>\n","protected":false},"author":1,"featured_media":113206,"comment_status":"open","ping_status":"open","sticky":false,"template":"","format":"standard","meta":{"site-sidebar-layout":"default","site-content-layout":"","ast-site-content-layout":"default","site-content-style":"default","site-sidebar-style":"default","ast-global-header-display":"","ast-banner-title-visibility":"","ast-main-header-display":"","ast-hfb-above-header-display":"","ast-hfb-below-header-display":"","ast-hfb-mobile-header-display":"","site-post-title":"","ast-breadcrumbs-content":"","ast-featured-img":"","footer-sml-layout":"","theme-transparent-header-meta":"","adv-header-id-meta":"","stick-header-meta":"","header-above-stick-meta":"","header-main-stick-meta":"","header-below-stick-meta":"","astra-migrate-meta-layouts":"default","ast-page-background-enabled":"default","ast-page-background-meta":{"desktop":{"background-color":"var(--ast-global-color-4)","background-image":"","background-repeat":"repeat","background-position":"center center","background-size":"auto","background-attachment":"scroll","background-type":"","background-media":"","overlay-type":"","overlay-color":"","overlay-opacity":"","overlay-gradient":""},"tablet":{"background-color":"","background-image":"","background-repeat":"repeat","background-position":"center center","background-size":"auto","background-attachment":"scroll","background-type":"","background-media":"","overlay-type":"","overlay-color":"","overlay-opacity":"","overlay-gradient":""},"mobile":{"background-color":"","background-image":"","background-repeat":"repeat","background-position":"center center","background-size":"auto","background-attachment":"scroll","background-type":"","background-media":"","overlay-type":"","overlay-color":"","overlay-opacity":"","overlay-gradient":""}},"ast-content-background-meta":{"desktop":{"background-color":"var(--ast-global-color-5)","background-image":"","background-repeat":"repeat","background-position":"center center","background-size":"auto","background-attachment":"scroll","background-type":"","background-media":"","overlay-type":"","overlay-color":"","overlay-opacity":"","overlay-gradient":""},"tablet":{"background-color":"var(--ast-global-color-5)","background-image":"","background-repeat":"repeat","background-position":"center center","background-size":"auto","background-attachment":"scroll","background-type":"","background-media":"","overlay-type":"","overlay-color":"","overlay-opacity":"","overlay-gradient":""},"mobile":{"background-color":"var(--ast-global-color-5)","background-image":"","background-repeat":"repeat","background-position":"center center","background-size":"auto","background-attachment":"scroll","background-type":"","background-media":"","overlay-type":"","overlay-color":"","overlay-opacity":"","overlay-gradient":""}},"footnotes":""},"categories":[8],"tags":[44640,44644],"class_list":["post-113205","post","type-post","status-publish","format-standard","has-post-thumbnail","hentry","category-noticias","tag-saldo-historico-de-los-requerimientos-financieros-del-sector-publico","tag-shrfsp"],"_links":{"self":[{"href":"https:\/\/losperiodistas.com.mx\/portal\/wp-json\/wp\/v2\/posts\/113205","targetHints":{"allow":["GET"]}}],"collection":[{"href":"https:\/\/losperiodistas.com.mx\/portal\/wp-json\/wp\/v2\/posts"}],"about":[{"href":"https:\/\/losperiodistas.com.mx\/portal\/wp-json\/wp\/v2\/types\/post"}],"author":[{"embeddable":true,"href":"https:\/\/losperiodistas.com.mx\/portal\/wp-json\/wp\/v2\/users\/1"}],"replies":[{"embeddable":true,"href":"https:\/\/losperiodistas.com.mx\/portal\/wp-json\/wp\/v2\/comments?post=113205"}],"version-history":[{"count":1,"href":"https:\/\/losperiodistas.com.mx\/portal\/wp-json\/wp\/v2\/posts\/113205\/revisions"}],"predecessor-version":[{"id":113207,"href":"https:\/\/losperiodistas.com.mx\/portal\/wp-json\/wp\/v2\/posts\/113205\/revisions\/113207"}],"wp:featuredmedia":[{"embeddable":true,"href":"https:\/\/losperiodistas.com.mx\/portal\/wp-json\/wp\/v2\/media\/113206"}],"wp:attachment":[{"href":"https:\/\/losperiodistas.com.mx\/portal\/wp-json\/wp\/v2\/media?parent=113205"}],"wp:term":[{"taxonomy":"category","embeddable":true,"href":"https:\/\/losperiodistas.com.mx\/portal\/wp-json\/wp\/v2\/categories?post=113205"},{"taxonomy":"post_tag","embeddable":true,"href":"https:\/\/losperiodistas.com.mx\/portal\/wp-json\/wp\/v2\/tags?post=113205"}],"curies":[{"name":"wp","href":"https:\/\/api.w.org\/{rel}","templated":true}]}}