{"id":113200,"date":"2025-12-23T11:06:47","date_gmt":"2025-12-23T17:06:47","guid":{"rendered":"https:\/\/losperiodistas.com.mx\/portal\/?p=113200"},"modified":"2025-12-23T11:07:18","modified_gmt":"2025-12-23T17:07:18","slug":"opinion-la-fiesta-alegre-de-las-medicinas","status":"publish","type":"post","link":"https:\/\/losperiodistas.com.mx\/portal\/opinion-la-fiesta-alegre-de-las-medicinas\/","title":{"rendered":"Opini\u00f3n | La fiesta alegre de las medicinas\u2026"},"content":{"rendered":"\n<p class=\"has-medium-font-size\">*Invit\u00f3 la Cefalexina por la escasez y fiestas de fin de a\u00f1o<\/p>\n\n\n\n<figure class=\"wp-block-image size-large\"><img fetchpriority=\"high\" decoding=\"async\" width=\"1024\" height=\"683\" src=\"https:\/\/losperiodistas.com.mx\/portal\/wp-content\/uploads\/2025\/12\/LA-FIESTA-DE-LAS-MEDICINAS-1024x683.jpg\" alt=\"\" class=\"wp-image-113201\" srcset=\"https:\/\/losperiodistas.com.mx\/portal\/wp-content\/uploads\/2025\/12\/LA-FIESTA-DE-LAS-MEDICINAS-1024x683.jpg 1024w, https:\/\/losperiodistas.com.mx\/portal\/wp-content\/uploads\/2025\/12\/LA-FIESTA-DE-LAS-MEDICINAS-300x200.jpg 300w, https:\/\/losperiodistas.com.mx\/portal\/wp-content\/uploads\/2025\/12\/LA-FIESTA-DE-LAS-MEDICINAS-768x512.jpg 768w, https:\/\/losperiodistas.com.mx\/portal\/wp-content\/uploads\/2025\/12\/LA-FIESTA-DE-LAS-MEDICINAS-1536x1024.jpg 1536w, https:\/\/losperiodistas.com.mx\/portal\/wp-content\/uploads\/2025\/12\/LA-FIESTA-DE-LAS-MEDICINAS.jpg 1701w\" sizes=\"(max-width: 1024px) 100vw, 1024px\" \/><\/figure>\n\n\n\n<p class=\"has-vivid-red-color has-text-color has-link-color has-medium-font-size wp-elements-4865f9003ac6cfcf5a7f44570e7f0aa1\"><strong><em>Por Ra\u00fal Torres Salmer\u00f3n \/ Sin L\u00edmites<\/em><\/strong><\/p>\n\n\n\n<p>En estos tiempos de escasez de medicinas en los servicios p\u00fablicos federales y estatales de salud, unas medicinas que estaban a la espera de llegar a las instituciones mexicanas, se les ocurri\u00f3 hacer una gran fiesta.&nbsp;<\/p>\n\n\n\n<p>La Cefalexina decidi\u00f3 organizar una gran fiesta sorpresa en casa de la Amoxicilina con el pretexto de la escasez, para celebrar el cumplea\u00f1os 97 de la Penicilina, descubierta en 1928 y las festividades de Navidad y A\u00f1o Nuevo.<\/p>\n\n\n\n<p>La fiesta estuvo buen\u00edsima. Todos los remedios, sin distinci\u00f3n de laboratorios, fueron invitados.<\/p>\n\n\n\n<p>Hab\u00eda una gran cantidad de p\u00edldoras, comprimidos, c\u00e1psulas y grageas y todos se divirtieron como locos.<\/p>\n\n\n\n<p>Con gran puntualidad la mayor\u00eda de los invitados llegaron a la hora que los invitaron, salvo el Dafl\u00f3n y el Clopidogrel, que se encontraron con problemas de circulaci\u00f3n.<\/p>\n\n\n\n<p>La Buscapina, en el centro de la escena, discut\u00eda sus bondades con un par de hepato protectores.<\/p>\n\n\n\n<p>Los laxantes no dejaban de estar cerca de las entradas de los ba\u00f1os, pues a veces no llegaban a tiempo y sucedi\u00f3 durante toda la noche. En la otra punta, m\u00e1s secos, la Loperamida charlaba amenamente con un par de pastillas de carb\u00f3n vegetal.<\/p>\n\n\n\n<p>El Omeprazol, la Ranitidina y el Pantoprazol se turnaban para mantener controlado el fuego del asado, mientras que la Furosemida y el Lasix fueron responsables de mantener la fiesta bien regada durante toda la noche.<\/p>\n\n\n\n<p>La Atorvastatina la pas\u00f3 fenomenal, pero se cuid\u00f3 un poco con la comida porque ten\u00eda alto el colesterol.<\/p>\n\n\n\n<p>La Colchicina y el Alopurinol, en cambio, se dicen los vegetarianos, pero se comieron la carne asada como locos.<\/p>\n\n\n\n<p>La Ciproheptadina y la Buclizina com\u00edan de todo mientras la Sibutramina solo com\u00eda lechuga y tomate.<\/p>\n\n\n\n<p>El Sertal tambi\u00e9n comi\u00f3 y tom\u00f3 todo lo que encontr\u00f3 a su alcance.<\/p>\n\n\n\n<p>El coraz\u00f3n del Metoprolol lat\u00eda como loco. Hac\u00eda mucho que no iba a una fiesta.<\/p>\n\n\n\n<p>El Enalapril, el Valsart\u00e1n y el Amlodipino charlaron amenamente sin presiones toda la velada, mientras que el Paracetamol y el Ibuprofeno se la pasaron tratando de mantener controlada la elevada temperatura del lugar. Hay que destacar que el Paracetamol, ya pasado de copas se quej\u00f3 amargamente que el Tempra le hac\u00eda competencia. Muchas mam\u00e1s lo despreciaban. Les acompa\u00f1\u00f3 el Acetamidofeno.<\/p>\n\n\n\n<p>La Hyaback, la Acutears y el Systane, apenas conten\u00edan sus l\u00e1grimas de felicidad por la alegr\u00eda del festejo.<\/p>\n\n\n\n<p>A la Aspirina le dol\u00eda la cabeza de tanto barullo que met\u00edan los expectorantes y al Metamizol, tambi\u00e9n.<\/p>\n\n\n\n<p>Al Salbutanol, algo que bebi\u00f3 le cay\u00f3 mal, porque estuvo con problemas de respiraci\u00f3n.<\/p>\n\n\n\n<p>Los primos Clonazepam y Diazepam se quedaron dormidos. No estaban acostumbrados a tantas horas de fiesta. El Viagra, en cambio, estuvo toda la noche paradito en un rinc\u00f3n.<\/p>\n\n\n\n<p>La Dexametasona y el Prednisona animaban a todos a comer, no quer\u00edan que nadie se quedara con hambre y an\u00e9mico.<\/p>\n\n\n\n<p>La famosa Lidocaine, que lleg\u00f3 acompa\u00f1ada del Epinephrine, ven\u00edan desvelados y estuvieron dormidos toda la noche.<\/p>\n\n\n\n<p>El \u00c1cido Acetilsalic\u00edlico, hijo de do\u00f1a Ibuprofeno y don Paracetamol, hicieron un excelente tr\u00edo que actu\u00f3 previamente para evitar cualquier dolor peque\u00f1o. A cambio, dejaron entrar a la Code\u00edna, el Fentanilo y la Morfina con la condici\u00f3n que no intervinieran y estuvieron toda la fiesta en un rinc\u00f3n.<\/p>\n\n\n\n<p>Y el baile dur\u00f3 hasta altas horas de la madrugada. La nota graciosa de la noche la dieron los Supositorios de Bisacodilo, estaban envueltos y nadie se acomidi\u00f3 a ponerlos.<\/p>\n\n\n\n<p>Al otro d\u00eda, cuando ya todos se hab\u00edan ido, golpearon la puerta y apareci\u00f3 una pastilla.<\/p>\n\n\n\n<p>&#8211; Vengo a la fiesta \u2013 dijo.<\/p>\n\n\n\n<p>&#8211; Pero la fiesta fue ayer &#8211; le respondi\u00f3 el Metamucil, que estaba como pod\u00eda, tratando de sobrevivir a la cruda. &#8211; \u00bfY t\u00fa qui\u00e9n eres?<\/p>\n\n\n\n<p>&#8211; Soy la p\u00edldora del d\u00eda siguiente&#8230;<\/p>\n\n\n\n<p>En fin, como escribi\u00f3 Federico Garc\u00eda Lorca (Espa\u00f1a, 1898-1937), en su poema Hip\u00f3crates:<\/p>\n\n\n\n<p>Hip\u00f3crates<\/p>\n\n\n\n<p>te llamar\u00e9 en los d\u00edas<\/p>\n\n\n\n<p>de angustia y de fiebres.<\/p>\n\n\n\n<p>Alma que cura,<\/p>\n\n\n\n<p>alma que viste,<\/p>\n\n\n\n<p>alma que alienta<\/p>\n\n\n\n<p>y alma que muere.<\/p>\n\n\n\n<p>raultorress@hotmail.com<\/p>\n\n\n\n<hr class=\"wp-block-separator has-alpha-channel-opacity\"\/>\n\n\n\n<p><strong>+ OPINI\u00d3N : Las opiniones expresadas son responsabilidad del autor<\/strong><\/p>\n","protected":false},"excerpt":{"rendered":"<p>*Invit\u00f3 la Cefalexina por la escasez y fiestas de fin de a\u00f1o Por Ra\u00fal Torres Salmer\u00f3n \/ Sin L\u00edmites En [&hellip;]<\/p>\n","protected":false},"author":1,"featured_media":113201,"comment_status":"open","ping_status":"open","sticky":false,"template":"","format":"standard","meta":{"site-sidebar-layout":"default","site-content-layout":"","ast-site-content-layout":"default","site-content-style":"default","site-sidebar-style":"default","ast-global-header-display":"","ast-banner-title-visibility":"","ast-main-header-display":"","ast-hfb-above-header-display":"","ast-hfb-below-header-display":"","ast-hfb-mobile-header-display":"","site-post-title":"","ast-breadcrumbs-content":"","ast-featured-img":"","footer-sml-layout":"","theme-transparent-header-meta":"","adv-header-id-meta":"","stick-header-meta":"","header-above-stick-meta":"","header-main-stick-meta":"","header-below-stick-meta":"","astra-migrate-meta-layouts":"default","ast-page-background-enabled":"default","ast-page-background-meta":{"desktop":{"background-color":"var(--ast-global-color-4)","background-image":"","background-repeat":"repeat","background-position":"center center","background-size":"auto","background-attachment":"scroll","background-type":"","background-media":"","overlay-type":"","overlay-color":"","overlay-opacity":"","overlay-gradient":""},"tablet":{"background-color":"","background-image":"","background-repeat":"repeat","background-position":"center center","background-size":"auto","background-attachment":"scroll","background-type":"","background-media":"","overlay-type":"","overlay-color":"","overlay-opacity":"","overlay-gradient":""},"mobile":{"background-color":"","background-image":"","background-repeat":"repeat","background-position":"center center","background-size":"auto","background-attachment":"scroll","background-type":"","background-media":"","overlay-type":"","overlay-color":"","overlay-opacity":"","overlay-gradient":""}},"ast-content-background-meta":{"desktop":{"background-color":"var(--ast-global-color-5)","background-image":"","background-repeat":"repeat","background-position":"center center","background-size":"auto","background-attachment":"scroll","background-type":"","background-media":"","overlay-type":"","overlay-color":"","overlay-opacity":"","overlay-gradient":""},"tablet":{"background-color":"var(--ast-global-color-5)","background-image":"","background-repeat":"repeat","background-position":"center center","background-size":"auto","background-attachment":"scroll","background-type":"","background-media":"","overlay-type":"","overlay-color":"","overlay-opacity":"","overlay-gradient":""},"mobile":{"background-color":"var(--ast-global-color-5)","background-image":"","background-repeat":"repeat","background-position":"center center","background-size":"auto","background-attachment":"scroll","background-type":"","background-media":"","overlay-type":"","overlay-color":"","overlay-opacity":"","overlay-gradient":""}},"footnotes":""},"categories":[8,22,19],"tags":[44638,44635,44637,44639],"class_list":["post-113200","post","type-post","status-publish","format-standard","has-post-thumbnail","hentry","category-noticias","category-opinion-invitada","category-sin-limites-2","tag-amlodipino","tag-historia-de-medicamentos","tag-penicilina","tag-valsartan"],"_links":{"self":[{"href":"https:\/\/losperiodistas.com.mx\/portal\/wp-json\/wp\/v2\/posts\/113200","targetHints":{"allow":["GET"]}}],"collection":[{"href":"https:\/\/losperiodistas.com.mx\/portal\/wp-json\/wp\/v2\/posts"}],"about":[{"href":"https:\/\/losperiodistas.com.mx\/portal\/wp-json\/wp\/v2\/types\/post"}],"author":[{"embeddable":true,"href":"https:\/\/losperiodistas.com.mx\/portal\/wp-json\/wp\/v2\/users\/1"}],"replies":[{"embeddable":true,"href":"https:\/\/losperiodistas.com.mx\/portal\/wp-json\/wp\/v2\/comments?post=113200"}],"version-history":[{"count":1,"href":"https:\/\/losperiodistas.com.mx\/portal\/wp-json\/wp\/v2\/posts\/113200\/revisions"}],"predecessor-version":[{"id":113202,"href":"https:\/\/losperiodistas.com.mx\/portal\/wp-json\/wp\/v2\/posts\/113200\/revisions\/113202"}],"wp:featuredmedia":[{"embeddable":true,"href":"https:\/\/losperiodistas.com.mx\/portal\/wp-json\/wp\/v2\/media\/113201"}],"wp:attachment":[{"href":"https:\/\/losperiodistas.com.mx\/portal\/wp-json\/wp\/v2\/media?parent=113200"}],"wp:term":[{"taxonomy":"category","embeddable":true,"href":"https:\/\/losperiodistas.com.mx\/portal\/wp-json\/wp\/v2\/categories?post=113200"},{"taxonomy":"post_tag","embeddable":true,"href":"https:\/\/losperiodistas.com.mx\/portal\/wp-json\/wp\/v2\/tags?post=113200"}],"curies":[{"name":"wp","href":"https:\/\/api.w.org\/{rel}","templated":true}]}}