{"id":113192,"date":"2025-12-23T09:30:50","date_gmt":"2025-12-23T15:30:50","guid":{"rendered":"https:\/\/losperiodistas.com.mx\/portal\/?p=113192"},"modified":"2025-12-23T09:30:51","modified_gmt":"2025-12-23T15:30:51","slug":"las-mujeres-indigenas-bolivianas-llevan-la-historia-y-el-orgullo-en-la-tradicional-pollera-ap","status":"publish","type":"post","link":"https:\/\/losperiodistas.com.mx\/portal\/las-mujeres-indigenas-bolivianas-llevan-la-historia-y-el-orgullo-en-la-tradicional-pollera-ap\/","title":{"rendered":"Las mujeres ind\u00edgenas bolivianas llevan la historia y el orgullo en la tradicional pollera | AP"},"content":{"rendered":"\n<figure class=\"wp-block-image size-large\"><img fetchpriority=\"high\" decoding=\"async\" width=\"1024\" height=\"683\" src=\"https:\/\/losperiodistas.com.mx\/portal\/wp-content\/uploads\/2025\/12\/descarga-8-1024x683.webp\" alt=\"\" class=\"wp-image-113193\" srcset=\"https:\/\/losperiodistas.com.mx\/portal\/wp-content\/uploads\/2025\/12\/descarga-8-1024x683.webp 1024w, https:\/\/losperiodistas.com.mx\/portal\/wp-content\/uploads\/2025\/12\/descarga-8-300x200.webp 300w, https:\/\/losperiodistas.com.mx\/portal\/wp-content\/uploads\/2025\/12\/descarga-8-768x512.webp 768w, https:\/\/losperiodistas.com.mx\/portal\/wp-content\/uploads\/2025\/12\/descarga-8.webp 1440w\" sizes=\"(max-width: 1024px) 100vw, 1024px\" \/><figcaption class=\"wp-element-caption\">Fernanda Romero lucha durante un espect\u00e1culo de lucha libre con entrada en El Alto, Bolivia, el s\u00e1bado 3 de mayo de 2025. (Foto AP\/Juan Karita)<\/figcaption><\/figure>\n\n\n\n<p>\u00a0<\/p>\n\n\n\n<p class=\"has-vivid-red-color has-text-color has-link-color has-medium-font-size wp-elements-3efa1dfd6fa47d83a305c79e4ce26d8a\"><strong>Por <a href=\"https:\/\/apnews.com\/author\/juan-karita\">Juan Karita<\/a> \/ AP<\/strong><\/p>\n\n\n\n<p>LA PAZ, Bolivia (AP) \u2014 Antes de partir hacia la amplia y blanca monta\u00f1a, Ana Lia Gonz\u00e1lez Magui\u00f1a revis\u00f3 su equipo: Un su\u00e9ter grueso para protegerse del fr\u00edo. Un arn\u00e9s y una cuerda de escalada para escalar la cima de 6.000 metros de una de las monta\u00f1as m\u00e1s altas&nbsp;<a href=\"https:\/\/apnews.com\/hub\/bolivia\">de Bolivia<\/a>&nbsp;. Gafas de aviador para protegerse del brillante sol de la sierra.<\/p>\n\n\n\n<p>Y lo m\u00e1s importante,&nbsp;<a href=\"https:\/\/apnews.com\/photo-gallery\/bolivia-pollera-skirt-indigenous-women-5e47f3f80f69ce7d82b94734110d1e9a\">una falda voluminosa de color rosa intenso<\/a>&nbsp;.<\/p>\n\n\n\n<p>La pollera, con enaguas a capas, es el vestido tradicional de las&nbsp;<a href=\"https:\/\/apnews.com\/article\/bolivia-indigenous-morales-andean-aymara-fashion-a1d8b5bfa1414bd54fa2ef1ae181cf65\">mujeres ind\u00edgenas del altiplano boliviano<\/a>&nbsp;. Impuesta hace siglos por los colonizadores espa\u00f1oles, la pollera, de estilo antiguo, ha sido reinterpretada con telas locales de ricos estampados y recuperada como motivo de orgullo e identidad en el \u00fanico&nbsp;<a href=\"https:\/\/apnews.com\/349a91e1794b4aafa30ee6f41fa4fc6a\">pa\u00eds de mayor\u00eda ind\u00edgena<\/a>&nbsp;de la regi\u00f3n .<\/p>\n\n\n\n<figure class=\"wp-block-image size-large\"><img decoding=\"async\" width=\"1024\" height=\"683\" src=\"https:\/\/losperiodistas.com.mx\/portal\/wp-content\/uploads\/2025\/12\/descarga-3-2-1024x683.webp\" alt=\"\" class=\"wp-image-113194\" srcset=\"https:\/\/losperiodistas.com.mx\/portal\/wp-content\/uploads\/2025\/12\/descarga-3-2-1024x683.webp 1024w, https:\/\/losperiodistas.com.mx\/portal\/wp-content\/uploads\/2025\/12\/descarga-3-2-300x200.webp 300w, https:\/\/losperiodistas.com.mx\/portal\/wp-content\/uploads\/2025\/12\/descarga-3-2-768x512.webp 768w, https:\/\/losperiodistas.com.mx\/portal\/wp-content\/uploads\/2025\/12\/descarga-3-2.webp 1440w\" sizes=\"(max-width: 1024px) 100vw, 1024px\" \/><figcaption class=\"wp-element-caption\">La gu\u00eda de monta\u00f1a Ana L\u00eda Gonz\u00e1lez escala el glaciar Huayna Potos\u00ed cerca de El Alto, el lunes 14 de abril de 2025. (Foto\/AP Juan Karita)<\/figcaption><\/figure>\n\n\n\n<p>En lugar de ver la falda dif\u00edcil de manejar como un obst\u00e1culo para el trabajo f\u00edsicamente exigente en campos dominados por los hombres,&nbsp;<a href=\"https:\/\/apnews.com\/article\/bolivia-cholitas-climbers-glaciers-melt-climate-change-72e7cddf3f6234abf441a207c9087888\">las mujeres ind\u00edgenas andinas<\/a>&nbsp;, llamadas \u201ccholitas\u201d, insisten en que su falta de voluntad para adaptarse al estilo contempor\u00e1neo no tiene ning\u00fan costo para su comodidad o sus capacidades.<\/p>\n\n\n\n<p>\u201cNuestro deporte es exigente, es s\u00faper duro. As\u00ed que practicarlo en pollera representa esa fortaleza; se trata de valorar nuestras ra\u00edces\u201d, dijo Gonz\u00e1lez Magui\u00f1a, de 40 a\u00f1os, alpinista profesional, de pie frente al\u00a0<a href=\"https:\/\/apnews.com\/general-news-dc6c391993a841818efd28921e6ffcfb\">nevado Huayna Potos\u00ed<\/a>\u00a0, justo al norte de La Paz, la capital administrativa de Bolivia. \u201cNo es para presumir\u201d. <\/p>\n\n\n\n<p><a href=\"https:\/\/apnews.com\/article\/bolivia-luis-arce-arrested-corruption-evo-morales-rodrigo-paz-6a6b1ea5a561fb1dc94d873aad8b6d69\"><\/a><\/p>\n\n\n\n<p><\/p>\n\n\n\n<p>Mineros, patinadores, escaladores, jugadores de f\u00fatbol y luchadores vestidos con polleras en toda Bolivia se hicieron eco de ese sentimiento en las entrevistas, describiendo su adopci\u00f3n de polleras para todos los prop\u00f3sitos profesionales y f\u00edsicos como un acto de empoderamiento.<\/p>\n\n\n\n<p>\u201cNosotras, las mujeres de pollera, queremos seguir adelante\u201d, dijo Macaria Alejandro, una minera de 48 a\u00f1os del estado occidental boliviano de Oruro, con su pollera manchada de tierra y polvo tras un d\u00eda de trabajo bajo tierra. \u201cAs\u00ed trabajo y as\u00ed me pongo para mis hijos\u201d.<\/p>\n\n\n\n<p>Pero muchos tambi\u00e9n describieron el momento actual como uno de incertidumbre para las mujeres que usan polleras en Bolivia bajo el primer gobierno conservador del pa\u00eds en casi dos d\u00e9cadas.<\/p>\n\n\n\n<figure class=\"wp-block-image size-large\"><img decoding=\"async\" width=\"1024\" height=\"683\" src=\"https:\/\/losperiodistas.com.mx\/portal\/wp-content\/uploads\/2025\/12\/descarga-1-2-1024x683.webp\" alt=\"\" class=\"wp-image-113195\" srcset=\"https:\/\/losperiodistas.com.mx\/portal\/wp-content\/uploads\/2025\/12\/descarga-1-2-1024x683.webp 1024w, https:\/\/losperiodistas.com.mx\/portal\/wp-content\/uploads\/2025\/12\/descarga-1-2-300x200.webp 300w, https:\/\/losperiodistas.com.mx\/portal\/wp-content\/uploads\/2025\/12\/descarga-1-2-768x512.webp 768w, https:\/\/losperiodistas.com.mx\/portal\/wp-content\/uploads\/2025\/12\/descarga-1-2.webp 1440w\" sizes=\"(max-width: 1024px) 100vw, 1024px\" \/><figcaption class=\"wp-element-caption\">Una abuela aymara pasa el bal\u00f3n durante un calentamiento antes del inicio de un partido de balonmano en El Alto, Bolivia, el 9 de diciembre de 2025. (Foto AP \/ Juan Karita, Archivo)<\/figcaption><\/figure>\n\n\n\n<p><\/p>\n\n\n\n<p><a href=\"https:\/\/apnews.com\/article\/bolivia-rodrigo-paz-election-quiroga-530aee50c6d63281941079460891da4f\">El presidente de centroderecha Rodrigo Paz<\/a>&nbsp;asumi\u00f3 el cargo el mes pasado mientras la econom\u00eda de Bolivia se encontraba en crisis, poniendo fin a una larga era de gobierno marcada por el carism\u00e1tico Evo Morales (2006-2019), el primer presidente ind\u00edgena de Bolivia que prioriz\u00f3 a las poblaciones ind\u00edgenas y rurales en un pa\u00eds que hab\u00eda sido gobernado durante siglos por una \u00e9lite mayoritariamente blanca.<\/p>\n\n\n\n<p>Mediante una nueva constituci\u00f3n, Morales cambi\u00f3 el nombre de la naci\u00f3n de Rep\u00fablica de Bolivia a Estado Plurinacional de Bolivia y adopt\u00f3 el s\u00edmbolo ind\u00edgena de la wiphala \u2014un tablero de ajedrez de colores brillantes\u2014 como emblema equivalente a la bandera nacional. Por primera vez, ministros y funcionarios con polleras ocuparon los pasillos del poder.<\/p>\n\n\n\n<p>Pero la desilusi\u00f3n con el partido Movimiento al Socialismo de Morales creci\u00f3, especialmente bajo el gobierno de su antiguo aliado, el ex presidente Luis Arce, quien&nbsp;<a href=\"https:\/\/apnews.com\/article\/bolivia-luis-arce-arrested-corruption-65566acd1d5cacbd9d650c40394da631\">fue arrestado a principios de este mes<\/a>&nbsp;por acusaciones de haber desviado dinero de un fondo estatal destinado a apoyar a las comunidades ind\u00edgenas.<\/p>\n\n\n\n<p>Algunas cholitas ahora se preguntan hasta d\u00f3nde llegar\u00e1 ese cambio y temen que pueda extenderse a sus derechos duramente ganados a pesar de las promesas de Paz de lo contrario.<\/p>\n\n\n\n<p>Describen sentirse abandonados por un gobierno sin miembros ind\u00edgenas. Les preocupan las consecuencias de que el ej\u00e9rcito eliminara los s\u00edmbolos ind\u00edgenas de su logotipo el mes pasado y de que el gobierno decidiera dejar de ondear la wiphala en el palacio presidencial, como era una tradici\u00f3n de larga data.<\/p>\n\n\n\n<p>\u201cSiento que el gobierno no nos toma en cuenta\u201d, dijo Alejandro, el minero. \u201cNecesit\u00e1bamos un cambio. La econom\u00eda debe mejorar. Pero es triste ver que no hay gente poderosa con polleras. Lo veo como discriminaci\u00f3n\u201d.<\/p>\n\n\n\n<p>Pero Gonz\u00e1lez Magui\u00f1a dijo que todav\u00eda ten\u00eda esperanza, dado lo lejos que hab\u00edan llegado las mujeres ind\u00edgenas.<\/p>\n\n\n\n<p>\u201cYa tenemos la fuerza y \u200b\u200btodo lo que conlleva\u201d, dijo. \u201cSin duda, vamos a tocar las puertas de este nuevo gobierno\u201d.<\/p>\n\n\n\n<p>Fuente: <a href=\"https:\/\/apnews.com\/article\/bolivia-pollera-skirt-indigenous-women-bb3df64d9dd9b9782dda19f3320e6b4d\">https:\/\/apnews.com\/article\/bolivia-pollera-skirt-indigenous-women-bb3df64d9dd9b9782dda19f3320e6b4d<\/a><\/p>\n","protected":false},"excerpt":{"rendered":"<p>\u00a0 Por Juan Karita \/ AP LA PAZ, Bolivia (AP) \u2014 Antes de partir hacia la amplia y blanca monta\u00f1a, [&hellip;]<\/p>\n","protected":false},"author":1,"featured_media":113193,"comment_status":"open","ping_status":"open","sticky":false,"template":"","format":"standard","meta":{"site-sidebar-layout":"default","site-content-layout":"","ast-site-content-layout":"default","site-content-style":"default","site-sidebar-style":"default","ast-global-header-display":"","ast-banner-title-visibility":"","ast-main-header-display":"","ast-hfb-above-header-display":"","ast-hfb-below-header-display":"","ast-hfb-mobile-header-display":"","site-post-title":"","ast-breadcrumbs-content":"","ast-featured-img":"","footer-sml-layout":"","theme-transparent-header-meta":"","adv-header-id-meta":"","stick-header-meta":"","header-above-stick-meta":"","header-main-stick-meta":"","header-below-stick-meta":"","astra-migrate-meta-layouts":"default","ast-page-background-enabled":"default","ast-page-background-meta":{"desktop":{"background-color":"var(--ast-global-color-4)","background-image":"","background-repeat":"repeat","background-position":"center center","background-size":"auto","background-attachment":"scroll","background-type":"","background-media":"","overlay-type":"","overlay-color":"","overlay-opacity":"","overlay-gradient":""},"tablet":{"background-color":"","background-image":"","background-repeat":"repeat","background-position":"center center","background-size":"auto","background-attachment":"scroll","background-type":"","background-media":"","overlay-type":"","overlay-color":"","overlay-opacity":"","overlay-gradient":""},"mobile":{"background-color":"","background-image":"","background-repeat":"repeat","background-position":"center center","background-size":"auto","background-attachment":"scroll","background-type":"","background-media":"","overlay-type":"","overlay-color":"","overlay-opacity":"","overlay-gradient":""}},"ast-content-background-meta":{"desktop":{"background-color":"var(--ast-global-color-5)","background-image":"","background-repeat":"repeat","background-position":"center center","background-size":"auto","background-attachment":"scroll","background-type":"","background-media":"","overlay-type":"","overlay-color":"","overlay-opacity":"","overlay-gradient":""},"tablet":{"background-color":"var(--ast-global-color-5)","background-image":"","background-repeat":"repeat","background-position":"center center","background-size":"auto","background-attachment":"scroll","background-type":"","background-media":"","overlay-type":"","overlay-color":"","overlay-opacity":"","overlay-gradient":""},"mobile":{"background-color":"var(--ast-global-color-5)","background-image":"","background-repeat":"repeat","background-position":"center center","background-size":"auto","background-attachment":"scroll","background-type":"","background-media":"","overlay-type":"","overlay-color":"","overlay-opacity":"","overlay-gradient":""}},"footnotes":""},"categories":[8],"tags":[44630,44629,44631,44628],"class_list":["post-113192","post","type-post","status-publish","format-standard","has-post-thumbnail","hentry","category-noticias","tag-falda-voluminosa-de-bolivia","tag-la-pollera","tag-tradiciones-bolivia","tag-vestimenta-boliviana"],"_links":{"self":[{"href":"https:\/\/losperiodistas.com.mx\/portal\/wp-json\/wp\/v2\/posts\/113192","targetHints":{"allow":["GET"]}}],"collection":[{"href":"https:\/\/losperiodistas.com.mx\/portal\/wp-json\/wp\/v2\/posts"}],"about":[{"href":"https:\/\/losperiodistas.com.mx\/portal\/wp-json\/wp\/v2\/types\/post"}],"author":[{"embeddable":true,"href":"https:\/\/losperiodistas.com.mx\/portal\/wp-json\/wp\/v2\/users\/1"}],"replies":[{"embeddable":true,"href":"https:\/\/losperiodistas.com.mx\/portal\/wp-json\/wp\/v2\/comments?post=113192"}],"version-history":[{"count":1,"href":"https:\/\/losperiodistas.com.mx\/portal\/wp-json\/wp\/v2\/posts\/113192\/revisions"}],"predecessor-version":[{"id":113196,"href":"https:\/\/losperiodistas.com.mx\/portal\/wp-json\/wp\/v2\/posts\/113192\/revisions\/113196"}],"wp:featuredmedia":[{"embeddable":true,"href":"https:\/\/losperiodistas.com.mx\/portal\/wp-json\/wp\/v2\/media\/113193"}],"wp:attachment":[{"href":"https:\/\/losperiodistas.com.mx\/portal\/wp-json\/wp\/v2\/media?parent=113192"}],"wp:term":[{"taxonomy":"category","embeddable":true,"href":"https:\/\/losperiodistas.com.mx\/portal\/wp-json\/wp\/v2\/categories?post=113192"},{"taxonomy":"post_tag","embeddable":true,"href":"https:\/\/losperiodistas.com.mx\/portal\/wp-json\/wp\/v2\/tags?post=113192"}],"curies":[{"name":"wp","href":"https:\/\/api.w.org\/{rel}","templated":true}]}}