{"id":113188,"date":"2025-12-23T09:08:34","date_gmt":"2025-12-23T15:08:34","guid":{"rendered":"https:\/\/losperiodistas.com.mx\/portal\/?p=113188"},"modified":"2025-12-23T09:08:36","modified_gmt":"2025-12-23T15:08:36","slug":"el-cantante-barry-manilow-anuncia-que-padece-cancer-de-pulmon-y-aplaza-sus-conciertos-en-ee-uu-telecinco","status":"publish","type":"post","link":"https:\/\/losperiodistas.com.mx\/portal\/el-cantante-barry-manilow-anuncia-que-padece-cancer-de-pulmon-y-aplaza-sus-conciertos-en-ee-uu-telecinco\/","title":{"rendered":"El cantante Barry Manilow anuncia que padece c\u00e1ncer de pulm\u00f3n y aplaza sus conciertos en EE.UU. | Telecinco"},"content":{"rendered":"\n<p class=\"has-background has-medium-font-size\" style=\"background-color:#f78da8c4\">En un comunicado difundido en sus redes sociales ha explicado que recibi\u00f3 el diagn\u00f3stico de forma fortuita tras pasar varias semanas con problemas respiratorios<\/p>\n\n\n\n<figure class=\"wp-block-image size-large\"><img fetchpriority=\"high\" decoding=\"async\" width=\"1024\" height=\"576\" src=\"https:\/\/losperiodistas.com.mx\/portal\/wp-content\/uploads\/2025\/12\/foto-de-archivo-de-barry-manilow-en-un-concierto-16-9-aspect-ratio-default-1026996_da39-1024x576.webp\" alt=\"\" class=\"wp-image-113189\" title=\"Foto de archivo de Barry Manilow en un concierto\" srcset=\"https:\/\/losperiodistas.com.mx\/portal\/wp-content\/uploads\/2025\/12\/foto-de-archivo-de-barry-manilow-en-un-concierto-16-9-aspect-ratio-default-1026996_da39-1024x576.webp 1024w, https:\/\/losperiodistas.com.mx\/portal\/wp-content\/uploads\/2025\/12\/foto-de-archivo-de-barry-manilow-en-un-concierto-16-9-aspect-ratio-default-1026996_da39-300x169.webp 300w, https:\/\/losperiodistas.com.mx\/portal\/wp-content\/uploads\/2025\/12\/foto-de-archivo-de-barry-manilow-en-un-concierto-16-9-aspect-ratio-default-1026996_da39-768x432.webp 768w, https:\/\/losperiodistas.com.mx\/portal\/wp-content\/uploads\/2025\/12\/foto-de-archivo-de-barry-manilow-en-un-concierto-16-9-aspect-ratio-default-1026996_da39.webp 1200w\" sizes=\"(max-width: 1024px) 100vw, 1024px\" \/><figcaption class=\"wp-element-caption\">Foto de archivo de Barry Manilow en un concierto.&nbsp;PA \/ Cordon Press<\/figcaption><\/figure>\n\n\n\n<p><a href=\"https:\/\/www.telecinco.es\/autores\/agencia-efe\/#utm_source=autor\"><\/a><\/p>\n\n\n\n<p class=\"has-vivid-red-color has-text-color has-link-color has-medium-font-size wp-elements-157ae174bc43fcf99ac378cc7518f6d1\"><strong><a href=\"https:\/\/www.telecinco.es\/autores\/agencia-efe\/#utm_source=autor\">Agencia EFE<\/a> \/ Telecinco<\/strong><\/p>\n\n\n\n<p>El&nbsp;<strong>cantante neoyorquino Barry Manilow<\/strong>, de 82 a\u00f1os, anunci\u00f3 este lunes que fue&nbsp;<strong>diagnosticado con c\u00e1ncer de pulm\u00f3n<\/strong>&nbsp;y que deber\u00e1 someterse a una intervenci\u00f3n quir\u00fargica, lo que le ha llevado a&nbsp;<strong>reprogramar varios conciertos<\/strong>&nbsp;que ten\u00eda previstos para el mes de enero.<\/p>\n\n\n\n<p>En un comunicado difundido en sus redes sociales, el int\u00e9rprete de \u00e9xitos como &#8216;Copacabana&#8217; y &#8216;Mandy&#8217; ha explicado que<strong>\u00a0recibi\u00f3 el diagn\u00f3stico de forma fortuita<\/strong>\u00a0tras pasar varias semanas con\u00a0<strong>problemas respiratorios<\/strong>.<\/p>\n\n\n\n<p>\u00abComo muchos saben, pas\u00e9 recientemente seis semanas con bronquitis, seguidas de una reca\u00edda de otras cinco semanas\u00bb, se\u00f1al\u00f3 Manilow, y agreg\u00f3 que pese a haberse recuperado y regresado a los escenarios, su m\u00e9dico orden\u00f3&nbsp;<strong>una resonancia magn\u00e9tica<\/strong>&nbsp;para asegurarse de que todo estaba bien. La prueba detect\u00f3 \u00ab<strong>un punto canceroso<\/strong>\u00bb en su pulm\u00f3n izquierdo que, seg\u00fan los m\u00e9dicos, deben extirparle.<\/p>\n\n\n\n<p>\u00abEs pura suerte -y un gran m\u00e9dico- que se haya\u00a0<strong>encontrado tan pronto<\/strong>\u00ab, afirm\u00f3 el artista, quien subray\u00f3 que los especialistas\u00a0<strong>no creen que el c\u00e1ncer se haya propagado<\/strong>. \u00abNo habr\u00e1 quimioterapia ni radiaci\u00f3n. Solo sopa de pollo y reposiciones de &#8216;I Love Lucy'\u00bb, brome\u00f3 en Instagram. <\/p>\n\n\n\n<figure class=\"wp-block-image size-large\"><img decoding=\"async\" width=\"955\" height=\"1024\" src=\"https:\/\/losperiodistas.com.mx\/portal\/wp-content\/uploads\/2025\/12\/Captura-de-pantalla-2025-12-23-a-las-9.06.20-955x1024.png\" alt=\"\" class=\"wp-image-113190\" srcset=\"https:\/\/losperiodistas.com.mx\/portal\/wp-content\/uploads\/2025\/12\/Captura-de-pantalla-2025-12-23-a-las-9.06.20-955x1024.png 955w, https:\/\/losperiodistas.com.mx\/portal\/wp-content\/uploads\/2025\/12\/Captura-de-pantalla-2025-12-23-a-las-9.06.20-280x300.png 280w, https:\/\/losperiodistas.com.mx\/portal\/wp-content\/uploads\/2025\/12\/Captura-de-pantalla-2025-12-23-a-las-9.06.20-768x823.png 768w, https:\/\/losperiodistas.com.mx\/portal\/wp-content\/uploads\/2025\/12\/Captura-de-pantalla-2025-12-23-a-las-9.06.20.png 1384w\" sizes=\"(max-width: 955px) 100vw, 955px\" \/><figcaption class=\"wp-element-caption\"><strong><a href=\"https:\/\/www.instagram.com\/p\/DSkevRHFPfU\/?utm_source=ig_web_copy_link&amp;igsh=NTc4MTIwNjQ2YQ==\">VER EN INSTAGRAM<\/a><\/strong><\/figcaption><\/figure>\n\n\n\n<h2 class=\"wp-block-heading\">Barry Manilow espera volver para San Valent\u00edn<\/h2>\n\n\n\n<p>Manilow debe<strong>&nbsp;operarse a finales de diciembre<\/strong>&nbsp;y tendr\u00e1 que guardar aproximadamente un mes de recuperaci\u00f3n tras la cirug\u00eda, con lo que los<strong>&nbsp;conciertos que ten\u00eda programados&nbsp;<\/strong>en Estados Unidos para enero se&nbsp;<strong>aplazar\u00e1n a entre febrero y abril<\/strong>.<\/p>\n\n\n\n<p>El cantante pidi\u00f3 disculpas a sus seguidores por el cambio de fechas: \u00abSiento mucho que tengan que modificar sus planes\u00bb, escribi\u00f3, al tiempo que asegur\u00f3 que espera regresar a los escenarios en febrero, coincidiendo con su tradicional fin de semana de San Valent\u00edn en Las Vegas, donde mantiene una residencia permanente.<\/p>\n\n\n\n<p>Asimismo, el artista aprovech\u00f3 tambi\u00e9n para desear felices fiestas a sus seguidores y<strong>&nbsp;anim\u00f3 a todos a someterse a revisiones m\u00e9dicas<\/strong>&nbsp;\u00abante el m\u00e1s m\u00ednimo s\u00edntoma\u00bb.<\/p>\n\n\n\n<p>Manilow alcanz\u00f3 la fama internacional en la d\u00e9cada de 1970 gracias a una serie de \u00e9xitos que lo convirtieron en una de las figuras m\u00e1s populares del pop estadounidense, entre ellos &#8216;Mandy&#8217;, &#8216;Copacabana&#8217; y &#8216;Can&#8217;t Smile Without you&#8217;, con un estilo mel\u00f3dico que vendi\u00f3 decenas de millones de discos y consolid\u00f3 una carrera de m\u00e1s de cinco d\u00e9cadas.<\/p>\n\n\n\n<p>Fuente: <a href=\"https:\/\/www.telecinco.es\/noticias\/cultura\/20251223\/barry-manilow-padece-cancer-aplaza-conciertos_18_017933691.html\">https:\/\/www.telecinco.es\/noticias\/cultura\/20251223\/barry-manilow-padece-cancer-aplaza-conciertos_18_017933691.html<\/a><\/p>\n","protected":false},"excerpt":{"rendered":"<p>En un comunicado difundido en sus redes sociales ha explicado que recibi\u00f3 el diagn\u00f3stico de forma fortuita tras pasar varias [&hellip;]<\/p>\n","protected":false},"author":1,"featured_media":113189,"comment_status":"open","ping_status":"open","sticky":false,"template":"","format":"standard","meta":{"site-sidebar-layout":"default","site-content-layout":"","ast-site-content-layout":"default","site-content-style":"default","site-sidebar-style":"default","ast-global-header-display":"","ast-banner-title-visibility":"","ast-main-header-display":"","ast-hfb-above-header-display":"","ast-hfb-below-header-display":"","ast-hfb-mobile-header-display":"","site-post-title":"","ast-breadcrumbs-content":"","ast-featured-img":"","footer-sml-layout":"","theme-transparent-header-meta":"","adv-header-id-meta":"","stick-header-meta":"","header-above-stick-meta":"","header-main-stick-meta":"","header-below-stick-meta":"","astra-migrate-meta-layouts":"default","ast-page-background-enabled":"default","ast-page-background-meta":{"desktop":{"background-color":"var(--ast-global-color-4)","background-image":"","background-repeat":"repeat","background-position":"center center","background-size":"auto","background-attachment":"scroll","background-type":"","background-media":"","overlay-type":"","overlay-color":"","overlay-opacity":"","overlay-gradient":""},"tablet":{"background-color":"","background-image":"","background-repeat":"repeat","background-position":"center center","background-size":"auto","background-attachment":"scroll","background-type":"","background-media":"","overlay-type":"","overlay-color":"","overlay-opacity":"","overlay-gradient":""},"mobile":{"background-color":"","background-image":"","background-repeat":"repeat","background-position":"center center","background-size":"auto","background-attachment":"scroll","background-type":"","background-media":"","overlay-type":"","overlay-color":"","overlay-opacity":"","overlay-gradient":""}},"ast-content-background-meta":{"desktop":{"background-color":"var(--ast-global-color-5)","background-image":"","background-repeat":"repeat","background-position":"center center","background-size":"auto","background-attachment":"scroll","background-type":"","background-media":"","overlay-type":"","overlay-color":"","overlay-opacity":"","overlay-gradient":""},"tablet":{"background-color":"var(--ast-global-color-5)","background-image":"","background-repeat":"repeat","background-position":"center center","background-size":"auto","background-attachment":"scroll","background-type":"","background-media":"","overlay-type":"","overlay-color":"","overlay-opacity":"","overlay-gradient":""},"mobile":{"background-color":"var(--ast-global-color-5)","background-image":"","background-repeat":"repeat","background-position":"center center","background-size":"auto","background-attachment":"scroll","background-type":"","background-media":"","overlay-type":"","overlay-color":"","overlay-opacity":"","overlay-gradient":""}},"footnotes":""},"categories":[8],"tags":[44626,44627],"class_list":["post-113188","post","type-post","status-publish","format-standard","has-post-thumbnail","hentry","category-noticias","tag-barry-manilow","tag-cancer-barry-manilow"],"_links":{"self":[{"href":"https:\/\/losperiodistas.com.mx\/portal\/wp-json\/wp\/v2\/posts\/113188","targetHints":{"allow":["GET"]}}],"collection":[{"href":"https:\/\/losperiodistas.com.mx\/portal\/wp-json\/wp\/v2\/posts"}],"about":[{"href":"https:\/\/losperiodistas.com.mx\/portal\/wp-json\/wp\/v2\/types\/post"}],"author":[{"embeddable":true,"href":"https:\/\/losperiodistas.com.mx\/portal\/wp-json\/wp\/v2\/users\/1"}],"replies":[{"embeddable":true,"href":"https:\/\/losperiodistas.com.mx\/portal\/wp-json\/wp\/v2\/comments?post=113188"}],"version-history":[{"count":1,"href":"https:\/\/losperiodistas.com.mx\/portal\/wp-json\/wp\/v2\/posts\/113188\/revisions"}],"predecessor-version":[{"id":113191,"href":"https:\/\/losperiodistas.com.mx\/portal\/wp-json\/wp\/v2\/posts\/113188\/revisions\/113191"}],"wp:featuredmedia":[{"embeddable":true,"href":"https:\/\/losperiodistas.com.mx\/portal\/wp-json\/wp\/v2\/media\/113189"}],"wp:attachment":[{"href":"https:\/\/losperiodistas.com.mx\/portal\/wp-json\/wp\/v2\/media?parent=113188"}],"wp:term":[{"taxonomy":"category","embeddable":true,"href":"https:\/\/losperiodistas.com.mx\/portal\/wp-json\/wp\/v2\/categories?post=113188"},{"taxonomy":"post_tag","embeddable":true,"href":"https:\/\/losperiodistas.com.mx\/portal\/wp-json\/wp\/v2\/tags?post=113188"}],"curies":[{"name":"wp","href":"https:\/\/api.w.org\/{rel}","templated":true}]}}