{"id":112901,"date":"2025-12-19T05:37:52","date_gmt":"2025-12-19T11:37:52","guid":{"rendered":"https:\/\/losperiodistas.com.mx\/portal\/?p=112901"},"modified":"2025-12-19T05:37:53","modified_gmt":"2025-12-19T11:37:53","slug":"opinion-la-uth-se-coloca-entre-las-primeras-ejemplo-empresarial","status":"publish","type":"post","link":"https:\/\/losperiodistas.com.mx\/portal\/opinion-la-uth-se-coloca-entre-las-primeras-ejemplo-empresarial\/","title":{"rendered":"Opini\u00f3n |La UTH se coloca entre las primeras; ejemplo empresarial"},"content":{"rendered":"\n<p class=\"has-medium-font-size\">*Ingenier\u00eda Industrial a la altura de del ITP, la UTP y la BUAP<\/p>\n\n\n\n<figure class=\"wp-block-image size-large\"><img fetchpriority=\"high\" decoding=\"async\" width=\"1024\" height=\"780\" src=\"https:\/\/losperiodistas.com.mx\/portal\/wp-content\/uploads\/2025\/12\/JUAN-FLORES-MATIAS-1024x780.jpg\" alt=\"\" class=\"wp-image-112902\" srcset=\"https:\/\/losperiodistas.com.mx\/portal\/wp-content\/uploads\/2025\/12\/JUAN-FLORES-MATIAS-1024x780.jpg 1024w, https:\/\/losperiodistas.com.mx\/portal\/wp-content\/uploads\/2025\/12\/JUAN-FLORES-MATIAS-300x228.jpg 300w, https:\/\/losperiodistas.com.mx\/portal\/wp-content\/uploads\/2025\/12\/JUAN-FLORES-MATIAS-768x585.jpg 768w, https:\/\/losperiodistas.com.mx\/portal\/wp-content\/uploads\/2025\/12\/JUAN-FLORES-MATIAS.jpg 1204w\" sizes=\"(max-width: 1024px) 100vw, 1024px\" \/><\/figure>\n\n\n\n<p class=\"has-vivid-red-color has-text-color has-link-color has-medium-font-size wp-elements-4865f9003ac6cfcf5a7f44570e7f0aa1\"><strong><em>Por Ra\u00fal Torres Salmer\u00f3n \/ Sin L\u00edmites<\/em><\/strong><\/p>\n\n\n\n<p>La carrera de Ingenier\u00eda Industrial de la Universidad Tecnol\u00f3gica de Huejotzingo (UTH), est\u00e1 situada entre las mejores de Puebla, a la altura del Instituto Tecnol\u00f3gico de Puebla, la Benem\u00e9rita Universidad Aut\u00f3noma de Puebla y la Universidad Tecnol\u00f3gica de Puebla.<\/p>\n\n\n\n<p>Mirna Toxqui Oliver, Rectora de la UTH, en reuni\u00f3n con columnistas en Casa Reyna, expuso sus logros a un a\u00f1o de estar al frente:<\/p>\n\n\n\n<p>-Incremento de la matr\u00edcula de 987 estudiantes en 2024 a mil 174 en 2025. Actualmente est\u00e1n inscritos 3 mil 5 estudiantes en 8 carreras.<\/p>\n\n\n\n<p>-Dos nuevas especialidades, Ingenier\u00eda en Agricultura Sustentable y Protegida y una Maestr\u00eda en Mecatr\u00f3nica.<\/p>\n\n\n\n<p>-Eficiencia acad\u00e9mica del 87 por ciento en ingenier\u00edas y titulaci\u00f3n cercana al 100 por ciento.<\/p>\n\n\n\n<p>-Se tienen 58 convenios con empresas e instituciones, 73 proyectos de investigaci\u00f3n aplicada.<\/p>\n\n\n\n<p>-Comunicaci\u00f3n con padres de familia, empresarios y comerciantes para lograr estancias de alumnos y posteriores contrataciones.<\/p>\n\n\n\n<p>-Galer\u00eda de Arte Universitario (GAU), que no tienen otras instituciones para generar pol\u00edticas p\u00fablicas entre alumnos, maestros y sociedad ya que el arte es catalizador del pensamiento y la trasformaci\u00f3n.<\/p>\n\n\n\n<p>-Alianza estrat\u00e9gica con la Embajada de Estados Unidos y los m\u00e1s destacados programadores para el desarrollo de una App para combatir las falsas narrativas, anti chismes digitales, porque el futuro tambi\u00e9n se programa.<\/p>\n\n\n\n<p>-Es un paso gigante hacia una juventud m\u00e1s cr\u00edtica, m\u00e1s informada y menos manipulable. Con tecnolog\u00eda, creatividad y pensamiento para que la informaci\u00f3n deje de ser un campo minado.<\/p>\n\n\n\n<p>-La UTH a trav\u00e9s de su Galer\u00eda de Arte Universitaria abri\u00f3 las puertas a su nueva exposici\u00f3n El Sue\u00f1o que Rompi\u00f3. Se trata de brindar una educaci\u00f3n s\u00f3lida, con valores y con el fortalecimiento en \u00e1reas culturales.<\/p>\n\n\n\n<p>-La muestra es del artista veracruzano Gabriel HG quien presenta 50 obras in\u00e9ditas, disponibles para la comunidad de la UTH y para el p\u00fablico en general.<\/p>\n\n\n\n<p>-Bel\u00e9n y Horacio Cinto iniciadores de la Fundaci\u00f3n La Miscel\u00e1nea, con la cual la UTH trabaja coordinadamente con varios proyectos culturales, resaltaron la importancia de contar con estos espacios en las universidades y que la GAU como un ejemplo claro de este trabajo conjunto, es un espacio que las y los estudiantes visitan y disfrutan a diario para realizar actividades art\u00edsticas y culturales.<\/p>\n\n\n\n<p>-Se han presentado obras de teatro y se han realizado conciertos con alumnos de primaria y secundaria que conforman una orquesta universitaria.<\/p>\n\n\n\n<p>-El alumnado proviene de municipios cercanos, 820 son de San mart\u00edn Texmelucan y 100 de Huejotzingo, 500 de Tlaxcala y otros m\u00e1s de Chiapas y Oaxaca.<\/p>\n\n\n\n<p>EMPRESARIO JUAN FLORES<\/p>\n\n\n\n<p>Juan Flores Mat\u00edas, es un empresario nacido en el Municipio de Tepatlaxco, quien adem\u00e1s de aspirar a un cargo pol\u00edtico, en entrevista con columnistas en Casa Reyna, habl\u00f3 de su experiencia empresarial, enumer\u00f3 una serie de consideraciones e hizo p\u00fablicas sus aspiraciones pol\u00edticas:<\/p>\n\n\n\n<p>-Hay que empezar desde abajo pues el conocimiento se adquiere en la escuela y en la vida, hay que saber obedecer, ser responsables y poner pasi\u00f3n en lo que se emprende.<\/p>\n\n\n\n<p>-Otras cualidades son compromiso, constancia y descubrir a fondo la vocaci\u00f3n. Se debe aprender a administrar, conocer de contabilidad, organizaci\u00f3n y movimiento.<\/p>\n\n\n\n<p>-Combatir los da\u00f1os mentales causados por la pandemia de coronavirus, entender a las personas y ser emp\u00e1ticos con todo mundo.<\/p>\n\n\n\n<p>-Adaptarse a los cambios de cada d\u00eda en esta \u00e9poca. Todo lo anterior, podr\u00eda ser el abc del empresario.<\/p>\n\n\n\n<p>Sobre sus aspiraciones pol\u00edticas, declar\u00f3 que le gustar\u00eda ser tomado en cuenta por Morena para ser candidato a Diputado Local, con el fin de elaborar y presentar diversas iniciativas de ley para impulsar el campo y la industria.<\/p>\n\n\n\n<p>En fin, como escribi\u00f3 Mario Benedetti (Uruguay, 1920-2009), en su poema Peque\u00f1as Muertes:<\/p>\n\n\n\n<p>Los sue\u00f1os son peque\u00f1as muertes<\/p>\n\n\n\n<p>tramoyas anticipos simulacros de muerte<\/p>\n\n\n\n<p>el despertar en cambio nos parece<\/p>\n\n\n\n<p>una resurrecci\u00f3n y por las dudas<\/p>\n\n\n\n<p>olvidamos cuanto antes lo so\u00f1ado.<\/p>\n\n\n\n<p>raultorress@hotmail.com<\/p>\n\n\n\n<hr class=\"wp-block-separator has-alpha-channel-opacity\"\/>\n\n\n\n<p><strong>+ OPINI\u00d3N : Las opiniones expresadas son responsabilidad del autor<\/strong><\/p>\n","protected":false},"excerpt":{"rendered":"<p>*Ingenier\u00eda Industrial a la altura de del ITP, la UTP y la BUAP Por Ra\u00fal Torres Salmer\u00f3n \/ Sin L\u00edmites [&hellip;]<\/p>\n","protected":false},"author":1,"featured_media":112902,"comment_status":"open","ping_status":"open","sticky":false,"template":"","format":"standard","meta":{"site-sidebar-layout":"default","site-content-layout":"","ast-site-content-layout":"default","site-content-style":"default","site-sidebar-style":"default","ast-global-header-display":"","ast-banner-title-visibility":"","ast-main-header-display":"","ast-hfb-above-header-display":"","ast-hfb-below-header-display":"","ast-hfb-mobile-header-display":"","site-post-title":"","ast-breadcrumbs-content":"","ast-featured-img":"","footer-sml-layout":"","theme-transparent-header-meta":"","adv-header-id-meta":"","stick-header-meta":"","header-above-stick-meta":"","header-main-stick-meta":"","header-below-stick-meta":"","astra-migrate-meta-layouts":"default","ast-page-background-enabled":"default","ast-page-background-meta":{"desktop":{"background-color":"var(--ast-global-color-4)","background-image":"","background-repeat":"repeat","background-position":"center center","background-size":"auto","background-attachment":"scroll","background-type":"","background-media":"","overlay-type":"","overlay-color":"","overlay-opacity":"","overlay-gradient":""},"tablet":{"background-color":"","background-image":"","background-repeat":"repeat","background-position":"center center","background-size":"auto","background-attachment":"scroll","background-type":"","background-media":"","overlay-type":"","overlay-color":"","overlay-opacity":"","overlay-gradient":""},"mobile":{"background-color":"","background-image":"","background-repeat":"repeat","background-position":"center center","background-size":"auto","background-attachment":"scroll","background-type":"","background-media":"","overlay-type":"","overlay-color":"","overlay-opacity":"","overlay-gradient":""}},"ast-content-background-meta":{"desktop":{"background-color":"var(--ast-global-color-5)","background-image":"","background-repeat":"repeat","background-position":"center center","background-size":"auto","background-attachment":"scroll","background-type":"","background-media":"","overlay-type":"","overlay-color":"","overlay-opacity":"","overlay-gradient":""},"tablet":{"background-color":"var(--ast-global-color-5)","background-image":"","background-repeat":"repeat","background-position":"center center","background-size":"auto","background-attachment":"scroll","background-type":"","background-media":"","overlay-type":"","overlay-color":"","overlay-opacity":"","overlay-gradient":""},"mobile":{"background-color":"var(--ast-global-color-5)","background-image":"","background-repeat":"repeat","background-position":"center center","background-size":"auto","background-attachment":"scroll","background-type":"","background-media":"","overlay-type":"","overlay-color":"","overlay-opacity":"","overlay-gradient":""}},"footnotes":""},"categories":[8,19],"tags":[27240,44484],"class_list":["post-112901","post","type-post","status-publish","format-standard","has-post-thumbnail","hentry","category-noticias","category-sin-limites-2","tag-juan-flores-matias","tag-uth"],"_links":{"self":[{"href":"https:\/\/losperiodistas.com.mx\/portal\/wp-json\/wp\/v2\/posts\/112901","targetHints":{"allow":["GET"]}}],"collection":[{"href":"https:\/\/losperiodistas.com.mx\/portal\/wp-json\/wp\/v2\/posts"}],"about":[{"href":"https:\/\/losperiodistas.com.mx\/portal\/wp-json\/wp\/v2\/types\/post"}],"author":[{"embeddable":true,"href":"https:\/\/losperiodistas.com.mx\/portal\/wp-json\/wp\/v2\/users\/1"}],"replies":[{"embeddable":true,"href":"https:\/\/losperiodistas.com.mx\/portal\/wp-json\/wp\/v2\/comments?post=112901"}],"version-history":[{"count":1,"href":"https:\/\/losperiodistas.com.mx\/portal\/wp-json\/wp\/v2\/posts\/112901\/revisions"}],"predecessor-version":[{"id":112903,"href":"https:\/\/losperiodistas.com.mx\/portal\/wp-json\/wp\/v2\/posts\/112901\/revisions\/112903"}],"wp:featuredmedia":[{"embeddable":true,"href":"https:\/\/losperiodistas.com.mx\/portal\/wp-json\/wp\/v2\/media\/112902"}],"wp:attachment":[{"href":"https:\/\/losperiodistas.com.mx\/portal\/wp-json\/wp\/v2\/media?parent=112901"}],"wp:term":[{"taxonomy":"category","embeddable":true,"href":"https:\/\/losperiodistas.com.mx\/portal\/wp-json\/wp\/v2\/categories?post=112901"},{"taxonomy":"post_tag","embeddable":true,"href":"https:\/\/losperiodistas.com.mx\/portal\/wp-json\/wp\/v2\/tags?post=112901"}],"curies":[{"name":"wp","href":"https:\/\/api.w.org\/{rel}","templated":true}]}}