{"id":112715,"date":"2025-12-16T20:18:02","date_gmt":"2025-12-17T02:18:02","guid":{"rendered":"https:\/\/losperiodistas.com.mx\/portal\/?p=112715"},"modified":"2025-12-16T20:42:53","modified_gmt":"2025-12-17T02:42:53","slug":"mexico-impone-aranceles-a-china-para-no-perder-350-mil-empleos-ef","status":"publish","type":"post","link":"https:\/\/losperiodistas.com.mx\/portal\/mexico-impone-aranceles-a-china-para-no-perder-350-mil-empleos-ef\/","title":{"rendered":"M\u00e9xico impone aranceles a China para \u2018no perder 350 mil empleos\u2019 | EF"},"content":{"rendered":"\n<p>Ebrard defendi\u00f3 nuevamente los aranceles contra China al decir que son para proteger 350 mil empleos de distintas industrias en M\u00e9xico.<\/p>\n\n\n\n<figure class=\"wp-block-image size-large\"><img fetchpriority=\"high\" decoding=\"async\" width=\"1024\" height=\"576\" src=\"https:\/\/losperiodistas.com.mx\/portal\/wp-content\/uploads\/2025\/12\/ArancelesChinaMex-1024x576.png\" alt=\"\" class=\"wp-image-112716\" srcset=\"https:\/\/losperiodistas.com.mx\/portal\/wp-content\/uploads\/2025\/12\/ArancelesChinaMex-1024x576.png 1024w, https:\/\/losperiodistas.com.mx\/portal\/wp-content\/uploads\/2025\/12\/ArancelesChinaMex-300x169.png 300w, https:\/\/losperiodistas.com.mx\/portal\/wp-content\/uploads\/2025\/12\/ArancelesChinaMex-768x432.png 768w, https:\/\/losperiodistas.com.mx\/portal\/wp-content\/uploads\/2025\/12\/ArancelesChinaMex.png 1358w\" sizes=\"(max-width: 1024px) 100vw, 1024px\" \/><figcaption class=\"wp-element-caption\">La secretar\u00eda de Econom\u00eda defiende los aranceles contra China y otros pa\u00edses asi\u00e1ticos al decir que son en beneficio de M\u00e9xico.<\/figcaption><\/figure>\n\n\n\n<p class=\"has-vivid-red-color has-text-color has-link-color wp-elements-4d734a44e76d3322b32bd234a7b7634a\">Cristina Hern\u00e1ndez \/ El Financiero<\/p>\n\n\n\n<p>El <strong>secretario de Econom\u00eda<\/strong>, Marcelo Ebrard, defendi\u00f3 los aranceles contra China y otros pa\u00edses asi\u00e1ticos al decir que esta decisi\u00f3n se tom\u00f3 para <strong>no perder 350 mil empleos<\/strong>.<\/p>\n\n\n\n<p>Dicha medida <strong>entrar\u00e1 en vigor a partir del 1 de enero de 2026<\/strong>, por lo que tambi\u00e9n se mantiene pl\u00e1ticas con distintas naciones, anunci\u00f3 durante la conferencia \u2018ma\u00f1anera\u2019 de este lunes 15 de diciembre.<\/p>\n\n\n\n<p>En caso de la p\u00e9rdida de empleos, los <strong>estados afectados<\/strong> ser\u00edan los siguientes:<\/p>\n\n\n\n<ul class=\"wp-block-list\">\n<li>Aguascalientes.<\/li>\n\n\n\n<li><strong>Baja California.<\/strong><\/li>\n\n\n\n<li>Chihuahua.<\/li>\n\n\n\n<li><strong>Coahuila.<\/strong><\/li>\n\n\n\n<li>Estado de M\u00e9xico.<\/li>\n\n\n\n<li><strong>Guanajuato.<\/strong><\/li>\n\n\n\n<li>Jalisco.<\/li>\n\n\n\n<li><strong>Nuevo Le\u00f3n.<\/strong><\/li>\n\n\n\n<li>Puebla.<\/li>\n\n\n\n<li><strong>Quer\u00e9taro.<\/strong><\/li>\n<\/ul>\n\n\n\n<p>Ebrard reiter\u00f3 que los aranceles no son en contra de un pa\u00eds en espec\u00edfico, sino que se incluye a quienes no tienen tratado comercial con M\u00e9xico y las <strong>industrias beneficiadas ser\u00e1n la automotriz, de calzado, textiles y al acero<\/strong>.<\/p>\n\n\n\n<p>Adem\u00e1s, el excanciller descart\u00f3 que los aranceles contra pa\u00edses asi\u00e1ticos ocasionen presiones inflacionarias en M\u00e9xico.<\/p>\n\n\n\n<h2 class=\"wp-block-heading\">\u2018Debe haber piso parejo\u2019 en importaciones, se\u00f1ala Ebrard<\/h2>\n\n\n\n<p>Ebrard calific\u00f3 la medida como una decisi\u00f3n sensata con la que se pretende que haya <strong>\u201cpiso parejo\u201d en temas comerciales<\/strong>.<\/p>\n\n\n\n<p>Son para \u00ab<strong>proteger a nuestra industria<\/strong> con relaci\u00f3n a abusos de aquellos terceros pa\u00edses con los que M\u00e9xico no tiene acuerdos comerciales\u201d, agreg\u00f3.<\/p>\n\n\n\n<p>Ebrard agreg\u00f3 que dicha decisi\u00f3n y estrategia forma parte del Plan M\u00e9xico, cuyo objetivo central es convertir a M\u00e9xico en una de las 10 econom\u00edas m\u00e1s grandes del mundo al <strong>elevar en 15 por ciento el contenido nacional en cadenas productivas<\/strong>.<\/p>\n\n\n\n<p>El secretario de Econom\u00eda acus\u00f3 que M\u00e9xico importa 10 veces m\u00e1s de lo que exporta Asia, por lo que hay un desequilibrio con las siguientes regiones:<\/p>\n\n\n\n<ul class=\"wp-block-list\">\n<li>Singapur.<\/li>\n\n\n\n<li><strong>Indonesia.<\/strong><\/li>\n\n\n\n<li>Filipinas.<\/li>\n\n\n\n<li><strong>India.<\/strong><\/li>\n\n\n\n<li>Tailandia.<\/li>\n\n\n\n<li><strong>Malasia.<\/strong><\/li>\n\n\n\n<li>Vietnam.<\/li>\n\n\n\n<li><strong>Corea del Sur.<\/strong><\/li>\n\n\n\n<li>Taip\u00e9i.<\/li>\n\n\n\n<li><strong>China.<\/strong><\/li>\n<\/ul>\n\n\n\n<p>Algunas de las empresas beneficiadas con esta medida son Ford, Flexi, Daimler, Stellantis, General Motors, Ternium, Kaltex y Softys.<\/p>\n\n\n\n<figure class=\"wp-block-embed is-type-video is-provider-youtube wp-block-embed-youtube wp-embed-aspect-16-9 wp-has-aspect-ratio\"><div class=\"wp-block-embed__wrapper\">\n<iframe title=\"Medida para SALVAR 350 mil EMPLEOS en M\u00e9xico | Ma\u00f1anera 15 de Diciembre de 2025\" width=\"500\" height=\"281\" src=\"https:\/\/www.youtube.com\/embed\/BGp0cHO7EZg?feature=oembed\" frameborder=\"0\" allow=\"accelerometer; autoplay; clipboard-write; encrypted-media; gyroscope; picture-in-picture; web-share\" referrerpolicy=\"strict-origin-when-cross-origin\" allowfullscreen><\/iframe>\n<\/div><\/figure>\n\n\n\n<h2 class=\"wp-block-heading\">Ebrard responde a China tras quejas de aranceles<\/h2>\n\n\n\n<p>Luego de la reacci\u00f3n negativa de China a dichos aranceles, <strong>Marcelo Ebrard<\/strong> insisti\u00f3 en que el objetivo principal es beneficiar a M\u00e9xico.<\/p>\n\n\n\n<p>\u201cToda la pol\u00edtica mexicana ha sido que, si quieren vender en M\u00e9xico, entonces produce aqu\u00ed. Si quieres importar veh\u00edculos a M\u00e9xico, lo puedes hacer, pero tienes que exportar, es decir, producir en M\u00e9xico y exportar\u201d, dijo en entrevista con Azucena Uresti.<\/p>\n\n\n\n<p>Sobre los aranceles, <strong>Ebrard <\/strong>detall\u00f3 que se hizo solo un ajuste en las tarifas y tom\u00f3 el ejemplo de los autos que pasaron del 20 al 50 por ciento de arancel para los veh\u00edculos asi\u00e1ticos.<\/p>\n\n\n\n<p>\u201cLos veh\u00edculos tienen ahorita un arancel, pero bajo porque no es eficaz con respecto a c\u00f3mo est\u00e1n bajando los precios. No quiere decir que no ten\u00edan arancel, todos los productos tienen y solo se est\u00e1 ajustando\u201d, agreg\u00f3.<\/p>\n\n\n\n<p>Fuente: <a href=\"https:\/\/www.elfinanciero.com.mx\/economia\/2025\/12\/15\/mexico-impone-aranceles-a-china-para-no-perder-350-mil-empleos-a-partir-de-que-fecha-entran-en-vigor\/\" target=\"_blank\" rel=\"noreferrer noopener\">El Financiero<\/a><\/p>\n\n\n\n<p><\/p>\n","protected":false},"excerpt":{"rendered":"<p>Ebrard defendi\u00f3 nuevamente los aranceles contra China al decir que son para proteger 350 mil empleos de distintas industrias en M\u00e9xico. <\/p>\n","protected":false},"author":1,"featured_media":112716,"comment_status":"open","ping_status":"open","sticky":false,"template":"","format":"standard","meta":{"site-sidebar-layout":"default","site-content-layout":"","ast-site-content-layout":"default","site-content-style":"default","site-sidebar-style":"default","ast-global-header-display":"","ast-banner-title-visibility":"","ast-main-header-display":"","ast-hfb-above-header-display":"","ast-hfb-below-header-display":"","ast-hfb-mobile-header-display":"","site-post-title":"","ast-breadcrumbs-content":"","ast-featured-img":"","footer-sml-layout":"","theme-transparent-header-meta":"","adv-header-id-meta":"","stick-header-meta":"","header-above-stick-meta":"","header-main-stick-meta":"","header-below-stick-meta":"","astra-migrate-meta-layouts":"default","ast-page-background-enabled":"default","ast-page-background-meta":{"desktop":{"background-color":"var(--ast-global-color-4)","background-image":"","background-repeat":"repeat","background-position":"center center","background-size":"auto","background-attachment":"scroll","background-type":"","background-media":"","overlay-type":"","overlay-color":"","overlay-opacity":"","overlay-gradient":""},"tablet":{"background-color":"","background-image":"","background-repeat":"repeat","background-position":"center center","background-size":"auto","background-attachment":"scroll","background-type":"","background-media":"","overlay-type":"","overlay-color":"","overlay-opacity":"","overlay-gradient":""},"mobile":{"background-color":"","background-image":"","background-repeat":"repeat","background-position":"center center","background-size":"auto","background-attachment":"scroll","background-type":"","background-media":"","overlay-type":"","overlay-color":"","overlay-opacity":"","overlay-gradient":""}},"ast-content-background-meta":{"desktop":{"background-color":"var(--ast-global-color-5)","background-image":"","background-repeat":"repeat","background-position":"center center","background-size":"auto","background-attachment":"scroll","background-type":"","background-media":"","overlay-type":"","overlay-color":"","overlay-opacity":"","overlay-gradient":""},"tablet":{"background-color":"var(--ast-global-color-5)","background-image":"","background-repeat":"repeat","background-position":"center center","background-size":"auto","background-attachment":"scroll","background-type":"","background-media":"","overlay-type":"","overlay-color":"","overlay-opacity":"","overlay-gradient":""},"mobile":{"background-color":"var(--ast-global-color-5)","background-image":"","background-repeat":"repeat","background-position":"center center","background-size":"auto","background-attachment":"scroll","background-type":"","background-media":"","overlay-type":"","overlay-color":"","overlay-opacity":"","overlay-gradient":""}},"footnotes":""},"categories":[8],"tags":[17118,3527,44414,16903],"class_list":["post-112715","post","type-post","status-publish","format-standard","has-post-thumbnail","hentry","category-noticias","tag-aranceles","tag-china","tag-perdida-de-empleos","tag-sheinbaum"],"_links":{"self":[{"href":"https:\/\/losperiodistas.com.mx\/portal\/wp-json\/wp\/v2\/posts\/112715","targetHints":{"allow":["GET"]}}],"collection":[{"href":"https:\/\/losperiodistas.com.mx\/portal\/wp-json\/wp\/v2\/posts"}],"about":[{"href":"https:\/\/losperiodistas.com.mx\/portal\/wp-json\/wp\/v2\/types\/post"}],"author":[{"embeddable":true,"href":"https:\/\/losperiodistas.com.mx\/portal\/wp-json\/wp\/v2\/users\/1"}],"replies":[{"embeddable":true,"href":"https:\/\/losperiodistas.com.mx\/portal\/wp-json\/wp\/v2\/comments?post=112715"}],"version-history":[{"count":3,"href":"https:\/\/losperiodistas.com.mx\/portal\/wp-json\/wp\/v2\/posts\/112715\/revisions"}],"predecessor-version":[{"id":112721,"href":"https:\/\/losperiodistas.com.mx\/portal\/wp-json\/wp\/v2\/posts\/112715\/revisions\/112721"}],"wp:featuredmedia":[{"embeddable":true,"href":"https:\/\/losperiodistas.com.mx\/portal\/wp-json\/wp\/v2\/media\/112716"}],"wp:attachment":[{"href":"https:\/\/losperiodistas.com.mx\/portal\/wp-json\/wp\/v2\/media?parent=112715"}],"wp:term":[{"taxonomy":"category","embeddable":true,"href":"https:\/\/losperiodistas.com.mx\/portal\/wp-json\/wp\/v2\/categories?post=112715"},{"taxonomy":"post_tag","embeddable":true,"href":"https:\/\/losperiodistas.com.mx\/portal\/wp-json\/wp\/v2\/tags?post=112715"}],"curies":[{"name":"wp","href":"https:\/\/api.w.org\/{rel}","templated":true}]}}