{"id":112713,"date":"2025-12-16T20:17:16","date_gmt":"2025-12-17T02:17:16","guid":{"rendered":"https:\/\/losperiodistas.com.mx\/portal\/?p=112713"},"modified":"2025-12-16T20:59:18","modified_gmt":"2025-12-17T02:59:18","slug":"solicitan-intervencion-de-la-subsecretaria-de-gobierno-federal-en-el-caso-del-despojo-en-la-covadonga","status":"publish","type":"post","link":"https:\/\/losperiodistas.com.mx\/portal\/solicitan-intervencion-de-la-subsecretaria-de-gobierno-federal-en-el-caso-del-despojo-en-la-covadonga\/","title":{"rendered":"Solicitan Intervenci\u00f3n de la Subsecretar\u00eda de Gobierno Federal en el Caso del Despojo en La Covadonga"},"content":{"rendered":"\n<p>La misiva se hizo llegar a trav\u00e9s de la reci\u00e9n creada \u201coficina para la coordinaci\u00f3n y atenci\u00f3n de despojos inmobiliarios\u201d.<\/p>\n\n\n\n<figure class=\"wp-block-image alignleft size-large\"><img fetchpriority=\"high\" decoding=\"async\" width=\"1024\" height=\"626\" src=\"https:\/\/losperiodistas.com.mx\/portal\/wp-content\/uploads\/2025\/12\/CovadongaSEGOB-1024x626.jpg\" alt=\"\" class=\"wp-image-112719\" srcset=\"https:\/\/losperiodistas.com.mx\/portal\/wp-content\/uploads\/2025\/12\/CovadongaSEGOB-1024x626.jpg 1024w, https:\/\/losperiodistas.com.mx\/portal\/wp-content\/uploads\/2025\/12\/CovadongaSEGOB-300x183.jpg 300w, https:\/\/losperiodistas.com.mx\/portal\/wp-content\/uploads\/2025\/12\/CovadongaSEGOB-768x469.jpg 768w, https:\/\/losperiodistas.com.mx\/portal\/wp-content\/uploads\/2025\/12\/CovadongaSEGOB.jpg 1280w\" sizes=\"(max-width: 1024px) 100vw, 1024px\" \/><figcaption class=\"wp-element-caption\">Solicitud que hizo el representante legal de la fundaci\u00f3n Julita y Antonio al subsecretario de gobernaci\u00f3n, para intervenir en el tema de la recuperaci\u00f3n del predio invadido de La Covadonga.<\/figcaption><\/figure>\n\n\n\n<p class=\"has-vivid-red-color has-text-color has-link-color wp-elements-eb27e7450528140191efa4df35f811c5\">Redacci\u00f3n<\/p>\n\n\n\n<p>Mediante escrito dirigido a C\u00e9sar Y\u00e1\u00f1ez Centeno, subsecretario de Gobierno federal, el apoderado legal de la Fundaci\u00f3n Julita y Antonio, Jes\u00fas Gonz\u00e1lez Schmal, solicit\u00f3 de manera urgente su intervenci\u00f3n por el despojo interestatal de 2 terrenos en La Covadonga, ante la indiferencia e inoperatividad de las autoridades de los estados de Puebla y Tlaxcala, as\u00ed como de la municipal de la ciudad de Puebla.<\/p>\n\n\n\n<p>Al respecto, Gonz\u00e1lez Schmal destac\u00f3 en entrevista que hay un fen\u00f3meno de multiplicaci\u00f3n de delitos de despojo lo que est\u00e1 desembocando en un conflicto de gobernabilidad nacional, muy acentuado en el estado de Puebla.<\/p>\n\n\n\n<p>Aunado a lo anterior, record\u00f3 que ha habido resistencia por parte de las autoridades estatales de Puebla y Tlaxcala, y muy especialmente del ayuntamiento de Puebla, para restituir los bienes a quienes son v\u00edctimas de despojo.<\/p>\n\n\n\n<p>\u201cEl presidente municipal de Puebla, Jos\u00e9 Chedraui, solicita una orden judicial para cumplir la ley y esto rebasa una competencia local, porque nadie puede sustraerse de sus obligaciones, es su deber\u201d, explic\u00f3.<\/p>\n\n\n\n<p>En consecuencia, se opt\u00f3 por recurrir a la Secretar\u00eda de Gobernaci\u00f3n federal, a trav\u00e9s de la reci\u00e9n creada \u201coficina para la coordinaci\u00f3n y atenci\u00f3n de despojos inmobiliarios\u201d que se han registrado en todo el pa\u00eds, y que depende directamente de la Subsecretar\u00eda de Gobierno, presidida por C\u00e9sar Y\u00e1\u00f1ez Centeno.<\/p>\n\n\n\n<figure class=\"wp-block-image size-full\"><img decoding=\"async\" width=\"653\" height=\"1013\" src=\"https:\/\/losperiodistas.com.mx\/portal\/wp-content\/uploads\/2025\/12\/imagen-49.png\" alt=\"\" class=\"wp-image-112729\" srcset=\"https:\/\/losperiodistas.com.mx\/portal\/wp-content\/uploads\/2025\/12\/imagen-49.png 653w, https:\/\/losperiodistas.com.mx\/portal\/wp-content\/uploads\/2025\/12\/imagen-49-193x300.png 193w\" sizes=\"(max-width: 653px) 100vw, 653px\" \/><\/figure>\n\n\n\n<p>Gonz\u00e1lez Schmal alert\u00f3 que la situaci\u00f3n por la que atraviesa la fundaci\u00f3n puede convertirse en un modus operandi que podr\u00eda repetirse en otras entidades, \u201cporque no puede ser que un delincuente se apropie de un inmueble en un estado y obtenga documentos en la entidad vecina inmediata para justificar una violaci\u00f3n a la ley\u201d.<\/p>\n\n\n\n<p>Ante esta situaci\u00f3n, se solicit\u00f3 la intervenci\u00f3n de la dependencia federal (mediante escrito enviado al correo electr\u00f3nico gestionsubsegob@segob.gob.mx) con la finalidad de agilizar la recuperaci\u00f3n de las m\u00e1s de 12 hect\u00e1reas invadidas para su posterior donaci\u00f3n en beneficio de grupos vulnerables.<\/p>\n\n\n\n<p><\/p>\n","protected":false},"excerpt":{"rendered":"<p>La misiva se hizo llegar a trav\u00e9s de la reci\u00e9n creada \u201coficina para la coordinaci\u00f3n y atenci\u00f3n de despojos inmobiliarios\u201d.<\/p>\n","protected":false},"author":1,"featured_media":112719,"comment_status":"open","ping_status":"open","sticky":false,"template":"","format":"standard","meta":{"site-sidebar-layout":"default","site-content-layout":"","ast-site-content-layout":"default","site-content-style":"default","site-sidebar-style":"default","ast-global-header-display":"","ast-banner-title-visibility":"","ast-main-header-display":"","ast-hfb-above-header-display":"","ast-hfb-below-header-display":"","ast-hfb-mobile-header-display":"","site-post-title":"","ast-breadcrumbs-content":"","ast-featured-img":"","footer-sml-layout":"","theme-transparent-header-meta":"","adv-header-id-meta":"","stick-header-meta":"","header-above-stick-meta":"","header-main-stick-meta":"","header-below-stick-meta":"","astra-migrate-meta-layouts":"default","ast-page-background-enabled":"default","ast-page-background-meta":{"desktop":{"background-color":"var(--ast-global-color-4)","background-image":"","background-repeat":"repeat","background-position":"center center","background-size":"auto","background-attachment":"scroll","background-type":"","background-media":"","overlay-type":"","overlay-color":"","overlay-opacity":"","overlay-gradient":""},"tablet":{"background-color":"","background-image":"","background-repeat":"repeat","background-position":"center center","background-size":"auto","background-attachment":"scroll","background-type":"","background-media":"","overlay-type":"","overlay-color":"","overlay-opacity":"","overlay-gradient":""},"mobile":{"background-color":"","background-image":"","background-repeat":"repeat","background-position":"center center","background-size":"auto","background-attachment":"scroll","background-type":"","background-media":"","overlay-type":"","overlay-color":"","overlay-opacity":"","overlay-gradient":""}},"ast-content-background-meta":{"desktop":{"background-color":"var(--ast-global-color-5)","background-image":"","background-repeat":"repeat","background-position":"center center","background-size":"auto","background-attachment":"scroll","background-type":"","background-media":"","overlay-type":"","overlay-color":"","overlay-opacity":"","overlay-gradient":""},"tablet":{"background-color":"var(--ast-global-color-5)","background-image":"","background-repeat":"repeat","background-position":"center center","background-size":"auto","background-attachment":"scroll","background-type":"","background-media":"","overlay-type":"","overlay-color":"","overlay-opacity":"","overlay-gradient":""},"mobile":{"background-color":"var(--ast-global-color-5)","background-image":"","background-repeat":"repeat","background-position":"center center","background-size":"auto","background-attachment":"scroll","background-type":"","background-media":"","overlay-type":"","overlay-color":"","overlay-opacity":"","overlay-gradient":""}},"footnotes":""},"categories":[8],"tags":[11043,44412,6092,44413,28800],"class_list":["post-112713","post","type-post","status-publish","format-standard","has-post-thumbnail","hentry","category-noticias","tag-cesar-yanez","tag-despojo","tag-gobierno-de-puebla","tag-gobierno-de-tlaxcala","tag-la-covadonga"],"_links":{"self":[{"href":"https:\/\/losperiodistas.com.mx\/portal\/wp-json\/wp\/v2\/posts\/112713","targetHints":{"allow":["GET"]}}],"collection":[{"href":"https:\/\/losperiodistas.com.mx\/portal\/wp-json\/wp\/v2\/posts"}],"about":[{"href":"https:\/\/losperiodistas.com.mx\/portal\/wp-json\/wp\/v2\/types\/post"}],"author":[{"embeddable":true,"href":"https:\/\/losperiodistas.com.mx\/portal\/wp-json\/wp\/v2\/users\/1"}],"replies":[{"embeddable":true,"href":"https:\/\/losperiodistas.com.mx\/portal\/wp-json\/wp\/v2\/comments?post=112713"}],"version-history":[{"count":3,"href":"https:\/\/losperiodistas.com.mx\/portal\/wp-json\/wp\/v2\/posts\/112713\/revisions"}],"predecessor-version":[{"id":112730,"href":"https:\/\/losperiodistas.com.mx\/portal\/wp-json\/wp\/v2\/posts\/112713\/revisions\/112730"}],"wp:featuredmedia":[{"embeddable":true,"href":"https:\/\/losperiodistas.com.mx\/portal\/wp-json\/wp\/v2\/media\/112719"}],"wp:attachment":[{"href":"https:\/\/losperiodistas.com.mx\/portal\/wp-json\/wp\/v2\/media?parent=112713"}],"wp:term":[{"taxonomy":"category","embeddable":true,"href":"https:\/\/losperiodistas.com.mx\/portal\/wp-json\/wp\/v2\/categories?post=112713"},{"taxonomy":"post_tag","embeddable":true,"href":"https:\/\/losperiodistas.com.mx\/portal\/wp-json\/wp\/v2\/tags?post=112713"}],"curies":[{"name":"wp","href":"https:\/\/api.w.org\/{rel}","templated":true}]}}