{"id":112704,"date":"2025-12-16T09:33:32","date_gmt":"2025-12-16T15:33:32","guid":{"rendered":"https:\/\/losperiodistas.com.mx\/portal\/?p=112704"},"modified":"2025-12-16T09:33:33","modified_gmt":"2025-12-16T15:33:33","slug":"shoshana-zuboff-filosofa-la-ia-es-el-capitalismo-de-la-vigilancia-continuando-su-expansion-ideas","status":"publish","type":"post","link":"https:\/\/losperiodistas.com.mx\/portal\/shoshana-zuboff-filosofa-la-ia-es-el-capitalismo-de-la-vigilancia-continuando-su-expansion-ideas\/","title":{"rendered":"Shoshana Zuboff, fil\u00f3sofa: \u201cLa IA es el capitalismo de la vigilancia continuando su expansi\u00f3n\u201d | Ideas"},"content":{"rendered":"\n<p class=\"has-medium-font-size\">La autora de \u2018La era del capitalismo de la vigilancia\u2019 aplaude las iniciativas de la UE para frenar a las grandes tecnol\u00f3gicas y pide al bloque que no ceda ante las presiones de Trump<\/p>\n\n\n\n<figure class=\"wp-block-image size-large\"><img fetchpriority=\"high\" decoding=\"async\" width=\"1024\" height=\"576\" src=\"https:\/\/losperiodistas.com.mx\/portal\/wp-content\/uploads\/2025\/12\/LSI5E7BMYVFDLACQDU3EDCTMGU-1-1024x576.avif\" alt=\"\" class=\"wp-image-112706\" srcset=\"https:\/\/losperiodistas.com.mx\/portal\/wp-content\/uploads\/2025\/12\/LSI5E7BMYVFDLACQDU3EDCTMGU-1-1024x576.avif 1024w, https:\/\/losperiodistas.com.mx\/portal\/wp-content\/uploads\/2025\/12\/LSI5E7BMYVFDLACQDU3EDCTMGU-1-300x169.avif 300w, https:\/\/losperiodistas.com.mx\/portal\/wp-content\/uploads\/2025\/12\/LSI5E7BMYVFDLACQDU3EDCTMGU-1-768x432.avif 768w, https:\/\/losperiodistas.com.mx\/portal\/wp-content\/uploads\/2025\/12\/LSI5E7BMYVFDLACQDU3EDCTMGU-1.avif 1200w\" sizes=\"(max-width: 1024px) 100vw, 1024px\" \/><figcaption class=\"wp-element-caption\">Shoshana Zuboff en un foro de la Escuela Kennedy de Harvard en septiembre de 2024. Lana Shevorski<\/figcaption><\/figure>\n\n\n\n<p class=\"has-vivid-red-color has-text-color has-link-color has-medium-font-size wp-elements-5ced5de9275f6a4bb3cf3e39acec8d09\"><strong><a href=\"https:\/\/elpais.com\/autor\/paola-angeli-semidey-nagovitch\/#?rel=author_top\">Paola Nagovitch<\/a> \/ Ideas<\/strong><\/p>\n\n\n\n<p><\/p>\n\n\n\n<p>Shoshana Zuboff (Nueva Inglaterra, EE UU, 1951) se conecta a la videollamada desde su residencia en Maine, al noreste de Estados Unidos, al borde con Canad\u00e1, donde el fr\u00edo azota sin piedad en estas fechas. Bebe de una taza con t\u00e9 para calentar la garganta y se disculpa por llegar tarde, pues su agenda est\u00e1 m\u00e1s que cargada, tanto que fue imposible encontrar un hueco para hacer esta entrevista en persona. Es dif\u00edcil hablar a trav\u00e9s de la herramienta de videoconferencias de Google con Zuboff,&nbsp;<a href=\"https:\/\/elpais.com\/ideas\/2020-10-08\/shoshana-zuboff-el-neoliberalismo-lo-ha-destrozado-todo-debemos-empezar-de-cero.html\" target=\"_blank\" rel=\"noreferrer noopener\">la principal pensadora sobre el capitalismo de vigilancia<\/a>&nbsp;por parte de las grandes tecnol\u00f3gicas, y no sentir ansiedad por contribuir precisamente a ese mal que ella nombra desde hace a\u00f1os.<\/p>\n\n\n\n<p>\u201cQuedan muy pocas cosas en este mundo que podamos hacer sin contribuir al capitalismo de vigilancia. Eso es lo que lo hace intolerable\u201d, se\u00f1ala la fil\u00f3sofa y profesora em\u00e9rita de la Harvard Business School. El pr\u00f3ximo mes de enero se cumplir\u00e1n siete a\u00f1os desde que public\u00f3&nbsp;<a href=\"https:\/\/elpais.com\/ideas\/2020-09-25\/somos-el-alimento-del-capitalismo-de-vigilancia.html\" target=\"_blank\" rel=\"noreferrer noopener\"><em>La era del capitalismo de la vigilancia&nbsp;<\/em>(Paid\u00f3s)<\/a>, con el que destap\u00f3 un fen\u00f3meno que desde entonces solo se ha expandido casi sin freno: la recopilaci\u00f3n y mercantilizaci\u00f3n de datos personales por parte de las empresas tecnol\u00f3gicas.M\u00e1s informaci\u00f3n<\/p>\n\n\n\n<p><a href=\"https:\/\/elpais.com\/ideas\/2025-12-14\/los-10-pensadores-tecnologicos-mas-influyentes-del-mundo.html#?rel=mas_sumario\">Los 10 pensadores tecnol\u00f3gicos m\u00e1s influyentes del mundo<\/a><\/p>\n\n\n\n<p>La tecnolog\u00eda y el capitalismo han sido dos ideas que siempre han estado presentes en el trabajo de Zuboff. Pero el momento que atraviesa nuestra sociedad, con la r\u00e1pida expansi\u00f3n de la inteligencia artificial y con mandatarios como&nbsp;<a href=\"https:\/\/elpais.com\/economia\/2025-09-05\/trump-reune-en-su-corte-a-las-big-tech-para-asegurar-las-inversiones-en-la-ia-en-ee-uu.html\" target=\"_blank\" rel=\"noreferrer noopener\">Donald Trump abraz\u00e1ndose a los oligarcas tecnol\u00f3gicos<\/a>, le preocupa especialmente. Tanto que su pr\u00f3ximo libro, que espera publicar en 2026, ser\u00e1 una actualizaci\u00f3n de su trabajo de 2019, pero centrado en la inteligencia artificial.<\/p>\n\n\n\n<p><strong>Pregunta.&nbsp;<\/strong>\u00bfQu\u00e9 opina de la IA? \u00bfC\u00f3mo ve esta evoluci\u00f3n tecnol\u00f3gica?<\/p>\n\n\n\n<p><strong>Respuesta.&nbsp;<\/strong>La IA es simplemente el capitalismo de la vigilancia continuando su evoluci\u00f3n y expansi\u00f3n con algunas metodolog\u00edas nuevas, pero a\u00fan basado en el robo de nuestros datos. Corrimos hacia internet pensando en&nbsp;<a href=\"https:\/\/elpais.com\/retina\/2018\/05\/15\/innovacion\/1526372207_587297.html\" target=\"_blank\" rel=\"noreferrer noopener\">la democratizaci\u00f3n del conocimiento<\/a>. Pero a lo que acudimos con los brazos abiertos se ha convertido en una prisi\u00f3n de vigilancia sin barrotes ni guardias, pero tambi\u00e9n sin salida, sin escape. A menos que nuestros gobiernos se organicen y nos unamos en nuevas formas de acci\u00f3n colectiva para ejercer presi\u00f3n sobre nuestros l\u00edderes p\u00fablicos, nada cambiar\u00e1.<\/p>\n\n\n\n<p><strong>P.&nbsp;<\/strong>\u00bfC\u00f3mo contribuir\u00e1 el tiempo que pasemos conectadas en esta videollamada al capitalismo de vigilancia?<\/p>\n\n\n\n<p><strong>R.<\/strong>&nbsp;No lo sabemos. Por eso se llama capitalismo de vigilancia: sus m\u00e9todos centrales deben permanecer ocultos. Si la gente supiera lo que est\u00e1 pasando, se rebelar\u00eda. Google se tropez\u00f3 con el descubrimiento de que cada vez que alguien interact\u00faa con su buscador deja atr\u00e1s datos privados que pueden analizarse para comprender su comportamiento y predecirlo. Google pod\u00eda predecir la orientaci\u00f3n sexual y pol\u00edtica de una persona, su estatus econ\u00f3mico o cultural\u2026 Eso se convirti\u00f3 en&nbsp;<a href=\"https:\/\/cincodias.elpais.com\/cincodias\/2018\/10\/08\/companias\/1539022418_459857.html\" target=\"_blank\" rel=\"noreferrer noopener\">la base de su negocio y el mundo cambi\u00f3<\/a>.<\/p>\n\n\n\n<p><strong>P.&nbsp;<\/strong>\u00bfPor qu\u00e9 tienen que permanecer ocultos esos m\u00e9todos?<\/p>\n\n\n\n<p><strong>R.<\/strong>&nbsp;Al principio, Google ten\u00eda un equipo ejecutivo muy peque\u00f1o y dentro de \u00e9l crec\u00eda un conflicto. Algunos dec\u00edan: estamos tomando los datos de la gente en secreto; si se enteran de esto, se van a enfurecer, tenemos que dec\u00edrselo. Pero el otro bando dec\u00eda: si les contamos lo que estamos haciendo, nunca nos lo perdonar\u00e1n. En el libro&nbsp;<em>I\u2019m Feeling Lucky<\/em>, Douglas Edwards, el primer director de marca de Google, escribe sobre una reuni\u00f3n en la que se estaba desarrollando esta discusi\u00f3n entre las dos facciones. Y&nbsp;<a href=\"https:\/\/elpais.com\/economia\/2025-11-27\/los-fundadores-de-google-irrumpen-en-el-top-3-de-hombres-mas-ricos-del-mundo-en-detrimento-de-larry-ellison.html\" target=\"_blank\" rel=\"noreferrer noopener\">Larry Page, el fundador,<\/a>&nbsp;estaba sentado all\u00ed muy callado, escuchando. Cuando terminaron de discutir, simplemente dijo: \u201cNunca podemos dec\u00edrselo\u201d. \u00c9l entend\u00eda que estaban robando. Y hab\u00eda algo que les aterraba entonces, y es lo mismo que les aterra hoy: la ley. Que les diga: esto es ilegal, esto es un robo, no pueden hacer esto.<\/p>\n\n\n\n<p><strong>P.<\/strong>&nbsp;\u00bfHemos logrado alg\u00fan avance digno de menci\u00f3n en la lucha contra el capitalismo de vigilancia desde que public\u00f3 su libro en 2019?<\/p>\n\n\n\n<p><strong>R.<\/strong>&nbsp;S\u00ed, y&nbsp;<a href=\"https:\/\/elpais.com\/economia\/2025-12-09\/bruselas-investiga-a-google-ante-la-sospecha-de-que-quiebra-las-leyes-del-mercado-con-la-ia.html\" target=\"_blank\" rel=\"noreferrer noopener\">Europa est\u00e1 a la vanguardia<\/a>. Han sucedido cosas muy significativas en Europa durante estos a\u00f1os: la Ley de Servicios Digitales, la de Mercados Digitales, la de IA. Pero los l\u00edderes de la UE est\u00e1n atravesando hoy un momento de duda. No saben si ser\u00eda mejor simplemente apaciguar a Trump, o si es m\u00e1s prudente mantener las leyes tan importantes que han creado.<\/p>\n\n\n\n<p><strong>P.&nbsp;<\/strong>El presidente de EE UU ha<a href=\"https:\/\/elpais.com\/internacional\/2025-12-09\/trump-vuelve-a-atacar-a-los-mandatarios-europeos-son-unos-debiles.html\" target=\"_blank\" rel=\"noreferrer noopener\">&nbsp;estado insultando recientemente a los l\u00edderes europeos<\/a>. Tambi\u00e9n lo han hecho miembros de su Administraci\u00f3n, quienes han criticado a la UE por algunas de sus medidas contra las grandes tecnol\u00f3gicas.<\/p>\n\n\n\n<p><strong>R.<\/strong>&nbsp;Es porque tienen miedo de Europa. Hemos establecido que lo \u00fanico que temen es a la ley, y el \u00fanico lugar de donde esa ley podr\u00eda provenir en el futuro cercano es Europa. As\u00ed que los insultan y&nbsp;<a href=\"https:\/\/elpais.com\/internacional\/2025-12-08\/trump-europa-tiene-que-tener-cuidado-va-en-mala-direccion.html\" target=\"_blank\" rel=\"noreferrer noopener\">los degradan<\/a>&nbsp;para confundirlos. Pero si pudiera persuadir a los l\u00edderes de la UE de algo, ser\u00eda de que este es el momento de ser feroces.<\/p>\n\n\n\n<p><strong>P.&nbsp;<\/strong>Estados Unidos est\u00e1 en el extremo opuesto del espectro: hace casi un a\u00f1o, Trump jur\u00f3 el cargo rodeado de oligarcas tecnol\u00f3gicos.<\/p>\n\n\n\n<p><strong>R.<\/strong>&nbsp;Pienso en aquella investidura como una ceremonia de boda, un matrimonio entre Trump y los l\u00edderes tecnol\u00f3gicos. \u00bfPor qu\u00e9 estos hombres, que son inmensamente ricos y poderosos, que controlan todos los datos, la informaci\u00f3n y el conocimiento del mundo, necesitaban casarse con Trump? Ambos lados necesitaban algo que solo el otro pod\u00eda darles. Las empresas tecnol\u00f3gicas necesitaban un mundo sin leyes, donde nadie pudiera decirles que esto es inaceptable e incompatible con la democracia. Solo Trump puede darles eso. Solo \u00e9l tiene la personalidad retorcida que le permite acercarse a cualquier presidente de cualquier pa\u00eds y decir: no acepto sus leyes. \u00bfY qu\u00e9 necesitaba Trump de ellos? Un mundo en el que todo&nbsp;<a href=\"https:\/\/elpais.com\/tecnologia\/2025-06-25\/las-ias-se-tragan-la-desinformacion-y-nos-la-vomitan-estan-optimizadas-para-dar-informacion-util-pero-no-para-que-sea-cierta.html\" target=\"_blank\" rel=\"noreferrer noopener\">el espacio informativo estuviera dominado por mentiras<\/a>.<\/p>\n\n\n\n<p><strong>P.&nbsp;<\/strong>\u00bfEs esta uni\u00f3n lo que usted llama \u201cescenarios de fusi\u00f3n\u201d?<\/p>\n\n\n\n<p><strong>R.&nbsp;<\/strong>Estos son escenarios en los que las capacidades de vigilancia y recopilaci\u00f3n de datos del sector privado y las del sector p\u00fablico se fusionan, como en el caso chino. Es entonces cuando se vuelve muy peligroso. En Estados Unidos nos dirigimos hacia ese escenario, y por eso este es el momento en que nuestros l\u00edderes europeos deben hacerse presentes. Este&nbsp;<a href=\"https:\/\/elpais.com\/tecnologia\/2025-11-19\/la-ue-concede-a-las-tecnologicas-16-meses-mas-para-que-su-ia-de-alto-riesgo-cumpla-la-normativa.html\" target=\"_blank\" rel=\"noreferrer noopener\">no es el momento de abandonar&nbsp;<\/a>todo ese arduo trabajo.<\/p>\n\n\n\n<p><strong>P.&nbsp;<\/strong>Menciona el caso de China, pero bajo Trump, Estados Unidos est\u00e1 viviendo una expansi\u00f3n de vigilancia gubernamental sobre civiles a medida que su Administraci\u00f3n&nbsp;<a href=\"https:\/\/elpais.com\/us\/migracion\/2025-12-11\/las-nuevas-restricciones-de-trump-no-dejan-a-ningun-migrante-a-salvo-ser-un-residente-legal-en-ee-uu-es-ser-un-ciudadano-de-segunda.html\" target=\"_blank\" rel=\"noreferrer noopener\">intensifica la aplicaci\u00f3n de las leyes migratorias<\/a>. \u00bfCu\u00e1l es la diferencia \u2014o la relaci\u00f3n\u2014 entre la vigilancia gubernamental y el capitalismo de vigilancia?<\/p>\n\n\n\n<p><strong>R.&nbsp;<\/strong>Esto se remonta a 2001.&nbsp;<a href=\"https:\/\/elpais.com\/internacional\/2024-09-11\/video-cronologia-de-los-atentados-del-11-s.html\" target=\"_blank\" rel=\"noreferrer noopener\">Cuando los aviones golpearon las Torres Gemelas<\/a>, este escenario de fusi\u00f3n tom\u00f3 forma r\u00e1pidamente. El Gobierno entendi\u00f3 de inmediato que las empresas estaban captando todos los datos que necesitaban. Toda esa data predictiva iba a ser esencial en la guerra contra el terrorismo. Y Washington no estaba solo, en muy poco tiempo todas las democracias del mundo practicaban la recopilaci\u00f3n de datos sin orden judicial y en secreto. Fueron las necesidades gubernamentales las que permitieron que Google continuara practicando su robo. Y eso ha continuado hasta hoy.<\/p>\n\n\n\n<p><strong>P.&nbsp;<\/strong>M\u00e1s all\u00e1 de la regulaci\u00f3n, usted tambi\u00e9n habla de \u201creinvenci\u00f3n\u201d.<\/p>\n\n\n\n<p><strong>R.&nbsp;<\/strong>Y de abolici\u00f3n. La regulaci\u00f3n es solo un paso, una negociaci\u00f3n, un l\u00edmite, pero no dice: no puedes existir. Podemos tener capitalismo de vigilancia o democracia, pero no ambos. Son fundamentalmente incompatibles. La regulaci\u00f3n nos ayuda a entrar en la discusi\u00f3n de lo que est\u00e1 mal, pero, en \u00faltima instancia, vamos a necesitar remontarnos al origen, adonde todo comienza, para hacer lo que deber\u00edamos haber hecho al principio: llamarlo robo, prohibirlo e inventar una alternativa mejor, centrada en la humanidad.<\/p>\n\n\n\n<p>Fuente: <a href=\"https:\/\/elpais.com\/ideas\/2025-12-15\/shoshana-zuboff-filosofa-la-ia-es-el-capitalismo-de-la-vigilancia-continuando-su-expansion.html\">https:\/\/elpais.com\/ideas\/2025-12-15\/shoshana-zuboff-filosofa-la-ia-es-el-capitalismo-de-la-vigilancia-continuando-su-expansion.html<\/a><\/p>\n\n\n\n<p><\/p>\n","protected":false},"excerpt":{"rendered":"<p>La autora de \u2018La era del capitalismo de la vigilancia\u2019 aplaude las iniciativas de la UE para frenar a las [&hellip;]<\/p>\n","protected":false},"author":1,"featured_media":112706,"comment_status":"open","ping_status":"open","sticky":false,"template":"","format":"standard","meta":{"site-sidebar-layout":"default","site-content-layout":"","ast-site-content-layout":"default","site-content-style":"default","site-sidebar-style":"default","ast-global-header-display":"","ast-banner-title-visibility":"","ast-main-header-display":"","ast-hfb-above-header-display":"","ast-hfb-below-header-display":"","ast-hfb-mobile-header-display":"","site-post-title":"","ast-breadcrumbs-content":"","ast-featured-img":"","footer-sml-layout":"","theme-transparent-header-meta":"","adv-header-id-meta":"","stick-header-meta":"","header-above-stick-meta":"","header-main-stick-meta":"","header-below-stick-meta":"","astra-migrate-meta-layouts":"default","ast-page-background-enabled":"default","ast-page-background-meta":{"desktop":{"background-color":"var(--ast-global-color-4)","background-image":"","background-repeat":"repeat","background-position":"center center","background-size":"auto","background-attachment":"scroll","background-type":"","background-media":"","overlay-type":"","overlay-color":"","overlay-opacity":"","overlay-gradient":""},"tablet":{"background-color":"","background-image":"","background-repeat":"repeat","background-position":"center center","background-size":"auto","background-attachment":"scroll","background-type":"","background-media":"","overlay-type":"","overlay-color":"","overlay-opacity":"","overlay-gradient":""},"mobile":{"background-color":"","background-image":"","background-repeat":"repeat","background-position":"center center","background-size":"auto","background-attachment":"scroll","background-type":"","background-media":"","overlay-type":"","overlay-color":"","overlay-opacity":"","overlay-gradient":""}},"ast-content-background-meta":{"desktop":{"background-color":"var(--ast-global-color-5)","background-image":"","background-repeat":"repeat","background-position":"center center","background-size":"auto","background-attachment":"scroll","background-type":"","background-media":"","overlay-type":"","overlay-color":"","overlay-opacity":"","overlay-gradient":""},"tablet":{"background-color":"var(--ast-global-color-5)","background-image":"","background-repeat":"repeat","background-position":"center center","background-size":"auto","background-attachment":"scroll","background-type":"","background-media":"","overlay-type":"","overlay-color":"","overlay-opacity":"","overlay-gradient":""},"mobile":{"background-color":"var(--ast-global-color-5)","background-image":"","background-repeat":"repeat","background-position":"center center","background-size":"auto","background-attachment":"scroll","background-type":"","background-media":"","overlay-type":"","overlay-color":"","overlay-opacity":"","overlay-gradient":""}},"footnotes":""},"categories":[8],"tags":[44408,44409,4539],"class_list":["post-112704","post","type-post","status-publish","format-standard","has-post-thumbnail","hentry","category-noticias","tag-la-era-del-capitalismo-de-la-vigilancia","tag-la-ia-es-el-capitalismo-de-la-vigilancia","tag-shoshana-zuboff"],"_links":{"self":[{"href":"https:\/\/losperiodistas.com.mx\/portal\/wp-json\/wp\/v2\/posts\/112704","targetHints":{"allow":["GET"]}}],"collection":[{"href":"https:\/\/losperiodistas.com.mx\/portal\/wp-json\/wp\/v2\/posts"}],"about":[{"href":"https:\/\/losperiodistas.com.mx\/portal\/wp-json\/wp\/v2\/types\/post"}],"author":[{"embeddable":true,"href":"https:\/\/losperiodistas.com.mx\/portal\/wp-json\/wp\/v2\/users\/1"}],"replies":[{"embeddable":true,"href":"https:\/\/losperiodistas.com.mx\/portal\/wp-json\/wp\/v2\/comments?post=112704"}],"version-history":[{"count":1,"href":"https:\/\/losperiodistas.com.mx\/portal\/wp-json\/wp\/v2\/posts\/112704\/revisions"}],"predecessor-version":[{"id":112707,"href":"https:\/\/losperiodistas.com.mx\/portal\/wp-json\/wp\/v2\/posts\/112704\/revisions\/112707"}],"wp:featuredmedia":[{"embeddable":true,"href":"https:\/\/losperiodistas.com.mx\/portal\/wp-json\/wp\/v2\/media\/112706"}],"wp:attachment":[{"href":"https:\/\/losperiodistas.com.mx\/portal\/wp-json\/wp\/v2\/media?parent=112704"}],"wp:term":[{"taxonomy":"category","embeddable":true,"href":"https:\/\/losperiodistas.com.mx\/portal\/wp-json\/wp\/v2\/categories?post=112704"},{"taxonomy":"post_tag","embeddable":true,"href":"https:\/\/losperiodistas.com.mx\/portal\/wp-json\/wp\/v2\/tags?post=112704"}],"curies":[{"name":"wp","href":"https:\/\/api.w.org\/{rel}","templated":true}]}}