{"id":112694,"date":"2025-12-16T07:36:18","date_gmt":"2025-12-16T13:36:18","guid":{"rendered":"https:\/\/losperiodistas.com.mx\/portal\/?p=112694"},"modified":"2025-12-16T09:06:15","modified_gmt":"2025-12-16T15:06:15","slug":"la-primera-guadalupe-de-roma-oculta-desde-hace-siglos-en-la-iglesia-mas-antigua-del-centro-aci","status":"publish","type":"post","link":"https:\/\/losperiodistas.com.mx\/portal\/la-primera-guadalupe-de-roma-oculta-desde-hace-siglos-en-la-iglesia-mas-antigua-del-centro-aci\/","title":{"rendered":"La primera Guadalupe de Roma, oculta desde hace siglos en la iglesia m\u00e1s antigua del centro | ACI"},"content":{"rendered":"\n<figure class=\"wp-block-image size-full\"><img fetchpriority=\"high\" decoding=\"async\" width=\"672\" height=\"448\" src=\"https:\/\/losperiodistas.com.mx\/portal\/wp-content\/uploads\/2025\/12\/guadalupe1-1765884106.webp\" alt=\"\" class=\"wp-image-112695\" srcset=\"https:\/\/losperiodistas.com.mx\/portal\/wp-content\/uploads\/2025\/12\/guadalupe1-1765884106.webp 672w, https:\/\/losperiodistas.com.mx\/portal\/wp-content\/uploads\/2025\/12\/guadalupe1-1765884106-300x200.webp 300w\" sizes=\"(max-width: 672px) 100vw, 672px\" \/><figcaption class=\"wp-element-caption\">Esta imagen se conserva en la iglesia de San Vital, construida en el a\u00f1o 386, en Roma | Cr\u00e9dito: Victoria Cardiel\/EWTN News<\/figcaption><\/figure>\n\n\n\n<p class=\"has-vivid-red-color has-text-color has-link-color has-medium-font-size wp-elements-dd4fab6228d0569795c71dbfa22ee4c3\"><strong>Por\u00a0<a href=\"https:\/\/www.aciprensa.com\/autor\/247\/victoria-cardiel\">Victoria Cardiel<\/a> \/ ACI Prensa<\/strong><\/p>\n\n\n\n<p>La iglesia de San Vital, construida en el a\u00f1o 386, es el templo cristiano m\u00e1s antiguo que se conserva en el centro de Roma. Se trata del \u201c\u00fanico edificio de culto del siglo IV que ha permanecido intacto a lo largo de los siglos\u201d, destaca su p\u00e1rroco el P. Elio Lops.<\/p>\n\n\n\n<p>Este templo paleocristiano, discreto y poco promocionado en los circuitos tur\u00edsticos habituales, custodia un tesoro art\u00edstico y devocional pr\u00e1cticamente ignorado: la primera imagen de Nuestra Se\u00f1ora de Guadalupe pintada en la capital italiana.<\/p>\n\n\n\n<p>\u201cNunca se le ha dado la importancia que merece\u201d, afirma el P. Lops a ACI Prensa ante una representaci\u00f3n de la Virgen que remite de forma inmediata a la imagen impresa en la tilma de San Juan Diego en 1531.<\/p>\n\n\n\n<figure class=\"wp-block-image\"><img decoding=\"async\" src=\"https:\/\/www.aciprensa.com\/imagespp\/captura-de-pantalla-2025-12-16-a-las-12-1765883816.15?w=600\" alt=\"La primera imagen de la Virgen de Guadalupe. Cr\u00e9dito: Victoria Cardiel\/EWTN News\"\/><figcaption class=\"wp-element-caption\">La primera imagen de la Virgen de Guadalupe. Cr\u00e9dito: Victoria Cardiel\/EWTN News<\/figcaption><\/figure>\n\n\n\n<p>Las semejanzas saltan a los ojos. \u201cNo hay dudas sobre su identidad\u201d, sostiene el p\u00e1rroco.<\/p>\n\n\n\n<p>Aunque la posici\u00f3n de las manos presenta una ligera variaci\u00f3n y faltan los rayos que rodean habitualmente la figura, \u201cla mirada es la misma\u201d, explica. La pintura conserva adem\u00e1s \u201cel mismo cintur\u00f3n que marca la maternidad de nuestra Se\u00f1ora y la gran luna creciente bajo sus pies\u201d, refiere el P. Lops que cita as\u00ed los elementos iconogr\u00e1ficos esenciales del relato guadalupano.<\/p>\n\n\n\n<h4 class=\"wp-block-heading\"><\/h4>\n\n\n\n<p>La obra fue realizada \u201cen torno al a\u00f1o 1550\u201d por el jesuita Giovan Battista Fiammeri, un artista activo en Roma que, con ocasi\u00f3n del Jubileo del a\u00f1o 1600, decor\u00f3 el conjunto del templo de San Vital.&nbsp;<\/p>\n\n\n\n<h2 class=\"wp-block-heading\"><strong>Hip\u00f3tesis sugestiva sobre el origen del cuadro<\/strong><\/h2>\n\n\n\n<p>Aunque no existen documentos que lo certifiquen de forma concluyente, el p\u00e1rroco defiende una hip\u00f3tesis sugestiva. El jesuita Fiammeri pint\u00f3 el cuadro a partir de un boceto del milagro elaborado por misioneros espa\u00f1oles a su regreso a Roma, tras haber conocido los acontecimientos ocurridos en el cerro del Tepeyac, dos d\u00e9cadas antes.<\/p>\n\n\n\n<p>Un detalle refuerza esta interpretaci\u00f3n. En la parte inferior de la pintura, \u201cdebajo de la Virgen hay una peque\u00f1a carabela que muestra el barco con el que viajaron a M\u00e9xico\u201d, asegura el sacerdote. Se trata de un elemento poco habitual en la iconograf\u00eda guadalupana posterior, pero muy usado en el contexto de los primeros contactos entre el Nuevo Mundo y la Santa Sede.<\/p>\n\n\n\n<p>Sea cual sea el origen preciso del modelo utilizado por Fiammeri, lo cierto es que esta imagen precede en varias d\u00e9cadas a las dem\u00e1s representaciones de la Virgen de Guadalupe conservadas en Roma, que datan de mediados del siglo XVII, casi cien a\u00f1os despu\u00e9s de las apariciones de las que se cumplir\u00e1n 5 siglos dentro de seis a\u00f1os, en 2031.<\/p>\n\n\n\n<p>Este dato confiere a la pintura de San Vital un valor singular como testimonio de la temprana recepci\u00f3n europea de una devoci\u00f3n que, con el tiempo, se convertir\u00eda en uno de los pilares de la identidad religiosa de Am\u00e9rica.<\/p>\n\n\n\n<p>Fuente: <a href=\"https:\/\/www.aciprensa.com\/noticias\/120231\/la-primera-guadalupe-de-roma-oculta-desde-hace-siglos-en-la-iglesia-mas-antigua-del-centro\">https:\/\/www.aciprensa.com\/noticias\/120231\/la-primera-guadalupe-de-roma-oculta-desde-hace-siglos-en-la-iglesia-mas-antigua-del-centro<\/a><\/p>\n\n\n\n<p><\/p>\n","protected":false},"excerpt":{"rendered":"<p>Por\u00a0Victoria Cardiel \/ ACI Prensa La iglesia de San Vital, construida en el a\u00f1o 386, es el templo cristiano m\u00e1s [&hellip;]<\/p>\n","protected":false},"author":1,"featured_media":112695,"comment_status":"open","ping_status":"open","sticky":false,"template":"","format":"standard","meta":{"site-sidebar-layout":"default","site-content-layout":"","ast-site-content-layout":"default","site-content-style":"default","site-sidebar-style":"default","ast-global-header-display":"","ast-banner-title-visibility":"","ast-main-header-display":"","ast-hfb-above-header-display":"","ast-hfb-below-header-display":"","ast-hfb-mobile-header-display":"","site-post-title":"","ast-breadcrumbs-content":"","ast-featured-img":"","footer-sml-layout":"","theme-transparent-header-meta":"","adv-header-id-meta":"","stick-header-meta":"","header-above-stick-meta":"","header-main-stick-meta":"","header-below-stick-meta":"","astra-migrate-meta-layouts":"default","ast-page-background-enabled":"default","ast-page-background-meta":{"desktop":{"background-color":"var(--ast-global-color-4)","background-image":"","background-repeat":"repeat","background-position":"center center","background-size":"auto","background-attachment":"scroll","background-type":"","background-media":"","overlay-type":"","overlay-color":"","overlay-opacity":"","overlay-gradient":""},"tablet":{"background-color":"","background-image":"","background-repeat":"repeat","background-position":"center center","background-size":"auto","background-attachment":"scroll","background-type":"","background-media":"","overlay-type":"","overlay-color":"","overlay-opacity":"","overlay-gradient":""},"mobile":{"background-color":"","background-image":"","background-repeat":"repeat","background-position":"center center","background-size":"auto","background-attachment":"scroll","background-type":"","background-media":"","overlay-type":"","overlay-color":"","overlay-opacity":"","overlay-gradient":""}},"ast-content-background-meta":{"desktop":{"background-color":"var(--ast-global-color-5)","background-image":"","background-repeat":"repeat","background-position":"center center","background-size":"auto","background-attachment":"scroll","background-type":"","background-media":"","overlay-type":"","overlay-color":"","overlay-opacity":"","overlay-gradient":""},"tablet":{"background-color":"var(--ast-global-color-5)","background-image":"","background-repeat":"repeat","background-position":"center center","background-size":"auto","background-attachment":"scroll","background-type":"","background-media":"","overlay-type":"","overlay-color":"","overlay-opacity":"","overlay-gradient":""},"mobile":{"background-color":"var(--ast-global-color-5)","background-image":"","background-repeat":"repeat","background-position":"center center","background-size":"auto","background-attachment":"scroll","background-type":"","background-media":"","overlay-type":"","overlay-color":"","overlay-opacity":"","overlay-gradient":""}},"footnotes":""},"categories":[8],"tags":[44405,44404,44406],"class_list":["post-112694","post","type-post","status-publish","format-standard","has-post-thumbnail","hentry","category-noticias","tag-templo-paleocristiano","tag-iglesia-de-san-vita-en-roma","tag-primera-gudalupe-en-roma"],"_links":{"self":[{"href":"https:\/\/losperiodistas.com.mx\/portal\/wp-json\/wp\/v2\/posts\/112694","targetHints":{"allow":["GET"]}}],"collection":[{"href":"https:\/\/losperiodistas.com.mx\/portal\/wp-json\/wp\/v2\/posts"}],"about":[{"href":"https:\/\/losperiodistas.com.mx\/portal\/wp-json\/wp\/v2\/types\/post"}],"author":[{"embeddable":true,"href":"https:\/\/losperiodistas.com.mx\/portal\/wp-json\/wp\/v2\/users\/1"}],"replies":[{"embeddable":true,"href":"https:\/\/losperiodistas.com.mx\/portal\/wp-json\/wp\/v2\/comments?post=112694"}],"version-history":[{"count":1,"href":"https:\/\/losperiodistas.com.mx\/portal\/wp-json\/wp\/v2\/posts\/112694\/revisions"}],"predecessor-version":[{"id":112696,"href":"https:\/\/losperiodistas.com.mx\/portal\/wp-json\/wp\/v2\/posts\/112694\/revisions\/112696"}],"wp:featuredmedia":[{"embeddable":true,"href":"https:\/\/losperiodistas.com.mx\/portal\/wp-json\/wp\/v2\/media\/112695"}],"wp:attachment":[{"href":"https:\/\/losperiodistas.com.mx\/portal\/wp-json\/wp\/v2\/media?parent=112694"}],"wp:term":[{"taxonomy":"category","embeddable":true,"href":"https:\/\/losperiodistas.com.mx\/portal\/wp-json\/wp\/v2\/categories?post=112694"},{"taxonomy":"post_tag","embeddable":true,"href":"https:\/\/losperiodistas.com.mx\/portal\/wp-json\/wp\/v2\/tags?post=112694"}],"curies":[{"name":"wp","href":"https:\/\/api.w.org\/{rel}","templated":true}]}}