{"id":112689,"date":"2025-12-16T07:32:21","date_gmt":"2025-12-16T13:32:21","guid":{"rendered":"https:\/\/losperiodistas.com.mx\/portal\/?p=112689"},"modified":"2025-12-16T07:32:22","modified_gmt":"2025-12-16T13:32:22","slug":"el-gp-de-portugal-vuelve-a-la-f1-en-2027-y-2028-por-zandvoort-motorsport","status":"publish","type":"post","link":"https:\/\/losperiodistas.com.mx\/portal\/el-gp-de-portugal-vuelve-a-la-f1-en-2027-y-2028-por-zandvoort-motorsport\/","title":{"rendered":"El GP de Portugal vuelve a la F1 en 2027 y 2028 por Zandvoort | Motorsport"},"content":{"rendered":"\n<h2 class=\"wp-block-heading\">La F\u00f3rmula 1 tendr\u00e1 GP de Portugal en Portimao en las temporadas 2027 y 2028 sustituyendo a Zandvoort. La F1 asegura que no rotar\u00e1 con Spa.<\/h2>\n\n\n\n<figure class=\"wp-block-image size-large\"><img fetchpriority=\"high\" decoding=\"async\" width=\"1024\" height=\"683\" src=\"https:\/\/losperiodistas.com.mx\/portal\/wp-content\/uploads\/2025\/12\/esteban-ocon-alpine-a521-charl-1024x683.webp\" alt=\"\" class=\"wp-image-112690\" srcset=\"https:\/\/losperiodistas.com.mx\/portal\/wp-content\/uploads\/2025\/12\/esteban-ocon-alpine-a521-charl-1024x683.webp 1024w, https:\/\/losperiodistas.com.mx\/portal\/wp-content\/uploads\/2025\/12\/esteban-ocon-alpine-a521-charl-300x200.webp 300w, https:\/\/losperiodistas.com.mx\/portal\/wp-content\/uploads\/2025\/12\/esteban-ocon-alpine-a521-charl-768x512.webp 768w, https:\/\/losperiodistas.com.mx\/portal\/wp-content\/uploads\/2025\/12\/esteban-ocon-alpine-a521-charl.webp 1200w\" sizes=\"(max-width: 1024px) 100vw, 1024px\" \/><\/figure>\n\n\n\n<p class=\"has-vivid-red-color has-text-color has-link-color has-medium-font-size wp-elements-62566116cce221b000ad17e4473464a4\"><strong><a href=\"https:\/\/lat.motorsport.com\/info\/about-us\/jose_carlos_de_celis\/97469\/\">Jose Carlos de Celis<\/a> \/ Motorsport<\/strong><\/p>\n\n\n\n<p><a href=\"https:\/\/google.com\/preferences\/source?q=https%3A%2F%2Flat.motorsport.com\" rel=\"noreferrer noopener\" target=\"_blank\"><\/a><\/p>\n\n\n\n<p>A\u00fan no ha empezado la temporada 2026 de F1 y ya sabemos qu\u00e9 circuito regresar\u00e1 en 2027 y 2028. El&nbsp;<a href=\"https:\/\/lat.motorsport.com\/location\/algarve-motor-park\/16986\/\">Circuito Internacional del Algarve (Portimao)<\/a>&nbsp;ser\u00e1 la sede del regreso del&nbsp;<strong>GP de Portugal<\/strong>&nbsp;a la categor\u00eda reina, como ha revelado la propia F\u00f3rmula 1 este martes tras su acuerdo de dos a\u00f1os&nbsp;con el gobierno portugu\u00e9s, Turismo de Portugal, y la promotora Parkalgar, Parques Tecnol\u00f3gicos e Desportivos, S.A.<\/p>\n\n\n\n<p>El\u00a0<strong>circuito de Portimao<\/strong>\u00a0fue sede de la F1 como plan B durante la pandemia, en las\u00a0<strong>temporadas 2020 y 2021<\/strong>, ocupando los huecos que dejaron otros pa\u00edses que no pod\u00edan celebrar carreras en ese momento. Sin embargo, tras eso desapareci\u00f3 del calendario, aunque los administradores de la pista siguieron trabajando en la sombra para regresar.<\/p>\n\n\n\n<p>Ya en agosto, el Primer Ministro portugu\u00e9s,&nbsp;<strong>Lu\u00eds Montenegro<\/strong>, comparti\u00f3 el deseo de devolver la F\u00f3rmula 1 a Portimao, y ahora es oficial: habr\u00e1 GP de Portugal de F1 en 2027 y 2028, en los que ser\u00e1n&nbsp;su 19\u00aa y 20\u00aa carrera, 13 de las cuales tuvieron lugar en Estoril, cerca de Lisboa, de 1984 a 1996. Los otros tres fueron en el circuito urbano de&nbsp;<strong>Boavista<\/strong>&nbsp;(Oporto) en 1958 y 1960 y en el terrible&nbsp;<strong>Monsanto&nbsp;<\/strong>(Lisboa), en 1959.<\/p>\n\n\n\n<p>Situado cerca de Portimao, en el sur de Portugal, el circuito de 4,6 km solo ha visto ganar a&nbsp;<a href=\"https:\/\/lat.motorsport.com\/driver\/lewis-hamilton\/464818\/\" target=\"_blank\" rel=\"noreferrer noopener\">Lewis Hamilton<\/a>, que se impuso en 2020 y 2021, con su compa\u00f1ero&nbsp;<a href=\"https:\/\/lat.motorsport.com\/driver\/valtteri-bottas\/466023\/\" target=\"_blank\" rel=\"noreferrer noopener\">Valtteri Bottas<\/a>&nbsp;y&nbsp;<a href=\"https:\/\/lat.motorsport.com\/driver\/max-verstappen\/465982\/\" target=\"_blank\" rel=\"noreferrer noopener\">Max Verstappen<\/a>&nbsp;en el podio (aunque intercambiando sus posiciones) tambi\u00e9n en esas dos carreras.<\/p>\n\n\n\n<p>La F1 ha aclarado que Portimao no entrar\u00e1 en \u00abrotaci\u00f3n\u00bb con&nbsp;<a href=\"https:\/\/lat.motorsport.com\/location\/spa-francorchamps\/16905\/\">Spa-Francorchamps<\/a>, que no estar\u00e1 en el calendario en 2028 y 2030 (s\u00ed en 2026, 2027, 2029 y 2031), sino que ocupar\u00e1&nbsp;el lugar de&nbsp;<a href=\"https:\/\/lat.motorsport.com\/location\/zandvoort\/17331\/\">Zandvoort<\/a>, un circuito que tras un periodo de seis a\u00f1os se despedir\u00e1 en 2026.<\/p>\n\n\n\n<p>\u00abEstoy encantado de que Portimao regrese al calendario de la F\u00f3rmula 1 y de que este deporte siga despertando la pasi\u00f3n de nuestra incre\u00edble afici\u00f3n portuguesa\u00bb, dijo&nbsp;<strong>Stefano Domenicali<\/strong>, presidente y director ejecutivo de la F\u00f3rmula 1. \u00abEl circuito ofrece emoci\u00f3n en la pista desde la primera curva hasta la bandera a cuadros, y su energ\u00eda levanta a los aficionados de sus asientos. El inter\u00e9s y la demanda por albergar un gran premio de F\u00f3rmula 1 son m\u00e1ximos hist\u00f3ricos, por lo que quiero agradecer a los involucrados su apoyo para el regreso de la F1 a Portugal. Espero con inter\u00e9s volver a trabajar juntos para garantizar que Portim\u00e3o regrese al calendario con fuerza\u00bb.<\/p>\n\n\n\n<figure class=\"wp-block-image size-large\"><img decoding=\"async\" width=\"1024\" height=\"683\" src=\"https:\/\/losperiodistas.com.mx\/portal\/wp-content\/uploads\/2025\/12\/acuerdo-portugal-f1-1024x683.webp\" alt=\"\" class=\"wp-image-112691\" srcset=\"https:\/\/losperiodistas.com.mx\/portal\/wp-content\/uploads\/2025\/12\/acuerdo-portugal-f1-1024x683.webp 1024w, https:\/\/losperiodistas.com.mx\/portal\/wp-content\/uploads\/2025\/12\/acuerdo-portugal-f1-300x200.webp 300w, https:\/\/losperiodistas.com.mx\/portal\/wp-content\/uploads\/2025\/12\/acuerdo-portugal-f1-768x512.webp 768w, https:\/\/losperiodistas.com.mx\/portal\/wp-content\/uploads\/2025\/12\/acuerdo-portugal-f1-1536x1024.webp 1536w, https:\/\/losperiodistas.com.mx\/portal\/wp-content\/uploads\/2025\/12\/acuerdo-portugal-f1.webp 1600w\" sizes=\"(max-width: 1024px) 100vw, 1024px\" \/><\/figure>\n\n\n\n<p>La F\u00f3rmula 1 ha visto crecer mucho el inter\u00e9s de muchos pa\u00edses por albergar la F1. Adem\u00e1s de Portugal, tambi\u00e9n han mostrado su deseo de regresar&nbsp;<a href=\"https:\/\/lat.motorsport.com\/f1\/news\/turquia-reincorporacion-calendario-f1\/10746417\/\">Turqu\u00eda,<\/a>&nbsp;Alemania o Corea del Sur, m\u00e1s all\u00e1 de&nbsp;<a href=\"https:\/\/lat.motorsport.com\/f1\/news\/tailandia-aprueba-1200-millones-gran-premio-bangkok\/10733825\/\">Tailandia<\/a>&nbsp;o&nbsp;<a href=\"https:\/\/lat.motorsport.com\/f1\/news\/ruanda-presenta-candidatura-para-carrera-f1\/10682190\/\">Ruanda<\/a>. Muchas solicitudes para un calendario que, por reglamento, puede tener un m\u00e1ximo de 24 pruebas.<\/p>\n\n\n\n<p><strong>Manuel Castro Almeida<\/strong>, Ministro de Econom\u00eda y Cohesi\u00f3n Territorial de Portugal, coment\u00f3: \u00abPortugal ha vuelto a la F\u00f3rmula 1. El Gran Premio de Portugal de F1 tendr\u00e1 un impacto directo en la actividad econ\u00f3mica, generando oportunidades en toda la cadena econ\u00f3mica, desde el turismo hasta el comercio, y desde los servicios hasta las pymes, proyectando al pa\u00eds como un destino competitivo y fiable. La celebraci\u00f3n del gran premio en el Algarve refuerza nuestra estrategia de desarrollo regional, valorizando los territorios y creando oportunidades para las econom\u00edas locales. Este ser\u00e1 un evento que, adem\u00e1s de ser una fuente de prestigio para nuestro pa\u00eds, mejorar\u00e1 la imagen de Portugal en todo el mundo\u00bb.<\/p>\n\n\n\n<p>Por \u00faltimo&nbsp;<strong>Jaime Costa<\/strong>, presidente y director ejecutivo del Aut\u00f3dromo Internacional do Algarve, declar\u00f3: \u00abEstamos encantados de dar la bienvenida de nuevo a la F\u00f3rmula 1 en Portugal y al Aut\u00f3dromo Internacional do Algarve. El Gran Premio de Portugal mostrar\u00e1 la excelencia de nuestro circuito y la pasi\u00f3n de nuestros aficionados, lo que supondr\u00e1 un gran impulso para nuestro turismo, nuestra regi\u00f3n y nuestra comunidad. Este logro solo ha sido posible gracias al apoyo continuo, desde el principio, del Gobierno portugu\u00e9s. El singular trazado de Portimao, con su peculiar dise\u00f1o de monta\u00f1a rusa, desafiar\u00e1 a los mejores pilotos del mundo y crear\u00e1 un espect\u00e1culo que encantar\u00e1 a los aficionados. Esperamos crear momentos inolvidables y establecer nuevos est\u00e1ndares de excelencia dentro y fuera de la pista\u00bb.<\/p>\n\n\n\n<figure class=\"wp-block-image size-large\"><img decoding=\"async\" width=\"1024\" height=\"682\" src=\"https:\/\/losperiodistas.com.mx\/portal\/wp-content\/uploads\/2025\/12\/portimao-1024x682.webp\" alt=\"\" class=\"wp-image-112692\" srcset=\"https:\/\/losperiodistas.com.mx\/portal\/wp-content\/uploads\/2025\/12\/portimao-1024x682.webp 1024w, https:\/\/losperiodistas.com.mx\/portal\/wp-content\/uploads\/2025\/12\/portimao-300x200.webp 300w, https:\/\/losperiodistas.com.mx\/portal\/wp-content\/uploads\/2025\/12\/portimao-768x512.webp 768w, https:\/\/losperiodistas.com.mx\/portal\/wp-content\/uploads\/2025\/12\/portimao-1536x1023.webp 1536w, https:\/\/losperiodistas.com.mx\/portal\/wp-content\/uploads\/2025\/12\/portimao.webp 1600w\" sizes=\"(max-width: 1024px) 100vw, 1024px\" \/><\/figure>\n\n\n\n<h4 class=\"wp-block-heading\"><\/h4>\n\n\n\n<p>Fuente: <a href=\"https:\/\/lat.motorsport.com\/f1\/news\/portugal-regreso-formula1-2027-2028\/10784988\/\">https:\/\/lat.motorsport.com\/f1\/news\/portugal-regreso-formula1-2027-2028\/10784988\/<\/a><\/p>\n","protected":false},"excerpt":{"rendered":"<p>La F\u00f3rmula 1 tendr\u00e1 GP de Portugal en Portimao en las temporadas 2027 y 2028 sustituyendo a Zandvoort. La F1 [&hellip;]<\/p>\n","protected":false},"author":1,"featured_media":112690,"comment_status":"open","ping_status":"open","sticky":false,"template":"","format":"standard","meta":{"site-sidebar-layout":"default","site-content-layout":"","ast-site-content-layout":"default","site-content-style":"default","site-sidebar-style":"default","ast-global-header-display":"","ast-banner-title-visibility":"","ast-main-header-display":"","ast-hfb-above-header-display":"","ast-hfb-below-header-display":"","ast-hfb-mobile-header-display":"","site-post-title":"","ast-breadcrumbs-content":"","ast-featured-img":"","footer-sml-layout":"","theme-transparent-header-meta":"","adv-header-id-meta":"","stick-header-meta":"","header-above-stick-meta":"","header-main-stick-meta":"","header-below-stick-meta":"","astra-migrate-meta-layouts":"default","ast-page-background-enabled":"default","ast-page-background-meta":{"desktop":{"background-color":"var(--ast-global-color-4)","background-image":"","background-repeat":"repeat","background-position":"center center","background-size":"auto","background-attachment":"scroll","background-type":"","background-media":"","overlay-type":"","overlay-color":"","overlay-opacity":"","overlay-gradient":""},"tablet":{"background-color":"","background-image":"","background-repeat":"repeat","background-position":"center center","background-size":"auto","background-attachment":"scroll","background-type":"","background-media":"","overlay-type":"","overlay-color":"","overlay-opacity":"","overlay-gradient":""},"mobile":{"background-color":"","background-image":"","background-repeat":"repeat","background-position":"center center","background-size":"auto","background-attachment":"scroll","background-type":"","background-media":"","overlay-type":"","overlay-color":"","overlay-opacity":"","overlay-gradient":""}},"ast-content-background-meta":{"desktop":{"background-color":"var(--ast-global-color-5)","background-image":"","background-repeat":"repeat","background-position":"center center","background-size":"auto","background-attachment":"scroll","background-type":"","background-media":"","overlay-type":"","overlay-color":"","overlay-opacity":"","overlay-gradient":""},"tablet":{"background-color":"var(--ast-global-color-5)","background-image":"","background-repeat":"repeat","background-position":"center center","background-size":"auto","background-attachment":"scroll","background-type":"","background-media":"","overlay-type":"","overlay-color":"","overlay-opacity":"","overlay-gradient":""},"mobile":{"background-color":"var(--ast-global-color-5)","background-image":"","background-repeat":"repeat","background-position":"center center","background-size":"auto","background-attachment":"scroll","background-type":"","background-media":"","overlay-type":"","overlay-color":"","overlay-opacity":"","overlay-gradient":""}},"footnotes":""},"categories":[8],"tags":[44402,44403],"class_list":["post-112689","post","type-post","status-publish","format-standard","has-post-thumbnail","hentry","category-noticias","tag-circuito-internacional-del-algarve","tag-gp-de-portugal-2026"],"_links":{"self":[{"href":"https:\/\/losperiodistas.com.mx\/portal\/wp-json\/wp\/v2\/posts\/112689","targetHints":{"allow":["GET"]}}],"collection":[{"href":"https:\/\/losperiodistas.com.mx\/portal\/wp-json\/wp\/v2\/posts"}],"about":[{"href":"https:\/\/losperiodistas.com.mx\/portal\/wp-json\/wp\/v2\/types\/post"}],"author":[{"embeddable":true,"href":"https:\/\/losperiodistas.com.mx\/portal\/wp-json\/wp\/v2\/users\/1"}],"replies":[{"embeddable":true,"href":"https:\/\/losperiodistas.com.mx\/portal\/wp-json\/wp\/v2\/comments?post=112689"}],"version-history":[{"count":1,"href":"https:\/\/losperiodistas.com.mx\/portal\/wp-json\/wp\/v2\/posts\/112689\/revisions"}],"predecessor-version":[{"id":112693,"href":"https:\/\/losperiodistas.com.mx\/portal\/wp-json\/wp\/v2\/posts\/112689\/revisions\/112693"}],"wp:featuredmedia":[{"embeddable":true,"href":"https:\/\/losperiodistas.com.mx\/portal\/wp-json\/wp\/v2\/media\/112690"}],"wp:attachment":[{"href":"https:\/\/losperiodistas.com.mx\/portal\/wp-json\/wp\/v2\/media?parent=112689"}],"wp:term":[{"taxonomy":"category","embeddable":true,"href":"https:\/\/losperiodistas.com.mx\/portal\/wp-json\/wp\/v2\/categories?post=112689"},{"taxonomy":"post_tag","embeddable":true,"href":"https:\/\/losperiodistas.com.mx\/portal\/wp-json\/wp\/v2\/tags?post=112689"}],"curies":[{"name":"wp","href":"https:\/\/api.w.org\/{rel}","templated":true}]}}