{"id":112685,"date":"2025-12-16T06:33:07","date_gmt":"2025-12-16T12:33:07","guid":{"rendered":"https:\/\/losperiodistas.com.mx\/portal\/?p=112685"},"modified":"2025-12-16T06:33:08","modified_gmt":"2025-12-16T12:33:08","slug":"dia-internacional-contra-la-soledad-no-deseada-did","status":"publish","type":"post","link":"https:\/\/losperiodistas.com.mx\/portal\/dia-internacional-contra-la-soledad-no-deseada-did\/","title":{"rendered":"D\u00eda Internacional contra la Soledad No Deseada | DID"},"content":{"rendered":"\n<figure class=\"wp-block-image aligncenter size-full is-resized\"><img fetchpriority=\"high\" decoding=\"async\" width=\"305\" height=\"203\" src=\"https:\/\/losperiodistas.com.mx\/portal\/wp-content\/uploads\/2025\/12\/12-16_dia-internacional-contra-soledad-no-deseada.jpg\" alt=\"\" class=\"wp-image-112686\" style=\"width:565px;height:auto\" srcset=\"https:\/\/losperiodistas.com.mx\/portal\/wp-content\/uploads\/2025\/12\/12-16_dia-internacional-contra-soledad-no-deseada.jpg 305w, https:\/\/losperiodistas.com.mx\/portal\/wp-content\/uploads\/2025\/12\/12-16_dia-internacional-contra-soledad-no-deseada-300x200.jpg 300w\" sizes=\"(max-width: 305px) 100vw, 305px\" \/><\/figure>\n\n\n\n<p><\/p>\n\n\n\n<p class=\"has-vivid-red-color has-text-color has-link-color has-medium-font-size wp-elements-3aa118b0468398fc8c867f42a873ef01\"><strong>REDACCI\u00d3N D\u00cdA INTERNACIONAL DE<\/strong><\/p>\n\n\n\n<p>Cada vez son m\u00e1s las voces que alertan sobre una problem\u00e1tica que afecta a millones de personas en el mundo: la soledad no deseada. Una epidemia silenciosa que afecta a personas de todas la edades y en todas las regiones del mundo, y que puede causar graves consecuencias para la salud mental y f\u00edsica.<\/p>\n\n\n\n<p><strong>Por ello, la Fundaci\u00f3n Social Padre \u00c1ngel y la Asociaci\u00f3n Mensajeros de la Paz impulsan el D\u00eda Internacional contra la Soledad No Deseada<\/strong>, una jornada dedicada a concienciar sobre este problema creciente y a promover soluciones para mitigar sus efectos en la sociedad.<\/p>\n\n\n\n<figure class=\"wp-block-embed is-type-rich is-provider-gestor-del-servicio wp-block-embed-gestor-del-servicio wp-embed-aspect-16-9 wp-has-aspect-ratio\"><div class=\"wp-block-embed__wrapper\">\n<iframe title=\"El Padre \u00c1ngel propone el D\u00eda Internacional contra la Soledad No Deseada para el 16 de diciembre\" width=\"500\" height=\"281\" src=\"https:\/\/www.youtube.com\/embed\/t_ZNL1ut9zw?feature=oembed\" frameborder=\"0\" allow=\"accelerometer; autoplay; clipboard-write; encrypted-media; gyroscope; picture-in-picture; web-share\" referrerpolicy=\"strict-origin-when-cross-origin\" allowfullscreen><\/iframe>\n<\/div><\/figure>\n\n\n\n<p>El Padre \u00c1ngel propone el D\u00eda Internacional contra la Soledad No Deseada para el 16 de diciembre<\/p>\n\n\n\n<h2 class=\"wp-block-heading\" id=\"resTit_2\">\u00bfCu\u00e1ndo es el D\u00eda Internacional contra la Soledad No Deseada?<\/h2>\n\n\n\n<p><strong>El D\u00eda Internacional contra la soledad no deseada se conmemora cada 16 de diciembre,<\/strong>&nbsp;que coincide con el aniversario del nacimiento del c\u00e9lebre compositor Ludwig van&nbsp;<strong>Beethoven<\/strong>.<\/p>\n\n\n\n<p>Beethoven padeci\u00f3 el aislamiento social, en su caso, debido a su discapacidad auditiva, aunque eso no le impidi\u00f3 crear obras tan maravillosas como la Novena Sinfon\u00eda, con su Oda a la Alegr\u00eda que sigue despertando en todos los que la escuchamos un anhelo de paz y fraternidad.<\/p>\n\n\n\n<figure class=\"wp-block-image\"><img decoding=\"async\" src=\"https:\/\/www.diainternacionalde.com\/imagenes\/dias\/diciembre\/12-16_dia-internacional-contra-soledad-no-deseada_beethoven_s.jpg\" alt=\"Beethoven en 1823, a\u00f1o en que termin\u00f3 su Novena sinfon\u00eda. Retrato de Ferdinand Georg Waldm\u00fcller\" title=\"Beethoven en 1823, a\u00f1o en que termin\u00f3 su Novena sinfon\u00eda. Retrato de Ferdinand Georg Waldm\u00fcller\"\/><figcaption class=\"wp-element-caption\">Beethoven en 1823, a\u00f1o en que termin\u00f3 su Novena sinfon\u00eda. Retrato de Ferdinand Georg Waldm\u00fcller<\/figcaption><\/figure>\n\n\n\n<h2 class=\"wp-block-heading\" id=\"entrevista-2025\">Entrevista al Padre \u00c1ngel, impulsor del D\u00eda contra la Soledad No Deseada<\/h2>\n\n\n\n<p>En relaci\u00f3n con este tema, hemos hablado con el Padre \u00c1ngel, fundador de Mensajeros de la Paz, condecorado con el Premio Principe de Asturias de la Concordia. Nos habla de c\u00f3mo ha trabajado durante a\u00f1os para paliar la soledad y qu\u00e9 podemos hacer cada uno de nosotros en nuestro entorno para mejorar este problema cada vez m\u00e1s creciente en nuestra sociedad.<\/p>\n\n\n\n<figure class=\"wp-block-image\"><a href=\"https:\/\/www.diainternacionalde.com\/entrevistas\/padre-angel-contra-soledad-no-deseada\"><img decoding=\"async\" src=\"https:\/\/www.diainternacionalde.com\/imagenes\/personas\/padre-angel-v.jpg\" alt=\"Padre \u00c1ngel\" title=\"Padre \u00c1ngel\"\/><\/a><\/figure>\n\n\n\n<h2 class=\"wp-block-heading has-medium-font-size\" id=\"resTit_4\"><a href=\"https:\/\/www.diainternacionalde.com\/entrevistas\/padre-angel-contra-soledad-no-deseada\">ENTREVISTA. Padre \u00c1ngel, fundador de la ONG Mensajeros de la Paz, galardonada con el Premio Pr\u00edncipe de Asturias de la Concordia en 1994: &#8216;La soledad no deseada no se combate ni con alcohol ni con dinero, se combate con compa\u00f1\u00eda&#8217;.<\/a><\/h2>\n\n\n\n<p><a href=\"https:\/\/twitter.com\/paz_mensajeros\" target=\"_blank\" rel=\"noreferrer noopener\">paz_mensajeros<\/a><a href=\"https:\/\/es.linkedin.com\/in\/asociacion-mensajeros-de-la-paz\" target=\"_blank\" rel=\"noreferrer noopener\">asociacion-mensajeros-de-la-paz<\/a><\/p>\n\n\n\n<p><a href=\"https:\/\/www.diainternacionalde.com\/entrevistas\/padre-angel-contra-soledad-no-deseada\">ver entrevista completa<\/a><\/p>\n\n\n\n<p><img decoding=\"async\" src=\"https:\/\/www.diainternacionalde.com\/imagenes\/equipo-humano\/patricia-lopez-redactora-jefa.jpg\">Patricia L\u00f3pez. Periodista.<a href=\"https:\/\/twitter.com\/plcasalengua\" target=\"_blank\" rel=\"noreferrer noopener\">plcasalengua<\/a><\/p>\n\n\n\n<p>Fuente: <a href=\"https:\/\/www.diainternacionalde.com\/ficha\/dia-internacional-contra-soledad-no-deseada\">https:\/\/www.diainternacionalde.com\/ficha\/dia-internacional-contra-soledad-no-deseada<\/a><\/p>\n","protected":false},"excerpt":{"rendered":"<p>REDACCI\u00d3N D\u00cdA INTERNACIONAL DE Cada vez son m\u00e1s las voces que alertan sobre una problem\u00e1tica que afecta a millones de [&hellip;]<\/p>\n","protected":false},"author":1,"featured_media":112686,"comment_status":"open","ping_status":"open","sticky":false,"template":"","format":"standard","meta":{"site-sidebar-layout":"default","site-content-layout":"","ast-site-content-layout":"default","site-content-style":"default","site-sidebar-style":"default","ast-global-header-display":"","ast-banner-title-visibility":"","ast-main-header-display":"","ast-hfb-above-header-display":"","ast-hfb-below-header-display":"","ast-hfb-mobile-header-display":"","site-post-title":"","ast-breadcrumbs-content":"","ast-featured-img":"","footer-sml-layout":"","theme-transparent-header-meta":"","adv-header-id-meta":"","stick-header-meta":"","header-above-stick-meta":"","header-main-stick-meta":"","header-below-stick-meta":"","astra-migrate-meta-layouts":"default","ast-page-background-enabled":"default","ast-page-background-meta":{"desktop":{"background-color":"var(--ast-global-color-4)","background-image":"","background-repeat":"repeat","background-position":"center center","background-size":"auto","background-attachment":"scroll","background-type":"","background-media":"","overlay-type":"","overlay-color":"","overlay-opacity":"","overlay-gradient":""},"tablet":{"background-color":"","background-image":"","background-repeat":"repeat","background-position":"center center","background-size":"auto","background-attachment":"scroll","background-type":"","background-media":"","overlay-type":"","overlay-color":"","overlay-opacity":"","overlay-gradient":""},"mobile":{"background-color":"","background-image":"","background-repeat":"repeat","background-position":"center center","background-size":"auto","background-attachment":"scroll","background-type":"","background-media":"","overlay-type":"","overlay-color":"","overlay-opacity":"","overlay-gradient":""}},"ast-content-background-meta":{"desktop":{"background-color":"var(--ast-global-color-5)","background-image":"","background-repeat":"repeat","background-position":"center center","background-size":"auto","background-attachment":"scroll","background-type":"","background-media":"","overlay-type":"","overlay-color":"","overlay-opacity":"","overlay-gradient":""},"tablet":{"background-color":"var(--ast-global-color-5)","background-image":"","background-repeat":"repeat","background-position":"center center","background-size":"auto","background-attachment":"scroll","background-type":"","background-media":"","overlay-type":"","overlay-color":"","overlay-opacity":"","overlay-gradient":""},"mobile":{"background-color":"var(--ast-global-color-5)","background-image":"","background-repeat":"repeat","background-position":"center center","background-size":"auto","background-attachment":"scroll","background-type":"","background-media":"","overlay-type":"","overlay-color":"","overlay-opacity":"","overlay-gradient":""}},"footnotes":""},"categories":[8],"tags":[44399,44401,44400],"class_list":["post-112685","post","type-post","status-publish","format-standard","has-post-thumbnail","hentry","category-noticias","tag-dia-internacional-contra-la-soledad-no-deseada","tag-mensajeros-de-la-paz","tag-padre-angel"],"_links":{"self":[{"href":"https:\/\/losperiodistas.com.mx\/portal\/wp-json\/wp\/v2\/posts\/112685","targetHints":{"allow":["GET"]}}],"collection":[{"href":"https:\/\/losperiodistas.com.mx\/portal\/wp-json\/wp\/v2\/posts"}],"about":[{"href":"https:\/\/losperiodistas.com.mx\/portal\/wp-json\/wp\/v2\/types\/post"}],"author":[{"embeddable":true,"href":"https:\/\/losperiodistas.com.mx\/portal\/wp-json\/wp\/v2\/users\/1"}],"replies":[{"embeddable":true,"href":"https:\/\/losperiodistas.com.mx\/portal\/wp-json\/wp\/v2\/comments?post=112685"}],"version-history":[{"count":1,"href":"https:\/\/losperiodistas.com.mx\/portal\/wp-json\/wp\/v2\/posts\/112685\/revisions"}],"predecessor-version":[{"id":112688,"href":"https:\/\/losperiodistas.com.mx\/portal\/wp-json\/wp\/v2\/posts\/112685\/revisions\/112688"}],"wp:featuredmedia":[{"embeddable":true,"href":"https:\/\/losperiodistas.com.mx\/portal\/wp-json\/wp\/v2\/media\/112686"}],"wp:attachment":[{"href":"https:\/\/losperiodistas.com.mx\/portal\/wp-json\/wp\/v2\/media?parent=112685"}],"wp:term":[{"taxonomy":"category","embeddable":true,"href":"https:\/\/losperiodistas.com.mx\/portal\/wp-json\/wp\/v2\/categories?post=112685"},{"taxonomy":"post_tag","embeddable":true,"href":"https:\/\/losperiodistas.com.mx\/portal\/wp-json\/wp\/v2\/tags?post=112685"}],"curies":[{"name":"wp","href":"https:\/\/api.w.org\/{rel}","templated":true}]}}