{"id":112680,"date":"2025-12-16T06:23:40","date_gmt":"2025-12-16T12:23:40","guid":{"rendered":"https:\/\/losperiodistas.com.mx\/portal\/?p=112680"},"modified":"2025-12-16T06:23:52","modified_gmt":"2025-12-16T12:23:52","slug":"opinion-encuestas-dan-60-de-aprobacion-a-armenta","status":"publish","type":"post","link":"https:\/\/losperiodistas.com.mx\/portal\/opinion-encuestas-dan-60-de-aprobacion-a-armenta\/","title":{"rendered":"Opini\u00f3n | Encuestas dan 60 % de aprobaci\u00f3n a Armenta"},"content":{"rendered":"\n<p class=\"has-medium-font-size\">*La \u201cDanza de los Millones\u201d frente al Museo Barroco<\/p>\n\n\n\n<figure class=\"wp-block-image size-large\"><img fetchpriority=\"high\" decoding=\"async\" width=\"1024\" height=\"689\" src=\"https:\/\/losperiodistas.com.mx\/portal\/wp-content\/uploads\/2025\/12\/ENCUESTA-DE-ARMENTA-1024x689.jpg\" alt=\"\" class=\"wp-image-112681\" srcset=\"https:\/\/losperiodistas.com.mx\/portal\/wp-content\/uploads\/2025\/12\/ENCUESTA-DE-ARMENTA-1024x689.jpg 1024w, https:\/\/losperiodistas.com.mx\/portal\/wp-content\/uploads\/2025\/12\/ENCUESTA-DE-ARMENTA-300x202.jpg 300w, https:\/\/losperiodistas.com.mx\/portal\/wp-content\/uploads\/2025\/12\/ENCUESTA-DE-ARMENTA-768x517.jpg 768w, https:\/\/losperiodistas.com.mx\/portal\/wp-content\/uploads\/2025\/12\/ENCUESTA-DE-ARMENTA.jpg 1509w\" sizes=\"(max-width: 1024px) 100vw, 1024px\" \/><\/figure>\n\n\n\n<p class=\"has-vivid-red-color has-text-color has-link-color has-medium-font-size wp-elements-c435e5ba213701f78ff4dca884d2b0d0\"><em><strong>Por Ra\u00fal Torres Salmer\u00f3n \/ Sin L\u00edmites<\/strong><\/em><\/p>\n\n\n\n<p>En promedio de tres encuestas, el Gobernador Alejandro Armenta registra un 60 por ciento de aceptaci\u00f3n.<\/p>\n\n\n\n<p>Seg\u00fan la encuesta Enkoll publicada en el diario nacional El Universal, el 91 por ciento de los poblanos lo conoce o ha escuchado hablar de \u00e9l; el 60 por ciento lo aprueba; el 35 por ciento desaprueba su gesti\u00f3n y el 5 por ciento no sabe o no respondi\u00f3.&nbsp;<\/p>\n\n\n\n<p>Por otro lado, Indicadores SC, informa que Alejandro Armenta llega a su Primer Informe de Gobierno con un 68.8 por ciento de aprobaci\u00f3n ciudadana. El documento se hizo con la opini\u00f3n de personas de 64 municipios. Seg\u00fan los resultados, el 27.7 por ciento lo desaprueba y al 3.5 por ciento le resulta indiferente.<\/p>\n\n\n\n<p>Finalmente, en la encuesta mensual de Evaluaci\u00f3n del Poder, Consulta Mitofsky, el Gobernador sube de aceptaci\u00f3n cada mes. En octubre registr\u00f3 50.9 por ciento de aceptaci\u00f3n y en noviembre alcanz\u00f3 el 52.3 por ciento.<\/p>\n\n\n\n<p>La suma y divisi\u00f3n de las tres encuestas arrojan finalmente una aprobaci\u00f3n del 60 por ciento para su Gobierno en el primer a\u00f1o de administraci\u00f3n. Nada mal para un a\u00f1o de gesti\u00f3n.<\/p>\n\n\n\n<p>En la m\u00e1s amplia encuesta, la de Enkoll en el Universal, expone que la administraci\u00f3n armentista obtiene una calificaci\u00f3n promedio de 6 en una escala del 1 al 10. Entre quienes lo identifican, 45 por ciento tiene una opini\u00f3n buena o muy buena, el 35 por ciento mala o muy mala y el 17 por ciento la considera regular. En los atributos personales evaluados, 62 por ciento lo describe como una persona trabajadora y 56 por ciento se\u00f1ala que est\u00e1 preparado para el cargo.<\/p>\n\n\n\n<figure class=\"wp-block-image size-large\"><img decoding=\"async\" width=\"1024\" height=\"659\" src=\"https:\/\/losperiodistas.com.mx\/portal\/wp-content\/uploads\/2025\/12\/EVALUACION-DE-PARTIDOS-1024x659.jpg\" alt=\"\" class=\"wp-image-112682\" srcset=\"https:\/\/losperiodistas.com.mx\/portal\/wp-content\/uploads\/2025\/12\/EVALUACION-DE-PARTIDOS-1024x659.jpg 1024w, https:\/\/losperiodistas.com.mx\/portal\/wp-content\/uploads\/2025\/12\/EVALUACION-DE-PARTIDOS-300x193.jpg 300w, https:\/\/losperiodistas.com.mx\/portal\/wp-content\/uploads\/2025\/12\/EVALUACION-DE-PARTIDOS-768x494.jpg 768w, https:\/\/losperiodistas.com.mx\/portal\/wp-content\/uploads\/2025\/12\/EVALUACION-DE-PARTIDOS.jpg 1459w\" sizes=\"(max-width: 1024px) 100vw, 1024px\" \/><\/figure>\n\n\n\n<p>Con respecto al contexto pol\u00edtico que midi\u00f3 la encuesta sobre su relaci\u00f3n con el Gobierno Federal, 53 por ciento considera que la relaci\u00f3n entre Alejandro Armenta y la Presidenta Claudia Sheinbaum es muy o algo cercana, mientras que 35 por ciento la percibe como poco o nada cercana.<\/p>\n\n\n\n<p>En cuanto al desempe\u00f1o de Gobierno, los principales logros que se le atribuyen son la obra p\u00fablica en un 11 por ciento, los apoyos sociales en un 10 por ciento y las mejoras en \u00e1reas de gobierno en un 9 por ciento. La inseguridad es el problema que m\u00e1s preocupa a los poblanos al llegar al 64 por ciento y en especial robos y asaltos en un 70 por ciento.<\/p>\n\n\n\n<p>Finalmente, en afinidad partidista, 36 por ciento de los entrevistados se identifica con Morena; 15 por ciento con el PAN y 7 por ciento con el PRI. El MC, PVEM y PT alcanzan 4 por ciento cada uno. El 24 por ciento se considera apartidista.<\/p>\n\n\n\n<p><strong>EL RECUENTO ANUAL<\/strong><\/p>\n\n\n\n<p>El recuento anual gubernamental a cargo de Alejandro Armenta, le\u00eddo el s\u00e1bado pasado al aire libre, bajo un enlonado frente al Museo Barroco en la zona de Angel\u00f3polis, es m\u00e1s que un informe tradicional, es la sepultura de los anteriores gobiernos, sobre todo al del panista ya fallecido Rafael Moreno Valle Rosas.<\/p>\n\n\n\n<p>Son cifras de inversi\u00f3n, de obras, logros y proyectos de una Puebla cuyas bases sent\u00f3 el morenista Sergio Salom\u00f3n C\u00e9spedes, al lograr la unidad y tranquilidad en el Estado de Puebla.<\/p>\n\n\n\n<p>Entre los datos m\u00e1s importantes de su gesti\u00f3n son los mil millones de pesos a invertir en obras comunitarias; mil 630 millones de pesos para el campo poblano; la instalaci\u00f3n del Centro Poblano de Salud Mental Integral (CEPOSAMI); la apertura&nbsp; de las Casas Libre-Carmen Serd\u00e1n en el Estado; la atenci\u00f3n inmediata a los damnificados por las inundaciones por las lluvias de la Sierra Norte; la disminuci\u00f3n de los n\u00fameros sobre de 14 delitos de alto impacto; el permanente combate al huachicol; la ayuda de PEMEX para obras y rehabilitaci\u00f3n de calles.<\/p>\n\n\n\n<p>Fuera de obras y cifras, que anta\u00f1o se defin\u00edan como la danza de los millones, hay aspectos interesantes como el freno al saqueo y la corrupci\u00f3n, la bio\u00e9tica para gobernar, la actuaci\u00f3n con visi\u00f3n de Estado y sobre todo gobernar y atender a todos.<\/p>\n\n\n\n<p>Entre los planes para 2026, est\u00e1n el inicio del Cableb\u00fas; la recuperaci\u00f3n y consolidaci\u00f3n de San Jos\u00e9 Chiapa o Ciudad Modelo con inversiones; recuperar Flor del Bosque; la construcci\u00f3n de una casa del Abue en el sur de Puebla Capital, la edificaci\u00f3n de la Casa de la Maternidad; ampliaci\u00f3n importante de las ciclo v\u00edas; la culminaci\u00f3n de la Universidad del Deporte; la conclusi\u00f3n del Puente La Panga en Valsequillo; construir el Foro Pensar en Grande en donde est\u00e1 la Plaza de Toros El Relicario; el Centro Agropecuario; el Mercado de Acatzingo y la Universidad de las Bellas Artes, con m\u00e1s de 7 carreras dentro del Museo Barroco.<\/p>\n\n\n\n<p>En fin, como dice la copla flamenca:<\/p>\n\n\n\n<p>\u00a1Qu\u00e9 oficio tan tremendo<\/p>\n\n\n\n<p>es el de la construcci\u00f3n!<\/p>\n\n\n\n<p>aunque el trabajo sea duro,<\/p>\n\n\n\n<p>no les falta el buen humor.<\/p>\n\n\n\n<p>raultorress@hotmail.com<\/p>\n","protected":false},"excerpt":{"rendered":"<p>*La \u201cDanza de los Millones\u201d frente al Museo Barroco Por Ra\u00fal Torres Salmer\u00f3n \/ Sin L\u00edmites En promedio de tres [&hellip;]<\/p>\n","protected":false},"author":1,"featured_media":112681,"comment_status":"open","ping_status":"open","sticky":false,"template":"","format":"standard","meta":{"site-sidebar-layout":"default","site-content-layout":"","ast-site-content-layout":"default","site-content-style":"default","site-sidebar-style":"default","ast-global-header-display":"","ast-banner-title-visibility":"","ast-main-header-display":"","ast-hfb-above-header-display":"","ast-hfb-below-header-display":"","ast-hfb-mobile-header-display":"","site-post-title":"","ast-breadcrumbs-content":"","ast-featured-img":"","footer-sml-layout":"","theme-transparent-header-meta":"","adv-header-id-meta":"","stick-header-meta":"","header-above-stick-meta":"","header-main-stick-meta":"","header-below-stick-meta":"","astra-migrate-meta-layouts":"default","ast-page-background-enabled":"default","ast-page-background-meta":{"desktop":{"background-color":"var(--ast-global-color-4)","background-image":"","background-repeat":"repeat","background-position":"center center","background-size":"auto","background-attachment":"scroll","background-type":"","background-media":"","overlay-type":"","overlay-color":"","overlay-opacity":"","overlay-gradient":""},"tablet":{"background-color":"","background-image":"","background-repeat":"repeat","background-position":"center center","background-size":"auto","background-attachment":"scroll","background-type":"","background-media":"","overlay-type":"","overlay-color":"","overlay-opacity":"","overlay-gradient":""},"mobile":{"background-color":"","background-image":"","background-repeat":"repeat","background-position":"center center","background-size":"auto","background-attachment":"scroll","background-type":"","background-media":"","overlay-type":"","overlay-color":"","overlay-opacity":"","overlay-gradient":""}},"ast-content-background-meta":{"desktop":{"background-color":"var(--ast-global-color-5)","background-image":"","background-repeat":"repeat","background-position":"center center","background-size":"auto","background-attachment":"scroll","background-type":"","background-media":"","overlay-type":"","overlay-color":"","overlay-opacity":"","overlay-gradient":""},"tablet":{"background-color":"var(--ast-global-color-5)","background-image":"","background-repeat":"repeat","background-position":"center center","background-size":"auto","background-attachment":"scroll","background-type":"","background-media":"","overlay-type":"","overlay-color":"","overlay-opacity":"","overlay-gradient":""},"mobile":{"background-color":"var(--ast-global-color-5)","background-image":"","background-repeat":"repeat","background-position":"center center","background-size":"auto","background-attachment":"scroll","background-type":"","background-media":"","overlay-type":"","overlay-color":"","overlay-opacity":"","overlay-gradient":""}},"footnotes":""},"categories":[8,19],"tags":[44398],"class_list":["post-112680","post","type-post","status-publish","format-standard","has-post-thumbnail","hentry","category-noticias","category-sin-limites-2","tag-alejandro-armenta-aceptacion"],"_links":{"self":[{"href":"https:\/\/losperiodistas.com.mx\/portal\/wp-json\/wp\/v2\/posts\/112680","targetHints":{"allow":["GET"]}}],"collection":[{"href":"https:\/\/losperiodistas.com.mx\/portal\/wp-json\/wp\/v2\/posts"}],"about":[{"href":"https:\/\/losperiodistas.com.mx\/portal\/wp-json\/wp\/v2\/types\/post"}],"author":[{"embeddable":true,"href":"https:\/\/losperiodistas.com.mx\/portal\/wp-json\/wp\/v2\/users\/1"}],"replies":[{"embeddable":true,"href":"https:\/\/losperiodistas.com.mx\/portal\/wp-json\/wp\/v2\/comments?post=112680"}],"version-history":[{"count":2,"href":"https:\/\/losperiodistas.com.mx\/portal\/wp-json\/wp\/v2\/posts\/112680\/revisions"}],"predecessor-version":[{"id":112684,"href":"https:\/\/losperiodistas.com.mx\/portal\/wp-json\/wp\/v2\/posts\/112680\/revisions\/112684"}],"wp:featuredmedia":[{"embeddable":true,"href":"https:\/\/losperiodistas.com.mx\/portal\/wp-json\/wp\/v2\/media\/112681"}],"wp:attachment":[{"href":"https:\/\/losperiodistas.com.mx\/portal\/wp-json\/wp\/v2\/media?parent=112680"}],"wp:term":[{"taxonomy":"category","embeddable":true,"href":"https:\/\/losperiodistas.com.mx\/portal\/wp-json\/wp\/v2\/categories?post=112680"},{"taxonomy":"post_tag","embeddable":true,"href":"https:\/\/losperiodistas.com.mx\/portal\/wp-json\/wp\/v2\/tags?post=112680"}],"curies":[{"name":"wp","href":"https:\/\/api.w.org\/{rel}","templated":true}]}}