{"id":112430,"date":"2025-12-11T22:51:00","date_gmt":"2025-12-12T04:51:00","guid":{"rendered":"https:\/\/losperiodistas.com.mx\/portal\/?p=112430"},"modified":"2025-12-11T22:51:03","modified_gmt":"2025-12-12T04:51:03","slug":"time-nombra-persona-del-ano-a-los-arquitectos-de-la-ia-entre-ellos-elon-musk-sam-altman-y-jensen-huang-el-universal","status":"publish","type":"post","link":"https:\/\/losperiodistas.com.mx\/portal\/time-nombra-persona-del-ano-a-los-arquitectos-de-la-ia-entre-ellos-elon-musk-sam-altman-y-jensen-huang-el-universal\/","title":{"rendered":"Time nombra Persona del A\u00f1o a los \u00abarquitectos de la IA\u00bb, entre ellos Elon Musk, Sam Altman y Jensen Huang | El Universal"},"content":{"rendered":"\n<p>\u00abHan tomado el volante de la Historia, desarrollando tecnolog\u00eda y tomando decisiones que est\u00e1n remodelando el panorama de la informaci\u00f3n, el clima y nuestros medios de vida\u00bb, afirma la revista<\/p>\n\n\n\n<figure class=\"wp-block-image size-large\"><img fetchpriority=\"high\" decoding=\"async\" width=\"1024\" height=\"631\" src=\"https:\/\/losperiodistas.com.mx\/portal\/wp-content\/uploads\/2025\/12\/PrecursoresIA-1024x631.png\" alt=\"\" class=\"wp-image-112431\" srcset=\"https:\/\/losperiodistas.com.mx\/portal\/wp-content\/uploads\/2025\/12\/PrecursoresIA-1024x631.png 1024w, https:\/\/losperiodistas.com.mx\/portal\/wp-content\/uploads\/2025\/12\/PrecursoresIA-300x185.png 300w, https:\/\/losperiodistas.com.mx\/portal\/wp-content\/uploads\/2025\/12\/PrecursoresIA-768x473.png 768w, https:\/\/losperiodistas.com.mx\/portal\/wp-content\/uploads\/2025\/12\/PrecursoresIA.png 1351w\" sizes=\"(max-width: 1024px) 100vw, 1024px\" \/><figcaption class=\"wp-element-caption\">Sam Altman, de OpenAI; Elon Musk, de xAI; y Jensen Huang, de Nvidia. Foto: especial<\/figcaption><\/figure>\n\n\n\n<p class=\"has-vivid-red-color has-text-color has-link-color wp-elements-ab482743c3a845b5e15541dcdb1cf81d\">Redacci\u00f3n \/ El Universal<\/p>\n\n\n\n<p>La <strong>revista Time<\/strong> nombr\u00f3 el jueves como personalidad del a\u00f1o a los \u00ab<strong>arquitectos <\/strong>de la <strong>Inteligencia Artificial (IA)<\/strong>\u00ab, por considerar que su trabajo en el desarrollo de esta <strong>tecnolog\u00eda <\/strong>de vanguardia est\u00e1 transformando la humanidad.<\/p>\n\n\n\n<p><strong>Jensen Huang<\/strong>, de <strong>Nvidia<\/strong>; <strong>Sam Altman<\/strong>, de <strong>OpenAI<\/strong>; y <strong>Elon Musk<\/strong>, de <strong>xAI<\/strong>, figuran entre los <strong>empresarios <\/strong>que \u00abhan tomado el volante de la Historia, desarrollando tecnolog\u00eda y tomando decisiones que est\u00e1n remodelando el panorama de la informaci\u00f3n, el clima y nuestros medios de vida\u00bb, se\u00f1al\u00f3 la revista estadounidense.<\/p>\n\n\n\n<p>\u00abReorientaron la pol\u00edtica gubernamental, alteraron las rivalidades geopol\u00edticas y llevaron robots a los hogares. La IA emergi\u00f3, podr\u00eda decirse, como la herramienta m\u00e1s relevante en la competencia entre grandes potencias desde el advenimiento de las armas nucleares\u00bb, a\u00f1adi\u00f3 Time.<\/p>\n\n\n\n<p>La revista represent\u00f3 en una de sus portadas a ocho <strong>empresarios <\/strong>del rubro sentados en una viga suspendida sobre una ciudad, en una ilustraci\u00f3n que recrea una ic\u00f3nica fotograf\u00eda de 1932 de un grupo de <strong>obreros de la construcci\u00f3n<\/strong> durante su descanso en un rascacielos de <strong>Nueva York<\/strong>.<\/p>\n\n\n\n<p>Los empresarios en la imagen son el jefe de <strong>Meta<\/strong>, <strong>Mark Zuckerberg<\/strong>; <strong>Lisa Su<\/strong>, de la empresa de semiconductores <strong>AMD<\/strong>; Elon Musk, de xAI; Jensen Huang, de Nvidia; Sam Altman, de OpenAI; <strong>Demis Hassabis<\/strong>, de la divisi\u00f3n de IA de <strong>Google<\/strong>, DeepMind; <strong>Dario Amodei<\/strong> de <strong>Anthropic<\/strong> y, por \u00faltimo, la experta de la Universidad de Stanford, <strong>Fei-Fei Li<\/strong>, considerada la <strong>\u00abmadrina\u00bb de la IA<\/strong>.<\/p>\n\n\n\n<p>En 2024, la revista eligi\u00f3 al presidente de Estados Unidos, <strong>Donald Trump<\/strong>, como la personalidad del a\u00f1o.<\/p>\n\n\n\n<p>La distinci\u00f3n, concedida desde 1927, suele destacar personalidades influyentes en la escena internacional, aunque no necesariamente populares o que cuentan con el apoyo de la revista.<\/p>\n\n\n\n<p>La lista de la publicaci\u00f3n incluye personajes como <strong>Adolf Hitler<\/strong> en 1938, hasta la estrella pop <strong>Taylor Swift<\/strong> en 2023.<\/p>\n\n\n\n<p>Fuente: <a href=\"https:\/\/www.eluniversal.com.mx\/mundo\/time-nombra-persona-del-ano-a-los-arquitectos-de-la-ia-entre-ellos-elon-musk-sam-altman-y-jensen-huang\/\" target=\"_blank\" rel=\"noreferrer noopener\">El Universal<\/a><\/p>\n","protected":false},"excerpt":{"rendered":"<p>\u00abHan tomado el volante de la Historia, desarrollando tecnolog\u00eda y tomando decisiones que est\u00e1n remodelando el panorama de la informaci\u00f3n, el clima y nuestros medios de vida\u00bb, afirma la revista<\/p>\n","protected":false},"author":1,"featured_media":112431,"comment_status":"open","ping_status":"open","sticky":false,"template":"","format":"standard","meta":{"site-sidebar-layout":"default","site-content-layout":"","ast-site-content-layout":"default","site-content-style":"default","site-sidebar-style":"default","ast-global-header-display":"","ast-banner-title-visibility":"","ast-main-header-display":"","ast-hfb-above-header-display":"","ast-hfb-below-header-display":"","ast-hfb-mobile-header-display":"","site-post-title":"","ast-breadcrumbs-content":"","ast-featured-img":"","footer-sml-layout":"","theme-transparent-header-meta":"","adv-header-id-meta":"","stick-header-meta":"","header-above-stick-meta":"","header-main-stick-meta":"","header-below-stick-meta":"","astra-migrate-meta-layouts":"default","ast-page-background-enabled":"default","ast-page-background-meta":{"desktop":{"background-color":"var(--ast-global-color-4)","background-image":"","background-repeat":"repeat","background-position":"center center","background-size":"auto","background-attachment":"scroll","background-type":"","background-media":"","overlay-type":"","overlay-color":"","overlay-opacity":"","overlay-gradient":""},"tablet":{"background-color":"","background-image":"","background-repeat":"repeat","background-position":"center center","background-size":"auto","background-attachment":"scroll","background-type":"","background-media":"","overlay-type":"","overlay-color":"","overlay-opacity":"","overlay-gradient":""},"mobile":{"background-color":"","background-image":"","background-repeat":"repeat","background-position":"center center","background-size":"auto","background-attachment":"scroll","background-type":"","background-media":"","overlay-type":"","overlay-color":"","overlay-opacity":"","overlay-gradient":""}},"ast-content-background-meta":{"desktop":{"background-color":"var(--ast-global-color-5)","background-image":"","background-repeat":"repeat","background-position":"center center","background-size":"auto","background-attachment":"scroll","background-type":"","background-media":"","overlay-type":"","overlay-color":"","overlay-opacity":"","overlay-gradient":""},"tablet":{"background-color":"var(--ast-global-color-5)","background-image":"","background-repeat":"repeat","background-position":"center center","background-size":"auto","background-attachment":"scroll","background-type":"","background-media":"","overlay-type":"","overlay-color":"","overlay-opacity":"","overlay-gradient":""},"mobile":{"background-color":"var(--ast-global-color-5)","background-image":"","background-repeat":"repeat","background-position":"center center","background-size":"auto","background-attachment":"scroll","background-type":"","background-media":"","overlay-type":"","overlay-color":"","overlay-opacity":"","overlay-gradient":""}},"footnotes":""},"categories":[8],"tags":[44258,2757,36695,25634,19156,44257,20553,20092],"class_list":["post-112430","post","type-post","status-publish","format-standard","has-post-thumbnail","hentry","category-noticias","tag-arquitectos-de-la-ia","tag-elon-musk","tag-jensen-huang","tag-nvidia","tag-openai","tag-persona-del-ano","tag-sam-altman","tag-xai"],"_links":{"self":[{"href":"https:\/\/losperiodistas.com.mx\/portal\/wp-json\/wp\/v2\/posts\/112430","targetHints":{"allow":["GET"]}}],"collection":[{"href":"https:\/\/losperiodistas.com.mx\/portal\/wp-json\/wp\/v2\/posts"}],"about":[{"href":"https:\/\/losperiodistas.com.mx\/portal\/wp-json\/wp\/v2\/types\/post"}],"author":[{"embeddable":true,"href":"https:\/\/losperiodistas.com.mx\/portal\/wp-json\/wp\/v2\/users\/1"}],"replies":[{"embeddable":true,"href":"https:\/\/losperiodistas.com.mx\/portal\/wp-json\/wp\/v2\/comments?post=112430"}],"version-history":[{"count":1,"href":"https:\/\/losperiodistas.com.mx\/portal\/wp-json\/wp\/v2\/posts\/112430\/revisions"}],"predecessor-version":[{"id":112432,"href":"https:\/\/losperiodistas.com.mx\/portal\/wp-json\/wp\/v2\/posts\/112430\/revisions\/112432"}],"wp:featuredmedia":[{"embeddable":true,"href":"https:\/\/losperiodistas.com.mx\/portal\/wp-json\/wp\/v2\/media\/112431"}],"wp:attachment":[{"href":"https:\/\/losperiodistas.com.mx\/portal\/wp-json\/wp\/v2\/media?parent=112430"}],"wp:term":[{"taxonomy":"category","embeddable":true,"href":"https:\/\/losperiodistas.com.mx\/portal\/wp-json\/wp\/v2\/categories?post=112430"},{"taxonomy":"post_tag","embeddable":true,"href":"https:\/\/losperiodistas.com.mx\/portal\/wp-json\/wp\/v2\/tags?post=112430"}],"curies":[{"name":"wp","href":"https:\/\/api.w.org\/{rel}","templated":true}]}}