{"id":112427,"date":"2025-12-11T22:29:46","date_gmt":"2025-12-12T04:29:46","guid":{"rendered":"https:\/\/losperiodistas.com.mx\/portal\/?p=112427"},"modified":"2025-12-11T22:29:47","modified_gmt":"2025-12-12T04:29:47","slug":"maria-corina-machado-llego-en-avion-mexicano-a-noruega-la-aeronave-salio-de-queretaro-y-paso-por-toluca-ef","status":"publish","type":"post","link":"https:\/\/losperiodistas.com.mx\/portal\/maria-corina-machado-llego-en-avion-mexicano-a-noruega-la-aeronave-salio-de-queretaro-y-paso-por-toluca-ef\/","title":{"rendered":"Mar\u00eda Corina Machado lleg\u00f3 en avi\u00f3n mexicano a Noruega: La aeronave sali\u00f3 de Quer\u00e9taro y pas\u00f3 por Toluca | EF"},"content":{"rendered":"\n<p>Mar\u00eda Corina Machado lleg\u00f3 a Oslo tras una compleja traves\u00eda desde Venezuela, viaje que desat\u00f3 pol\u00e9mica por el uso de una aeronave mexicana.<\/p>\n\n\n\n<figure class=\"wp-block-image size-large\"><img fetchpriority=\"high\" decoding=\"async\" width=\"1024\" height=\"576\" src=\"https:\/\/losperiodistas.com.mx\/portal\/wp-content\/uploads\/2025\/12\/CorinaMachadoMx-1024x576.png\" alt=\"\" class=\"wp-image-112428\" srcset=\"https:\/\/losperiodistas.com.mx\/portal\/wp-content\/uploads\/2025\/12\/CorinaMachadoMx-1024x576.png 1024w, https:\/\/losperiodistas.com.mx\/portal\/wp-content\/uploads\/2025\/12\/CorinaMachadoMx-300x169.png 300w, https:\/\/losperiodistas.com.mx\/portal\/wp-content\/uploads\/2025\/12\/CorinaMachadoMx-768x432.png 768w, https:\/\/losperiodistas.com.mx\/portal\/wp-content\/uploads\/2025\/12\/CorinaMachadoMx.png 1358w\" sizes=\"(max-width: 1024px) 100vw, 1024px\" \/><figcaption class=\"wp-element-caption\">\u00bfMar\u00eda Corina Machado pas\u00f3 por M\u00e9xico para llegar a Oslo? Este fue el trayecto de la aeronave matriculada en M\u00e9xico. (Fotoarte: El Finanicero | Cr\u00e9dito: EFE\/Shutterstock) <\/figcaption><\/figure>\n\n\n\n<p class=\"has-vivid-red-color has-text-color has-link-color wp-elements-ec1aec68ec65d673574e7f68ac157d9a\">Redacci\u00f3n \/ EF<\/p>\n\n\n\n<p>Mar\u00eda Corina Machado reapareci\u00f3 p\u00fablicamente despu\u00e9s de m\u00e1s de un a\u00f1o en la oscuridad. La opositora venezolana <strong>lleg\u00f3 a Oslo, Noruega<\/strong>, para intentar recibir en persona el Premio Nobel de la Paz, pero tambi\u00e9n para <strong>reencontrarse con su familia<\/strong>.<\/p>\n\n\n\n<p>Machado vivi\u00f3 una odisea para llegar al pa\u00eds n\u00f3rdico. La expectativa se mantuvo durante horas ante su posible arribo. Y cuando lleg\u00f3 a Oslo, provoc\u00f3 pol\u00e9mica porque viaj\u00f3 en una aeronave mexicana.<\/p>\n\n\n\n<figure class=\"wp-block-embed is-type-video is-provider-youtube wp-block-embed-youtube wp-embed-aspect-16-9 wp-has-aspect-ratio\"><div class=\"wp-block-embed__wrapper\">\n<iframe title=\"El ESCAPE de Mar\u00eda Corina Machado de Venezuela\" width=\"500\" height=\"281\" src=\"https:\/\/www.youtube.com\/embed\/kTv9PzmOIMQ?feature=oembed\" frameborder=\"0\" allow=\"accelerometer; autoplay; clipboard-write; encrypted-media; gyroscope; picture-in-picture; web-share\" referrerpolicy=\"strict-origin-when-cross-origin\" allowfullscreen><\/iframe>\n<\/div><\/figure>\n\n\n\n<h2 class=\"wp-block-heading\">\u00bfQu\u00e9 sabemos de la aeronave que llev\u00f3 a Mar\u00eda Corina Machado a Oslo?<\/h2>\n\n\n\n<p>El viaje de la opositora venezolana comenz\u00f3 al salir de Caracas, Venezuela, donde permanec\u00eda escondida para evitar ser detenida. Se dirigi\u00f3 a un pueblo pesquero venezolano, donde una embarcaci\u00f3n la esperaba para trasladarla a <strong>Curazao, isla de los Pa\u00edses Bajos en el mar Caribe<\/strong>.<\/p>\n\n\n\n<p>Cuando lleg\u00f3 a Curazao, a unos 65 kil\u00f3metros de Venezuela, la l\u00edder opositora emprendi\u00f3 un vuelo. Seg\u00fan el registro de las plataformas FlightRadar24 y FlightAware, el avi\u00f3n en el que viaj\u00f3 es un <strong>Legacy 600<\/strong>.<\/p>\n\n\n\n<p><strong>La nave est\u00e1 matriculada en M\u00e9xico<\/strong>, tiene como base el Aeropuerto Internacional de Quer\u00e9taro y la opera la compa\u00f1\u00eda <strong>JetVip Business Aviation<\/strong>.<\/p>\n\n\n\n<p>Antes del viaje que traslad\u00f3 a Machado a Oslo, el avi\u00f3n Legacy 600 realiz\u00f3 un vuelo de Quer\u00e9taro a Toluca, Estado de M\u00e9xico, el 7 de diciembre, aunque <strong>no significa que la opositora venezolana entrara a territorio mexicano<\/strong>.<\/p>\n\n\n\n<p>El 9 de diciembre, la aeronave sali\u00f3 de Toluca con destino al Aeropuerto Ejecutivo de Miami Opa Locka, en Florida, Estados Unidos.<\/p>\n\n\n\n<p>El siguiente <strong>destino del avi\u00f3n mexicano<\/strong> fue el Aeropuerto Internacional Hato de Willemstad, capital de Curazao, y desde ese punto despeg\u00f3 hacia el Aeropuerto Internacional de Bangor, en Maine, Estados Unidos.<\/p>\n\n\n\n<p>La \u00faltima parte del <strong>trayecto consisti\u00f3 en un vuelo de seis horas y 24 minutos<\/strong> desde Bangor hasta el Aeropuerto de Oslo Gardermoen.<\/p>\n\n\n\n<h2 class=\"wp-block-heading\">\u00bfMar\u00eda Corina Machado lleg\u00f3 a M\u00e9xico?<\/h2>\n\n\n\n<p>La informaci\u00f3n sobre el vuelo de Machado se tergivers\u00f3 y en algunos casos <strong>se afirm\u00f3 que la opositora venezolana realiz\u00f3 una escala en M\u00e9xico<\/strong>, pero esto es falso.<\/p>\n\n\n\n<p>La aeronave en la que viaj\u00f3 s\u00ed se traslad\u00f3 entre<strong> Quer\u00e9taro y Toluca, pero ella todav\u00eda no estaba a bordo<\/strong>. Nunca ingres\u00f3 ni efectu\u00f3 escala alguna en territorio nacional.<\/p>\n\n\n\n<figure class=\"wp-block-embed is-type-rich is-provider-twitter wp-block-embed-twitter\"><div class=\"wp-block-embed__wrapper\">\n<blockquote class=\"twitter-tweet\" data-width=\"500\" data-dnt=\"true\"><p lang=\"es\" dir=\"ltr\">El Instituto Nacional de Migraci\u00f3n informa: <a href=\"https:\/\/t.co\/yy3RqNd7Cs\">pic.twitter.com\/yy3RqNd7Cs<\/a><\/p>&mdash; INM (@INAMI_mx) <a href=\"https:\/\/twitter.com\/INAMI_mx\/status\/1999163421967941755?ref_src=twsrc%5Etfw\">December 11, 2025<\/a><\/blockquote><script async src=\"https:\/\/platform.twitter.com\/widgets.js\" charset=\"utf-8\"><\/script>\n<\/div><\/figure>\n\n\n\n<p>La confusi\u00f3n sobre la ruta del <strong>Legacy 600 oblig\u00f3 al Instituto Nacional de Migraci\u00f3n (INM) a emitir<\/strong> una tarjeta informativa para aclarar que no tiene registro de la entrada o salida de Mar\u00eda Corina Machado en M\u00e9xico.<\/p>\n\n\n\n<p>\u201cEl Instituto Nacional de Migraci\u00f3n informa que <strong>no existe registro de entrada o salida del territorio nacional<\/strong> de la persona Mar\u00eda Corina Machado, como se ha mencionado en algunos medios de comunicaci\u00f3n\u201d, apunt\u00f3.<\/p>\n\n\n\n<p>Fuente: <a href=\"https:\/\/www.elfinanciero.com.mx\/mundo\/2025\/12\/11\/maria-corina-machado-llego-en-avion-mexicano-a-noruega-la-aeronave-salio-de-queretaro-y-paso-por-toluca\/\" target=\"_blank\" rel=\"noreferrer noopener\">El Financiero<\/a><\/p>\n\n\n\n<p><\/p>\n","protected":false},"excerpt":{"rendered":"<p>Mar\u00eda Corina Machado lleg\u00f3 a Oslo tras una compleja traves\u00eda desde Venezuela, viaje que desat\u00f3 pol\u00e9mica por el uso de una aeronave mexicana.<\/p>\n","protected":false},"author":1,"featured_media":112428,"comment_status":"open","ping_status":"open","sticky":false,"template":"","format":"standard","meta":{"site-sidebar-layout":"default","site-content-layout":"","ast-site-content-layout":"default","site-content-style":"default","site-sidebar-style":"default","ast-global-header-display":"","ast-banner-title-visibility":"","ast-main-header-display":"","ast-hfb-above-header-display":"","ast-hfb-below-header-display":"","ast-hfb-mobile-header-display":"","site-post-title":"","ast-breadcrumbs-content":"","ast-featured-img":"","footer-sml-layout":"","theme-transparent-header-meta":"","adv-header-id-meta":"","stick-header-meta":"","header-above-stick-meta":"","header-main-stick-meta":"","header-below-stick-meta":"","astra-migrate-meta-layouts":"default","ast-page-background-enabled":"default","ast-page-background-meta":{"desktop":{"background-color":"var(--ast-global-color-4)","background-image":"","background-repeat":"repeat","background-position":"center center","background-size":"auto","background-attachment":"scroll","background-type":"","background-media":"","overlay-type":"","overlay-color":"","overlay-opacity":"","overlay-gradient":""},"tablet":{"background-color":"","background-image":"","background-repeat":"repeat","background-position":"center center","background-size":"auto","background-attachment":"scroll","background-type":"","background-media":"","overlay-type":"","overlay-color":"","overlay-opacity":"","overlay-gradient":""},"mobile":{"background-color":"","background-image":"","background-repeat":"repeat","background-position":"center center","background-size":"auto","background-attachment":"scroll","background-type":"","background-media":"","overlay-type":"","overlay-color":"","overlay-opacity":"","overlay-gradient":""}},"ast-content-background-meta":{"desktop":{"background-color":"var(--ast-global-color-5)","background-image":"","background-repeat":"repeat","background-position":"center center","background-size":"auto","background-attachment":"scroll","background-type":"","background-media":"","overlay-type":"","overlay-color":"","overlay-opacity":"","overlay-gradient":""},"tablet":{"background-color":"var(--ast-global-color-5)","background-image":"","background-repeat":"repeat","background-position":"center center","background-size":"auto","background-attachment":"scroll","background-type":"","background-media":"","overlay-type":"","overlay-color":"","overlay-opacity":"","overlay-gradient":""},"mobile":{"background-color":"var(--ast-global-color-5)","background-image":"","background-repeat":"repeat","background-position":"center center","background-size":"auto","background-attachment":"scroll","background-type":"","background-media":"","overlay-type":"","overlay-color":"","overlay-opacity":"","overlay-gradient":""}},"footnotes":""},"categories":[8],"tags":[44256,19966,18783,4561,11582],"class_list":["post-112427","post","type-post","status-publish","format-standard","has-post-thumbnail","hentry","category-noticias","tag-avion-mexicano","tag-maria-corina-machado","tag-noruega","tag-premio-nobel-de-la-paz","tag-queretaro"],"_links":{"self":[{"href":"https:\/\/losperiodistas.com.mx\/portal\/wp-json\/wp\/v2\/posts\/112427","targetHints":{"allow":["GET"]}}],"collection":[{"href":"https:\/\/losperiodistas.com.mx\/portal\/wp-json\/wp\/v2\/posts"}],"about":[{"href":"https:\/\/losperiodistas.com.mx\/portal\/wp-json\/wp\/v2\/types\/post"}],"author":[{"embeddable":true,"href":"https:\/\/losperiodistas.com.mx\/portal\/wp-json\/wp\/v2\/users\/1"}],"replies":[{"embeddable":true,"href":"https:\/\/losperiodistas.com.mx\/portal\/wp-json\/wp\/v2\/comments?post=112427"}],"version-history":[{"count":1,"href":"https:\/\/losperiodistas.com.mx\/portal\/wp-json\/wp\/v2\/posts\/112427\/revisions"}],"predecessor-version":[{"id":112429,"href":"https:\/\/losperiodistas.com.mx\/portal\/wp-json\/wp\/v2\/posts\/112427\/revisions\/112429"}],"wp:featuredmedia":[{"embeddable":true,"href":"https:\/\/losperiodistas.com.mx\/portal\/wp-json\/wp\/v2\/media\/112428"}],"wp:attachment":[{"href":"https:\/\/losperiodistas.com.mx\/portal\/wp-json\/wp\/v2\/media?parent=112427"}],"wp:term":[{"taxonomy":"category","embeddable":true,"href":"https:\/\/losperiodistas.com.mx\/portal\/wp-json\/wp\/v2\/categories?post=112427"},{"taxonomy":"post_tag","embeddable":true,"href":"https:\/\/losperiodistas.com.mx\/portal\/wp-json\/wp\/v2\/tags?post=112427"}],"curies":[{"name":"wp","href":"https:\/\/api.w.org\/{rel}","templated":true}]}}