{"id":112389,"date":"2025-12-11T06:30:19","date_gmt":"2025-12-11T12:30:19","guid":{"rendered":"https:\/\/losperiodistas.com.mx\/portal\/?p=112389"},"modified":"2025-12-11T06:30:21","modified_gmt":"2025-12-11T12:30:21","slug":"que-tan-violento-es-mexico-el-gpi-2025-lo-coloca-entre-los-peores-del-mundo-la-silla-rota","status":"publish","type":"post","link":"https:\/\/losperiodistas.com.mx\/portal\/que-tan-violento-es-mexico-el-gpi-2025-lo-coloca-entre-los-peores-del-mundo-la-silla-rota\/","title":{"rendered":"\u00bfQu\u00e9 tan violento es M\u00e9xico? El GPI 2025 lo coloca entre los peores del mundo | La Silla Rota"},"content":{"rendered":"\n<h2 class=\"wp-block-heading\">El \u00cdndice Global de Paz 2025 se\u00f1ala que M\u00e9xico ha registrado un deterioro acumulado del 13.4% en su calificaci\u00f3n desde 2015; dentro de la regi\u00f3n de Centroam\u00e9rica y Norteam\u00e9rica, M\u00e9xico ocupa una de las posiciones m\u00e1s rezagadas<\/h2>\n\n\n\n<figure class=\"wp-block-image size-full\"><img fetchpriority=\"high\" decoding=\"async\" width=\"960\" height=\"540\" src=\"https:\/\/losperiodistas.com.mx\/portal\/wp-content\/uploads\/2025\/12\/f960x540-814952_889027_3139.webp\" alt=\"\" class=\"wp-image-112390\" srcset=\"https:\/\/losperiodistas.com.mx\/portal\/wp-content\/uploads\/2025\/12\/f960x540-814952_889027_3139.webp 960w, https:\/\/losperiodistas.com.mx\/portal\/wp-content\/uploads\/2025\/12\/f960x540-814952_889027_3139-300x169.webp 300w, https:\/\/losperiodistas.com.mx\/portal\/wp-content\/uploads\/2025\/12\/f960x540-814952_889027_3139-768x432.webp 768w\" sizes=\"(max-width: 960px) 100vw, 960px\" \/><figcaption class=\"wp-element-caption\">Cr\u00e9ditos: Pixabay<\/figcaption><\/figure>\n\n\n\n<p><a href=\"https:\/\/lasillarota.com\/autor\/diego-joaquin-hernandez.html\"><\/a><\/p>\n\n\n\n<p class=\"has-vivid-red-color has-text-color has-link-color has-medium-font-size wp-elements-eaea91234b13a5a179429837313c1d11\"><strong><a href=\"https:\/\/lasillarota.com\/autor\/diego-joaquin-hernandez.html\">Por\u00a0DIEGO JOAQU\u00cdN HERN\u00c1NDEZ<\/a> \/ La Silla Rota<\/strong><\/p>\n\n\n\n<p><\/p>\n\n\n\n<p><strong>M\u00e9xico&nbsp;<\/strong>se ubic\u00f3 en el puesto 135 de 163 pa\u00edses evaluados en el&nbsp;<strong>\u00cdndice de Paz Global<\/strong>&nbsp;(<a href=\"https:\/\/www.economicsandpeace.org\/global-peace-index\/\" target=\"_blank\" rel=\"noreferrer noopener\">GPI<\/a>) 2025, elaborado por el Instituto para la Econom\u00eda y la Paz (IEP). Con una puntuaci\u00f3n de 2.636, el pa\u00eds se mantiene entre los menos pac\u00edficos del mundo, aunque registr\u00f3 una ligera mejora respecto al a\u00f1o anterior, con un cambio de -0.031 puntos. El informe subraya que esta variaci\u00f3n positiva se enmarca en una reducci\u00f3n general de muertes por conflicto interno a nivel global durante 2024, impulsada particularmente por descensos observados en&nbsp;<strong>M\u00e9xico&nbsp;<\/strong>y Ucrania.<\/p>\n\n\n\n<p>Dentro de la regi\u00f3n de Centroam\u00e9rica y Norteam\u00e9rica,\u00a0<strong>M\u00e9xico\u00a0<\/strong>ocupa una de las posiciones m\u00e1s rezagadas: es el antepen\u00faltimo pa\u00eds menos pac\u00edfico del bloque, solo por delante de Honduras (124) y Hait\u00ed (141). El GPI detalla que el desempe\u00f1o mexicano var\u00eda significativamente entre los tres dominios evaluados: obtiene 2.675 en Conflicto en Curso, 3.151 en Seguridad y Protecci\u00f3n Social \u2014su peor calificaci\u00f3n\u2014 y 1.764 en Militarizaci\u00f3n, el \u00e1mbito donde presenta mejores resultados. <\/p>\n\n\n\n<p>El informe advierte que\u00a0<strong>M\u00e9xico\u00a0<\/strong>contin\u00faa siendo uno de los principales puntos calientes de conflicto en el mundo, con una elevada probabilidad de violencia. La persistencia de las guerras entre c\u00e1rteles y otros grupos criminales mantiene al pa\u00eds en niveles de riesgo altos y sostenidos. <\/p>\n\n\n\n<h3 class=\"wp-block-heading\">Te podr\u00eda interesar<\/h3>\n\n\n\n<ul class=\"wp-block-list\">\n<li><a href=\"https:\/\/lasillarota.com\/estados\/2025\/12\/4\/capturan-sujetos-como-parte-del-plan-michoacan-por-la-paz-la-justicia-572540.html\"><em>Michoac\u00e1n<\/em>Capturan a 4 sujetos como parte del Plan Michoac\u00e1n por la Paz y la Justicia<\/a><\/li>\n\n\n\n<li><a href=\"https:\/\/lasillarota.com\/negocios\/2025\/12\/2\/mexico-sigue-con-la-recaudacion-mas-baja-de-la-ocde-solo-177-del-pib-572107.html\"><em>OCDE<\/em>M\u00e9xico sigue con la recaudaci\u00f3n m\u00e1s baja de la OCDE: solo 17.7% del PIB<\/a><\/li>\n<\/ul>\n\n\n\n<p>A diferencia de otros escenarios b\u00e9licos que registran picos abruptos de violencia, el caso mexicano se caracteriza por una agresi\u00f3n prolongada y constante, que acumula un elevado n\u00famero de v\u00edctimas a lo largo del tiempo. Este patr\u00f3n, se\u00f1ala el IEP, se asemeja al observado en pa\u00edses como Pakist\u00e1n y Filipinas, donde la violencia cr\u00f3nica domina el panorama de seguridad. <\/p>\n\n\n\n<p><\/p>\n\n\n\n<figure class=\"wp-block-image\"><img decoding=\"async\" src=\"https:\/\/lasillarota.com\/u\/fotografias\/m\/2025\/12\/10\/f768x1-814951_815078_5050.jpg\" alt=\"\"\/><\/figure>\n\n\n\n<h2 class=\"wp-block-heading\"><strong>M\u00e9xico<\/strong>, reprobado en materia de paz<\/h2>\n\n\n\n<p>En entrevista con La Silla Rota, el Maestro Hiram Vald\u00e9z Ch\u00e1vez, presidente de Comnapaz&nbsp;<strong>M\u00e9xico<\/strong>, advirti\u00f3 que el pa\u00eds reprueba en materia de paz y a\u00fan enfrenta serios desaf\u00edos porque a pesar de los avances en combate a la corrupci\u00f3n y pol\u00edticas de seguridad, \u00ablos grupos delictivos y la violencia estructural contin\u00faan afectando al pa\u00eds\u00bb.<\/p>\n\n\n\n<p>De acuerdo con el \u00cdndice Global de Paz (IGP) 2025,&nbsp;<strong>M\u00e9xico&nbsp;<\/strong>ha registrado un deterioro acumulado del 13.4% en su calificaci\u00f3n desde 2015. No obstante, a partir de 2019 \u2014cuando alcanz\u00f3 su punto m\u00e1s cr\u00edtico en materia de paz\u2014 el pa\u00eds ha mostrado una recuperaci\u00f3n paulatina, con una mejora del 6.4% en los \u00faltimos a\u00f1os.<\/p>\n\n\n\n<p>En 2024, Colima se posicion\u00f3 como el estado menos pac\u00edfico del pa\u00eds, principalmente por su alarmante tasa de homicidios. Con 101 muertes por cada 100 mil habitantes, la entidad registr\u00f3 el nivel m\u00e1s alto de violencia letal en&nbsp;<strong>M\u00e9xico<\/strong>, consolid\u00e1ndose como la regi\u00f3n con el mayor deterioro en la percepci\u00f3n de paz y seguridad.<\/p>\n\n\n\n<p>Despu\u00e9s de Colima, los estados que completaron la lista de los menos pac\u00edficos fueron Guanajuato, Morelos, Baja California y Quintana Roo. Cada uno enfrenta retos particulares relacionados con la delincuencia organizada, la violencia letal y la debilidad institucional para contener los factores que impulsan la inseguridad.<\/p>\n\n\n\n<p>En contraste, Yucat\u00e1n se mantuvo, por octavo a\u00f1o consecutivo, como el estado m\u00e1s pac\u00edfico del pa\u00eds. Su bajo nivel de violencia y estabilidad social lo convierten en un referente nacional. A Yucat\u00e1n le siguieron Tlaxcala, Durango, Chiapas y Nayarit, entidades que, pese a ciertos desaf\u00edos locales, han logrado sostener indicadores de paz por encima del promedio nacional.<\/p>\n\n\n\n<p>El \u00cdndice Global de Paz tambi\u00e9n destac\u00f3 a Zacatecas como la entidad con la mayor mejora en 2024, gracias a una ligera disminuci\u00f3n en los niveles de violencia. En el extremo opuesto, Tabasco registr\u00f3 el mayor deterioro en materia de paz, reflejando un aumento de los delitos violentos y la debilidad de sus instituciones de seguridad.<\/p>\n\n\n\n<p>djh<\/p>\n\n\n\n<p>Fuente: <a href=\"https:\/\/lasillarota.com\/nacion\/2025\/12\/10\/que-tan-violento-es-mexico-el-gpi-2025-lo-coloca-entre-los-peores-del-mundo-573752.html\">https:\/\/lasillarota.com\/nacion\/2025\/12\/10\/que-tan-violento-es-mexico-el-gpi-2025-lo-coloca-entre-los-peores-del-mundo-573752.html<\/a><\/p>\n","protected":false},"excerpt":{"rendered":"<p>El \u00cdndice Global de Paz 2025 se\u00f1ala que M\u00e9xico ha registrado un deterioro acumulado del 13.4% en su calificaci\u00f3n desde [&hellip;]<\/p>\n","protected":false},"author":1,"featured_media":112390,"comment_status":"open","ping_status":"open","sticky":false,"template":"","format":"standard","meta":{"site-sidebar-layout":"default","site-content-layout":"","ast-site-content-layout":"default","site-content-style":"default","site-sidebar-style":"default","ast-global-header-display":"","ast-banner-title-visibility":"","ast-main-header-display":"","ast-hfb-above-header-display":"","ast-hfb-below-header-display":"","ast-hfb-mobile-header-display":"","site-post-title":"","ast-breadcrumbs-content":"","ast-featured-img":"","footer-sml-layout":"","theme-transparent-header-meta":"","adv-header-id-meta":"","stick-header-meta":"","header-above-stick-meta":"","header-main-stick-meta":"","header-below-stick-meta":"","astra-migrate-meta-layouts":"default","ast-page-background-enabled":"default","ast-page-background-meta":{"desktop":{"background-color":"var(--ast-global-color-4)","background-image":"","background-repeat":"repeat","background-position":"center center","background-size":"auto","background-attachment":"scroll","background-type":"","background-media":"","overlay-type":"","overlay-color":"","overlay-opacity":"","overlay-gradient":""},"tablet":{"background-color":"","background-image":"","background-repeat":"repeat","background-position":"center center","background-size":"auto","background-attachment":"scroll","background-type":"","background-media":"","overlay-type":"","overlay-color":"","overlay-opacity":"","overlay-gradient":""},"mobile":{"background-color":"","background-image":"","background-repeat":"repeat","background-position":"center center","background-size":"auto","background-attachment":"scroll","background-type":"","background-media":"","overlay-type":"","overlay-color":"","overlay-opacity":"","overlay-gradient":""}},"ast-content-background-meta":{"desktop":{"background-color":"var(--ast-global-color-5)","background-image":"","background-repeat":"repeat","background-position":"center center","background-size":"auto","background-attachment":"scroll","background-type":"","background-media":"","overlay-type":"","overlay-color":"","overlay-opacity":"","overlay-gradient":""},"tablet":{"background-color":"var(--ast-global-color-5)","background-image":"","background-repeat":"repeat","background-position":"center center","background-size":"auto","background-attachment":"scroll","background-type":"","background-media":"","overlay-type":"","overlay-color":"","overlay-opacity":"","overlay-gradient":""},"mobile":{"background-color":"var(--ast-global-color-5)","background-image":"","background-repeat":"repeat","background-position":"center center","background-size":"auto","background-attachment":"scroll","background-type":"","background-media":"","overlay-type":"","overlay-color":"","overlay-opacity":"","overlay-gradient":""}},"footnotes":""},"categories":[8],"tags":[44235,44236],"class_list":["post-112389","post","type-post","status-publish","format-standard","has-post-thumbnail","hentry","category-noticias","tag-indice-de-paz-global-2025","tag-mexico-135-lugar-de-163-en-ndice-de-paz"],"_links":{"self":[{"href":"https:\/\/losperiodistas.com.mx\/portal\/wp-json\/wp\/v2\/posts\/112389","targetHints":{"allow":["GET"]}}],"collection":[{"href":"https:\/\/losperiodistas.com.mx\/portal\/wp-json\/wp\/v2\/posts"}],"about":[{"href":"https:\/\/losperiodistas.com.mx\/portal\/wp-json\/wp\/v2\/types\/post"}],"author":[{"embeddable":true,"href":"https:\/\/losperiodistas.com.mx\/portal\/wp-json\/wp\/v2\/users\/1"}],"replies":[{"embeddable":true,"href":"https:\/\/losperiodistas.com.mx\/portal\/wp-json\/wp\/v2\/comments?post=112389"}],"version-history":[{"count":1,"href":"https:\/\/losperiodistas.com.mx\/portal\/wp-json\/wp\/v2\/posts\/112389\/revisions"}],"predecessor-version":[{"id":112391,"href":"https:\/\/losperiodistas.com.mx\/portal\/wp-json\/wp\/v2\/posts\/112389\/revisions\/112391"}],"wp:featuredmedia":[{"embeddable":true,"href":"https:\/\/losperiodistas.com.mx\/portal\/wp-json\/wp\/v2\/media\/112390"}],"wp:attachment":[{"href":"https:\/\/losperiodistas.com.mx\/portal\/wp-json\/wp\/v2\/media?parent=112389"}],"wp:term":[{"taxonomy":"category","embeddable":true,"href":"https:\/\/losperiodistas.com.mx\/portal\/wp-json\/wp\/v2\/categories?post=112389"},{"taxonomy":"post_tag","embeddable":true,"href":"https:\/\/losperiodistas.com.mx\/portal\/wp-json\/wp\/v2\/tags?post=112389"}],"curies":[{"name":"wp","href":"https:\/\/api.w.org\/{rel}","templated":true}]}}