{"id":11222,"date":"2021-08-08T10:30:34","date_gmt":"2021-08-08T15:30:34","guid":{"rendered":"http:\/\/losperiodistas.com.mx\/portal\/?p=11222"},"modified":"2021-08-08T10:30:36","modified_gmt":"2021-08-08T15:30:36","slug":"en-el-dia-internacional-del-gato-un-homenaje-al-animal-que-siempre-merecio-el-respeto-de-amigos-y-enemigos-infobae","status":"publish","type":"post","link":"https:\/\/losperiodistas.com.mx\/portal\/en-el-dia-internacional-del-gato-un-homenaje-al-animal-que-siempre-merecio-el-respeto-de-amigos-y-enemigos-infobae\/","title":{"rendered":"En el D\u00eda Internacional del Gato, un homenaje al animal que siempre mereci\u00f3 el respeto de amigos y enemigos | Infobae"},"content":{"rendered":"\n<p style=\"font-size:18px\"><em>A pesar de tener fama de ariscos o traicioneros son buenos compa\u00f1eros y es por eso que el\u00a052% de los hogares norteamericanos \u00a0tienen\u00a0un gato como animal de afecto\u00a0superando al perro en ese sentido<\/em><\/p>\n\n\n\n<p><\/p>\n\n\n\n<figure class=\"wp-block-image size-large\"><img fetchpriority=\"high\" decoding=\"async\" width=\"1024\" height=\"574\" src=\"https:\/\/losperiodistas.com.mx\/portal\/wp-content\/uploads\/2021\/08\/Captura-de-Pantalla-2021-08-08-a-las-10.26.34-1024x574.png\" alt=\"\" class=\"wp-image-11223\" srcset=\"https:\/\/losperiodistas.com.mx\/portal\/wp-content\/uploads\/2021\/08\/Captura-de-Pantalla-2021-08-08-a-las-10.26.34-1024x574.png 1024w, https:\/\/losperiodistas.com.mx\/portal\/wp-content\/uploads\/2021\/08\/Captura-de-Pantalla-2021-08-08-a-las-10.26.34-300x168.png 300w, https:\/\/losperiodistas.com.mx\/portal\/wp-content\/uploads\/2021\/08\/Captura-de-Pantalla-2021-08-08-a-las-10.26.34-768x430.png 768w, https:\/\/losperiodistas.com.mx\/portal\/wp-content\/uploads\/2021\/08\/Captura-de-Pantalla-2021-08-08-a-las-10.26.34.png 1328w\" sizes=\"(max-width: 1024px) 100vw, 1024px\" \/><figcaption>(Getty Images)<\/figcaption><\/figure>\n\n\n\n<p><\/p>\n\n\n\n<p class=\"has-vivid-cyan-blue-color has-text-color has-medium-font-size\">DR. JUAN ENRIQUE ROMERO \/ INFOBAE<\/p>\n\n\n\n<p><strong>Al celebrar el D\u00eda Internacional del Gato, estamos recordando al \u00fanico animal que tiene tres fechas en su homenaje por a\u00f1o<\/strong>.<\/p>\n\n\n\n<p><strong>El 8 de agosto fue la fecha elegida por el Foro Internacional para el Bienestar Animal para conmemorar a todos los felinos y es por esto que, desde 2002, se celebra el D\u00eda Internacional del Gato<\/strong><\/p>\n\n\n\n<p>Un animal contradictorio por un lado vapuleado y combatido y por otro muy aclamado en todo el mundo y que poco a poco se populariz\u00f3 en todo el planeta como animal de afecto o compa\u00f1\u00eda<\/p>\n\n\n\n<p>A pesar de tener fama de ariscos o traicioneros son buenos compa\u00f1eros y es por eso que el 52% de los hogares norteamericanos tienen un gato como animal de afecto superando al perro en ese sentido.<\/p>\n\n\n\n<p><strong>Son los \u00fanicos felinos dom\u00e9sticos y su relajante compa\u00f1\u00eda y autonom\u00eda en los cuidados hacen que muchas personas en el mundo moderno los elijan frente a los perros, como animales de afecto<\/strong>.<\/p>\n\n\n\n<p>Estos animales son animales de familia, vinculados al ser humano desde hace m\u00e1s de 10.000 a\u00f1os.<\/p>\n\n\n\n<p>En el antiguo Egipto exist\u00edan estatuas dedicadas a los gatos, su rapto y venta estaban castigados con la muerte e incluso si mor\u00edan, sus due\u00f1os se afeitaban las cejas en se\u00f1al de duelo.<\/p>\n\n\n\n<p>Despu\u00e9s de superar dif\u00edciles a\u00f1os, donde la hoguera era m\u00e1s frecuente que los dulzores de la vida frente al hogar de le\u00f1os, resucit\u00f3 en los salones burgueses de la \u00e9poca victoriana.<img decoding=\"async\" alt=\"El 8 de agosto fue la fecha elegida por el Foro Internacional para el Bienestar Animal para conmemorar a todos los felinos y es por esto que, desde 2002, se celebra el D\u00eda Internacional del Gato (REUTERS\/Todd Korol)\" height=\"592\" width=\"800\" src=\"https:\/\/www.infobae.com\/new-resizer\/zHN99tgm5zmhTgDCMSp5zOKXhCY=\/420x315\/filters:format(jpg):quality(85)\/cloudfront-us-east-1.images.arcpublishing.com\/infobae\/BSMD7REQ7R64WXVKK2HWM3HAFM.jpg%20420w\" srcset=\"https:\/\/www.infobae.com\/new-resizer\/zHN99tgm5zmhTgDCMSp5zOKXhCY=\/420x315\/filters:format(jpg):quality(85)\/cloudfront-us-east-1.images.arcpublishing.com\/infobae\/BSMD7REQ7R64WXVKK2HWM3HAFM.jpg 420w, https:\/\/www.infobae.com\/new-resizer\/17ue2PfHOOpwnUJB2GJ6z3ZECAs=\/768x576\/filters:format(jpg):quality(85)\/cloudfront-us-east-1.images.arcpublishing.com\/infobae\/BSMD7REQ7R64WXVKK2HWM3HAFM.jpg 768w, https:\/\/www.infobae.com\/new-resizer\/_tNDNjArBTu3P0jzucYI4v8dOlU=\/992x744\/filters:format(jpg):quality(85)\/cloudfront-us-east-1.images.arcpublishing.com\/infobae\/BSMD7REQ7R64WXVKK2HWM3HAFM.jpg 992w, https:\/\/www.infobae.com\/new-resizer\/H2iBMvmP0MSMk4z-pP3HuOJEXMI=\/1200x900\/filters:format(jpg):quality(85)\/cloudfront-us-east-1.images.arcpublishing.com\/infobae\/BSMD7REQ7R64WXVKK2HWM3HAFM.jpg 1200w\">El 8 de agosto fue la fecha elegida por el Foro Internacional para el Bienestar Animal para conmemorar a todos los felinos y es por esto que, desde 2002, se celebra el D\u00eda Internacional del Gato (REUTERS\/Todd Korol)<\/p>\n\n\n\n<p>Los gatos, desde entonces, han marcado la vida y la infancia de muchas personas y han despertado simpat\u00eda tras ser los protagonistas de muchas series de televisi\u00f3n o productos pueriles como&nbsp;<strong>Hello Kitty, Doraemon, Garfield, los Aristogatos, Tom, Silvestre o el Gato con Botas<\/strong>.<\/p>\n\n\n\n<p>Lo cierto es que frente a los gatos no se puede desarrollar la indiferencia.<\/p>\n\n\n\n<p>Ante la perspectiva de cualquier tipo de v\u00ednculo con ellos se manejan dos posiciones antag\u00f3nicas, distantes y muchas veces casi irreconciliables.<\/p>\n\n\n\n<p><strong>Aquel al que le gustan los gatos, los ama con devoci\u00f3n, casi se dir\u00eda que los venera y en t\u00e9rminos generales si no puede tener gatos en su casa trata de estar estrechamente vinculado con ellos, a trav\u00e9s de amigos que tengan gatos o por medio de formas transitorias, atendiendo a los gatos de la calle<\/strong>.<\/p>\n\n\n\n<p>Es as\u00ed que los gatos despiertan pasiones a favor o en contra.<\/p>\n\n\n\n<p>Por cierto, estas \u00faltimas absolutamente inmerecidas y fundadas en mitos, supersticiones o creencias m\u00e1gicas que, las m\u00e1s de las veces, responden a la imaginaci\u00f3n absurda y a supuestos imposibles.<\/p>\n\n\n\n<p>A los gatos se los carga de soberbia, se les otorga categor\u00edas de rencorosos, fatales, fatalistas, y talismanes.<\/p>\n\n\n\n<p><strong>Lo que nunca ocurre con un gato, es poder ignorarlo, ya sea por su belleza y prestancia como as\u00ed tambi\u00e9n por los mitos y tradiciones a\u00fan hoy vigentes, que alimentan odios<\/strong>.<\/p>\n\n\n\n<p>Han nacido para notarse y as\u00ed han pasado las cosas.<img decoding=\"async\" alt=\"Los animales de compa\u00f1\u00eda contribuyen en la salud de las personas (Cr\u00e9dito: Prensa Vitalcan)\" height=\"3159\" width=\"5616\" src=\"https:\/\/www.infobae.com\/new-resizer\/kZqEIgIh7hrifobajHQ5S-F1aaQ=\/420x236\/filters:format(jpg):quality(85)\/cloudfront-us-east-1.images.arcpublishing.com\/infobae\/5HKEXVAE5JFDBIXNCN5CJGJA2I.jpg%20420w\" srcset=\"https:\/\/www.infobae.com\/new-resizer\/kZqEIgIh7hrifobajHQ5S-F1aaQ=\/420x236\/filters:format(jpg):quality(85)\/cloudfront-us-east-1.images.arcpublishing.com\/infobae\/5HKEXVAE5JFDBIXNCN5CJGJA2I.jpg 420w, https:\/\/www.infobae.com\/new-resizer\/N7Xa3VbBWr5i2nSjxGBmG9shs4c=\/768x432\/filters:format(jpg):quality(85)\/cloudfront-us-east-1.images.arcpublishing.com\/infobae\/5HKEXVAE5JFDBIXNCN5CJGJA2I.jpg 768w, https:\/\/www.infobae.com\/new-resizer\/1bTooYAYqxH4lXC4KL-NRXIR2JU=\/992x558\/filters:format(jpg):quality(85)\/cloudfront-us-east-1.images.arcpublishing.com\/infobae\/5HKEXVAE5JFDBIXNCN5CJGJA2I.jpg 992w, https:\/\/www.infobae.com\/new-resizer\/vRlRymyZ6Tr-WT64RZLL_lenJKo=\/1200x675\/filters:format(jpg):quality(85)\/cloudfront-us-east-1.images.arcpublishing.com\/infobae\/5HKEXVAE5JFDBIXNCN5CJGJA2I.jpg 1200w\">Los animales de compa\u00f1\u00eda contribuyen en la salud de las personas (Cr\u00e9dito: Prensa Vitalcan)<\/p>\n\n\n\n<p>Mantienen la impresi\u00f3n de lo silvestre, lo que los hace tener la capacidad de transformar una canilla en una cascada o el agua del inodoro en un manantial surgente.<\/p>\n\n\n\n<p><strong>Modifican el ambiente de una casa y en \u00e9l un estante es un estrato de la selva o un purificador de aire es el dosel del \u00e1rbol m\u00e1s alto<\/strong>.<\/p>\n\n\n\n<p>Otean el horizonte con la preocupaci\u00f3n de estar en presencia de los fatales peligros del mundo de la naturaleza pr\u00edstina, aun cuando sea en plena ciudad.<\/p>\n\n\n\n<p>Transforman una caja en una fascinante cueva y nos devuelven la fe en la vida en cada una de sus actitudes y momentos.<\/p>\n\n\n\n<p><strong>Siempre con nosotros, siempre vuelven, negros con su estigma de mala suerte inmerecido, atigrados con su pretensi\u00f3n de silvestre mal disimulada, blancos con la amenaza de la terrible consecuencia de haberse asoleado, barcinos con la calle que les prest\u00f3 el color<\/strong>.<\/p>\n\n\n\n<p>Juguet\u00f3n y no jugador. Ensayista permanente de situaciones de riesgo. Ingeniero de repisas y colgantes.<\/p>\n\n\n\n<p>Marca, ma\u00falla, ronronea, se calla y salta y las m\u00e1s de las veces se pasea&#8230; diciendo, m\u00e1s bien gritando: \u201caqu\u00ed estoy yo \u201c&#8230;<\/p>\n\n\n\n<p>Por todo eso y quiz\u00e1s a partir de las abuelas calabresas que desde la infinita ternura, que s\u00f3lo saben tener las abuelas, acarician a sus nietos haciendo el ritual del \u201cMichi gato, michi gato, \u00bfque me ai fatto?\u201d vaya el respeto, el cari\u00f1o incondicional y el m\u00e1s sincero, humano y humilde homenaje para su majestad: el se\u00f1or GATO.<\/p>\n\n\n\n<p><em><strong>*El Prof. Dr. Juan Enrique Romero @drromerook es m\u00e9dico veterinario. Especialista en Educaci\u00f3n Universitaria. Magister en Psicoinmunoneuroendocrinolog\u00eda. Ex Director del Hospital Escuela de Animales Peque\u00f1os (UNLPam). Docente Universitario en varias universidades argentinas. Disertante internacional.<\/strong><\/em><\/p>\n\n\n\n<p>Fuente: https:\/\/www.infobae.com\/america\/perrosygatos\/2021\/08\/08\/en-el-dia-internacional-del-gato-un-homenaje-al-animal-que-siempre-merecio-el-respeto-de-amigos-y-enemigos\/<\/p>\n","protected":false},"excerpt":{"rendered":"<p>A pesar de tener fama de ariscos o traicioneros son buenos compa\u00f1eros y es por eso que el\u00a052% de los [&hellip;]<\/p>\n","protected":false},"author":1,"featured_media":11223,"comment_status":"open","ping_status":"open","sticky":false,"template":"","format":"standard","meta":{"site-sidebar-layout":"default","site-content-layout":"","ast-site-content-layout":"default","site-content-style":"default","site-sidebar-style":"default","ast-global-header-display":"","ast-banner-title-visibility":"","ast-main-header-display":"","ast-hfb-above-header-display":"","ast-hfb-below-header-display":"","ast-hfb-mobile-header-display":"","site-post-title":"","ast-breadcrumbs-content":"","ast-featured-img":"","footer-sml-layout":"","theme-transparent-header-meta":"","adv-header-id-meta":"","stick-header-meta":"","header-above-stick-meta":"","header-main-stick-meta":"","header-below-stick-meta":"","astra-migrate-meta-layouts":"default","ast-page-background-enabled":"default","ast-page-background-meta":{"desktop":{"background-color":"var(--ast-global-color-4)","background-image":"","background-repeat":"repeat","background-position":"center center","background-size":"auto","background-attachment":"scroll","background-type":"","background-media":"","overlay-type":"","overlay-color":"","overlay-opacity":"","overlay-gradient":""},"tablet":{"background-color":"","background-image":"","background-repeat":"repeat","background-position":"center center","background-size":"auto","background-attachment":"scroll","background-type":"","background-media":"","overlay-type":"","overlay-color":"","overlay-opacity":"","overlay-gradient":""},"mobile":{"background-color":"","background-image":"","background-repeat":"repeat","background-position":"center center","background-size":"auto","background-attachment":"scroll","background-type":"","background-media":"","overlay-type":"","overlay-color":"","overlay-opacity":"","overlay-gradient":""}},"ast-content-background-meta":{"desktop":{"background-color":"var(--ast-global-color-5)","background-image":"","background-repeat":"repeat","background-position":"center center","background-size":"auto","background-attachment":"scroll","background-type":"","background-media":"","overlay-type":"","overlay-color":"","overlay-opacity":"","overlay-gradient":""},"tablet":{"background-color":"var(--ast-global-color-5)","background-image":"","background-repeat":"repeat","background-position":"center center","background-size":"auto","background-attachment":"scroll","background-type":"","background-media":"","overlay-type":"","overlay-color":"","overlay-opacity":"","overlay-gradient":""},"mobile":{"background-color":"var(--ast-global-color-5)","background-image":"","background-repeat":"repeat","background-position":"center center","background-size":"auto","background-attachment":"scroll","background-type":"","background-media":"","overlay-type":"","overlay-color":"","overlay-opacity":"","overlay-gradient":""}},"footnotes":""},"categories":[8],"tags":[3044,3043],"class_list":["post-11222","post","type-post","status-publish","format-standard","has-post-thumbnail","hentry","category-noticias","tag-dia-internacional-del-gato","tag-foro-internacional-para-el-bienestar-animal"],"_links":{"self":[{"href":"https:\/\/losperiodistas.com.mx\/portal\/wp-json\/wp\/v2\/posts\/11222","targetHints":{"allow":["GET"]}}],"collection":[{"href":"https:\/\/losperiodistas.com.mx\/portal\/wp-json\/wp\/v2\/posts"}],"about":[{"href":"https:\/\/losperiodistas.com.mx\/portal\/wp-json\/wp\/v2\/types\/post"}],"author":[{"embeddable":true,"href":"https:\/\/losperiodistas.com.mx\/portal\/wp-json\/wp\/v2\/users\/1"}],"replies":[{"embeddable":true,"href":"https:\/\/losperiodistas.com.mx\/portal\/wp-json\/wp\/v2\/comments?post=11222"}],"version-history":[{"count":1,"href":"https:\/\/losperiodistas.com.mx\/portal\/wp-json\/wp\/v2\/posts\/11222\/revisions"}],"predecessor-version":[{"id":11224,"href":"https:\/\/losperiodistas.com.mx\/portal\/wp-json\/wp\/v2\/posts\/11222\/revisions\/11224"}],"wp:featuredmedia":[{"embeddable":true,"href":"https:\/\/losperiodistas.com.mx\/portal\/wp-json\/wp\/v2\/media\/11223"}],"wp:attachment":[{"href":"https:\/\/losperiodistas.com.mx\/portal\/wp-json\/wp\/v2\/media?parent=11222"}],"wp:term":[{"taxonomy":"category","embeddable":true,"href":"https:\/\/losperiodistas.com.mx\/portal\/wp-json\/wp\/v2\/categories?post=11222"},{"taxonomy":"post_tag","embeddable":true,"href":"https:\/\/losperiodistas.com.mx\/portal\/wp-json\/wp\/v2\/tags?post=11222"}],"curies":[{"name":"wp","href":"https:\/\/api.w.org\/{rel}","templated":true}]}}