{"id":11219,"date":"2021-08-08T10:23:41","date_gmt":"2021-08-08T15:23:41","guid":{"rendered":"http:\/\/losperiodistas.com.mx\/portal\/?p=11219"},"modified":"2021-08-08T10:23:43","modified_gmt":"2021-08-08T15:23:43","slug":"la-violencia-de-mil-caras-que-enfrentan-los-pueblos-indigenas-de-america-latina-aleteia","status":"publish","type":"post","link":"https:\/\/losperiodistas.com.mx\/portal\/la-violencia-de-mil-caras-que-enfrentan-los-pueblos-indigenas-de-america-latina-aleteia\/","title":{"rendered":"La \u00abviolencia de mil caras\u00bb que enfrentan los pueblos ind\u00edgenas de Am\u00e9rica Latina | Aleteia"},"content":{"rendered":"\n<p><\/p>\n\n\n\n<p style=\"font-size:18px\"><em>Con motivo del D\u00eda Internacional de los Pueblos Ind\u00edgenas, Manos Unidas denuncia la creciente violencia y exclusi\u00f3n que sufren los pueblos originarios, especialmente aquellos que habitan territorios de Am\u00e9rica Latina en los que Estados, compa\u00f1\u00edas privadas y organizaciones il\u00edcitas tratan de extraer beneficios a trav\u00e9s de su explotaci\u00f3n econ\u00f3mica.<\/em><\/p>\n\n\n\n<p><\/p>\n\n\n\n<figure class=\"wp-block-image size-large\"><img fetchpriority=\"high\" decoding=\"async\" width=\"1024\" height=\"571\" src=\"https:\/\/losperiodistas.com.mx\/portal\/wp-content\/uploads\/2021\/08\/Captura-de-Pantalla-2021-08-08-a-las-10.17.55-1024x571.png\" alt=\"\" class=\"wp-image-11220\" srcset=\"https:\/\/losperiodistas.com.mx\/portal\/wp-content\/uploads\/2021\/08\/Captura-de-Pantalla-2021-08-08-a-las-10.17.55-1024x571.png 1024w, https:\/\/losperiodistas.com.mx\/portal\/wp-content\/uploads\/2021\/08\/Captura-de-Pantalla-2021-08-08-a-las-10.17.55-300x167.png 300w, https:\/\/losperiodistas.com.mx\/portal\/wp-content\/uploads\/2021\/08\/Captura-de-Pantalla-2021-08-08-a-las-10.17.55-768x428.png 768w, https:\/\/losperiodistas.com.mx\/portal\/wp-content\/uploads\/2021\/08\/Captura-de-Pantalla-2021-08-08-a-las-10.17.55.png 1242w\" sizes=\"(max-width: 1024px) 100vw, 1024px\" \/><figcaption>Shutterstock | Brastock<\/figcaption><\/figure>\n\n\n\n<p><\/p>\n\n\n\n<p class=\"has-vivid-cyan-blue-color has-text-color has-medium-font-size\">MANOS UNIDAS \/ ALETEIA<\/p>\n\n\n\n<p>La&nbsp;<strong>pandemia de COVID-19<\/strong>&nbsp;ha agravado y hecho m\u00e1s visibles las&nbsp;<strong>desigualdades<\/strong>&nbsp;que soporta la poblaci\u00f3n ind\u00edgena, que tienen casi tres veces m\u00e1s probabilidades de vivir en extrema pobreza que la no ind\u00edgena,&nbsp;<a href=\"https:\/\/anws.co\/b3HDd\/%7Bbef8e568-14cf-446c-95aa-0972499e39aa%7D\" target=\"_blank\" rel=\"noreferrer noopener\">seg\u00fan datos de Naciones Unidas<\/a>.&nbsp;<\/p>\n\n\n\n<p>Hoy, los 476 millones de ind\u00edgenas en el mundo \u2013un 6,2 % de la poblaci\u00f3n global\u2013 sufren una mayor&nbsp;<strong>vulneraci\u00f3n de sus derechos<\/strong>, con graves dificultades de acceso a la salud, a la educaci\u00f3n y a la toma de decisiones sobre su propio desarrollo.<\/p>\n\n\n\n<p>Los pueblos ind\u00edgenas hacen frente, asimismo, a una&nbsp;<strong>violencia que ha ido creciendo durante la pandemia<\/strong>&nbsp;y que adquiere muy diversas formas.&nbsp;<\/p>\n\n\n\n<p>En 2020, Latinoam\u00e9rica continu\u00f3 siendo&nbsp;<strong>la regi\u00f3n mundial con m\u00e1s asesinatos<\/strong>&nbsp;de defensores de derechos humanos, con 264 muertes; en torno a 50 m\u00e1s que en 2019,&nbsp;<a href=\"https:\/\/anws.co\/b3HDe\/%7Bbef8e568-14cf-446c-95aa-0972499e39aa%7D\" target=\"_blank\" rel=\"noreferrer noopener\">seg\u00fan el \u00faltimo informe de Front Line Deffenders<\/a>. Casi la mitad de estos defensores \u2013el 40%\u2013 fueron asesinados por defender, precisamente, los territorios y los derechos de los pueblos ind\u00edgenas.<\/p>\n\n\n\n<h3 class=\"wp-block-heading\" id=\"h-desprotecci-n-violencia-directa-y-violencia-estructural\"><strong>Desprotecci\u00f3n, violencia directa y violencia estructural<\/strong><\/h3>\n\n\n\n<p>Manos Unidas, que en los \u00faltimos cinco a\u00f1os ha destinado&nbsp;<strong>m\u00e1s de 14 millones \u20ac a 163 proyectos<\/strong>&nbsp;para apoyar a comunidades ind\u00edgenas en Am\u00e9rica Latina, recibe, constantemente, alertas de las organizaciones con las que trabaja.&nbsp;<\/p>\n\n\n\n<p>\u00abDe norte a sur,&nbsp;<strong>nuestros socios denuncian el aumento de los ataques<\/strong>&nbsp;contra l\u00edderes ind\u00edgenas y campesinos\u00bb, asegura Mariana Ugarte, responsable de proyectos de Manos Unidas en M\u00e9xico y Per\u00fa.<\/p>\n\n\n\n<p>\u00abLos pueblos ind\u00edgenas enfrentan&nbsp;<strong>una violencia de mil caras<\/strong>: primero, la estructural, con el abandono institucional y la negaci\u00f3n de sus derechos; y, por otro lado, una violencia directa que va desde campa\u00f1as de difamaci\u00f3n y amenazas, intimidaci\u00f3n policial y hostigamientos, pasando por detenciones y encarcelamientos sin pruebas, hasta llegar a agresiones, desalojo de comunidades, violencia sexual, secuestros y asesinatos de l\u00edderes ind\u00edgenas\u00bb, afirma Ugarte.&nbsp;<\/p>\n\n\n\n<p>\u00ab<strong>Tras estas muertes se encuentra la tala ilegal, el tr\u00e1fico de tierras, la miner\u00eda, el agronegocio, el narcotr\u00e1fico<\/strong>\u2026\u2013contin\u00faa\u2013 pero el marco que acoge todo ello es el mismo: un modelo econ\u00f3mico extractivista, el centralismo de las pol\u00edticas estatales y el racismo estructural\u00bb.<\/p>\n\n\n\n<p>En la regi\u00f3n amaz\u00f3nica, con&nbsp;<strong>un asesinato cada dos d\u00edas durante 2020<\/strong>, los pueblos ind\u00edgenas reclaman a Gobiernos y agencias multilaterales que protejan la vida de l\u00edderes y defensores ambientales y de derechos humanos.&nbsp;<\/p>\n\n\n\n<p>El&nbsp;<strong>Acuerdo de Escaz\u00fa<\/strong>&nbsp;parec\u00eda avanzar en esa demandada protecci\u00f3n, al ser el primer mecanismo internacional que obligaba a los pa\u00edses a proteger a los defensores ambientales. Sin embargo, no ha sido ratificado por algunos de los pa\u00edses con mayor n\u00famero de ataques contra defensores de la tierra, como Colombia, Brasil, Per\u00fa, Guatemala y Paraguay, entre otros.<\/p>\n\n\n\n<figure class=\"wp-block-image\"><img decoding=\"async\" src=\"https:\/\/wp.es.aleteia.org\/wp-content\/uploads\/sites\/7\/2021\/08\/Foto-Luis-Enrique-Becerra-Velarde-Manos-Unidas.jpg?w=720\" alt=\"MANOS UNIDAS\" class=\"wp-image-626238\"\/><\/figure>\n\n\n\n<p>MANOS UNIDAS<\/p>\n\n\n\n<h3 class=\"wp-block-heading\"><strong>El narcotr\u00e1fico contra los kakataibo en la Amazon\u00eda peruana<\/strong><\/h3>\n\n\n\n<p>Seg\u00fan datos del Instituto del Bien Com\u00fan, socio local de Manos Unidas, durante la pandemia ha habido una&nbsp;<strong>docena de asesinatos de l\u00edderes ind\u00edgenas solo en la Amazon\u00eda peruana<\/strong>.&nbsp;<\/p>\n\n\n\n<p>El pueblo m\u00e1s golpeado ha sido, sin duda, el&nbsp;<strong>kakataibo<\/strong>, con cuatro l\u00edderes asesinados. En este caso, es el narcotr\u00e1fico la principal causa de las amenazas y ataques que sufren estas comunidades apoyadas por Manos Unidas.<\/p>\n\n\n\n<p>\u00abEn enero de 2020 \u2013relata Mariana Ugarte\u2013, el l\u00edder kakataibo&nbsp;<strong>Arbidio Mel\u00e9ndez<\/strong>&nbsp;inform\u00f3 al Relator Especial de Naciones Unidas para la situaci\u00f3n de los defensores de los derechos humanos acerca de las amenazas que su pueblo estaba recibiendo. Arbidio fue&nbsp;<strong>asesinado dos meses despu\u00e9s<\/strong>&nbsp;cerca de su comunidad\u00bb.&nbsp;<\/p>\n\n\n\n<p>\u00abYa en 2021,&nbsp;<strong>Herasmo Garc\u00eda<\/strong>, integrante del comit\u00e9 de control forestal de la comunidad&nbsp;de Sinchi Roca, denunci\u00f3 las&nbsp;<strong>amenazas que sufr\u00edan por parte de invasores de tierra y narcotraficantes<\/strong>. Herasmo fue&nbsp;<strong>secuestrado y asesinado<\/strong>&nbsp;poco despu\u00e9s; al igual que ocurri\u00f3, dos d\u00edas antes, con&nbsp;<strong>Yenes R\u00edos<\/strong>, otro l\u00edder ind\u00edgena de Puerto Nuevo. Ambos estaban amenazados y ambos hab\u00edan solicitado protecci\u00f3n\u00bb.<\/p>\n\n\n\n<p>Seg\u00fan Luis Hallazi, del Instituto del Bien Com\u00fan, \u00ab<strong>la desprotecci\u00f3n se ha agravado con la pandemia<\/strong>&nbsp;y se ha generado el escenario propicio para que las econom\u00edas ilegales invadan los bosques y aumente la violencia\u00bb.&nbsp;<\/p>\n\n\n\n<p>\u00abLa presi\u00f3n a los territorios ind\u00edgenas \u2013contin\u00faa Hallazi\u2013 aumenta al no existir una debida&nbsp;<strong>protecci\u00f3n jur\u00eddica de las tierras comunales<\/strong>; es decir, es necesario que el Estado titule sus tierras y las proteja de ser invadidas por actividades ilegales.&nbsp;<strong>Proteger jur\u00eddicamente el territorio y proteger a las personas amenazadas<\/strong>: en eso estamos trabajando con el apoyo de organizaciones como Manos Unidas\u00bb.<\/p>\n\n\n\n<figure class=\"wp-block-image\"><img decoding=\"async\" src=\"https:\/\/wp.es.aleteia.org\/wp-content\/uploads\/sites\/7\/2021\/08\/Peru%CC%81-pueblo-Kakataibo-Fotos-del-Instituto-del-Bien-Comu%CC%81nFoto-Jhomar-Maynas-Manos-Unidas.jpg?w=720\" alt=\"MANOS UNIDAS\" class=\"wp-image-626240\"\/><\/figure>\n\n\n\n<p>Instituto del Bien Com\u00fanFoto Jhomar Maynas<\/p>\n\n\n\n<h3 class=\"wp-block-heading\"><strong>Exigiendo justicia para Bernardo Caal en Guatemala<\/strong><\/h3>\n\n\n\n<p>CIDSE, alianza internacional de organizaciones cat\u00f3licas de la que Manos Unidas forma parte, es una de las m\u00faltiples entidades que&nbsp;<a href=\"https:\/\/anws.co\/b3HDf\/%7Bbef8e568-14cf-446c-95aa-0972499e39aa%7D\" target=\"_blank\" rel=\"noreferrer noopener\">han alzado la voz en defensa de Bernardo Caal<\/a>,&nbsp;<strong>l\u00edder ind\u00edgena maya q\u2019eqchi\u2019 encarcelado en Guatemala<\/strong>.<\/p>\n\n\n\n<p>Caal, que espera desde hace a\u00f1os poder apelar su sentencia, fue condenado por robo y retenci\u00f3n de trabajadores de una de las&nbsp;<strong>hidroel\u00e9ctricas presentes en un territorio habitado por hasta 38 comunidades maya q\u2019eqchi\u2019<\/strong>.&nbsp;<\/p>\n\n\n\n<p>Estas poblaciones, que necesitan del&nbsp;<strong>r\u00edo Cahab\u00f3n<\/strong>&nbsp;para su sustento, se opusieron a la construcci\u00f3n de siete represas hidroel\u00e9ctricas en esa cuenca. Bernardo interpuso medidas cautelares contra el proyecto. Y, en 2017, los tribunales reconocieron que se viol\u00f3 el derecho a la consulta previa a las comunidades; lo que no impidi\u00f3 las explotaciones hidroel\u00e9ctricas. Y tampoco fue obst\u00e1culo para que, en 2018, Caal fuera sentenciado a m\u00e1s de siete a\u00f1os de prisi\u00f3n por acusaciones que carecen de pruebas objetivas, seg\u00fan las organizaciones.<\/p>\n\n\n\n<p>En una carta reciente desde la c\u00e1rcel, Bernardo Caal denuncia que el pueblo q\u2019eqchi\u2019 tiene \u00absus r\u00edos secuestrados para hacer funcionar las centrales hidroel\u00e9ctricas\u00bb mientras que las comunidades \u00abno tienen electricidad y permanecen en la oscuridad. Esto se llama&nbsp;<strong>despojo, exclusi\u00f3n, discriminaci\u00f3n y racismo<\/strong>\u00bb, se\u00f1ala el l\u00edder ind\u00edgena en su carta.<\/p>\n\n\n\n<h3 class=\"wp-block-heading\"><strong>Comunidades aisladas y desalojos ilegales en Paraguay<\/strong><\/h3>\n\n\n\n<p>En Paraguay, uno de los pa\u00edses con m\u00e1s desigualdad en la distribuci\u00f3n de tierras \u2013en el que menos del 2,5 % de la poblaci\u00f3n posee m\u00e1s del 85 % de las tierras cultivables\u2013, Manos Unidas acompa\u00f1a a i<strong>nd\u00edgenas y campesinos del Chaco paraguayo<\/strong>&nbsp;que ven desaparecer su h\u00e1bitat ante el avance de monocultivos y tierras dedicadas a pastos ganaderos.&nbsp;<\/p>\n\n\n\n<p>Para Carlos Vicente Alconc\u00e9, responsable de los proyectos de la ONG en Paraguay, Ecuador y Brasil, \u00abla causa principal de la violencia hacia las poblaciones ind\u00edgenas del pa\u00eds es el&nbsp;<strong>acaparamiento de tierras por parte de grandes empresas y particulares dedicados al agronegocio<\/strong>\u00bb.<\/p>\n\n\n\n<figure class=\"wp-block-image\"><img decoding=\"async\" src=\"https:\/\/wp.es.aleteia.org\/wp-content\/uploads\/sites\/7\/2021\/08\/Paraguay-region-del-Chaco-Fotos-Tierraviva-Manos-Unidas.jpg?w=720\" alt=\"MANOS UNIDAS\" class=\"wp-image-626239\"\/><\/figure>\n\n\n\n<p>Tierraviva<\/p>\n\n\n\n<p>En palabras de Lidia Ruiz, directora de Tierraviva, organizaci\u00f3n con la que Manos Unidas trabaja en el pa\u00eds, \u00abes muy doloroso ver el abandono de los ind\u00edgenas del Chaco, excluidos de pol\u00edticas p\u00fablicas que garanticen sus derechos m\u00e1s b\u00e1sicos, mientras el Gobierno destina&nbsp;<strong>enormes inversiones a mega infraestructuras que solo benefician a empresas ganaderas y de granos<\/strong>, que a medio plazo provocar\u00e1n serios da\u00f1os en las tierras reivindicadas por las comunidades; las mismas comunidades que no tienen acceso a agua potable, a salud, a educaci\u00f3n, energ\u00eda y v\u00edas de comunicaci\u00f3n\u00bb.<\/p>\n\n\n\n<p>Seg\u00fan Tierraviva, durante la pandemia&nbsp;<strong>han aumentado los desalojos violentos de comunidades<\/strong>. \u00abSolo de mayo a julio ha habido siete desalojos \u2013afirma Ruiz\u2013, promovidos por empresas agroganaderas y ejecutados por&nbsp;<strong>grupos armados privados<\/strong>\u00bb. Estos desalojos vienen precedidos o acompa\u00f1ados de violencia f\u00edsica, incendios provocados, fumigaciones con agrot\u00f3xicos\u2026&nbsp;<\/p>\n\n\n\n<p>\u00abEn la comunidad Loma Piro\u2019y, por ejemplo,&nbsp;<strong>civiles armados con escopetas y picanas el\u00e9ctricas atacaron a las familias<\/strong>, incluyendo a los ni\u00f1os, y varias viviendas, la iglesia y la escuela fueron incendiadas\u00bb, denuncia Ruiz.<\/p>\n\n\n\n<p>\u00abUn caso muy significativo es el de la comunidad&nbsp;<strong>Payseyamexyempa\u2019a<\/strong>, con la que estamos trabajando junto a Manos Unidas para fortalecer sus huertas familiares y sus sistemas de agua\u00bb, explica Ruiz. A pesar de que la comunidad ha conseguido recuperar una parte de las tierras que tuvo que abandonar hace cuatro a\u00f1os, las familias se encuentran en una&nbsp;<strong>situaci\u00f3n de pobreza extrema a ra\u00edz del aislamiento al que est\u00e1n sometidas<\/strong>, rodeadas por fincas de terratenientes.&nbsp;<\/p>\n\n\n\n<p>\u00abPara salir o entrar a sus tierras deben pedir \u00abpermiso\u00bb a los hacendados para que les dejen utilizar sus caminos \u00abprivados\u00bb \u2013se\u00f1ala Ruiz\u2013. Estos grandes propietarios tienen personas armadas a su servicio y amedrentan a los ind\u00edgenas con la perspectiva de que alg\u00fan d\u00eda abandonen las tierras que con mucho sufrimiento han recuperado legalmente\u00bb.<\/p>\n\n\n\n<p>En los \u00faltimos cinco a\u00f1os,&nbsp;<strong>Manos Unidas ha apoyado directamente a m\u00e1s de medio mill\u00f3n de personas integrantes de pueblos ind\u00edgenas de todo el mundo<\/strong>, a trav\u00e9s de un total de 225 proyectos con una inversi\u00f3n de m\u00e1s de 17 millones de euros.&nbsp;<\/p>\n\n\n\n<p>Para Alconc\u00e9, la ONG debe continuar \u00abal lado de estas poblaciones, fortalecer la seguridad jur\u00eddica de sus territorios, impulsar iniciativas agroecol\u00f3gicas para la alimentaci\u00f3n de las familias, ofrecer herramientas de formaci\u00f3n para que las comunidades conozcan y reclamen sus derechos y, en definitiva, permanecer junto a ellas en la lucha por sus derechos, sus bosques y su propia supervivencia\u00bb.<\/p>\n\n\n\n<p>Fuente: https:\/\/es.aleteia.org\/2021\/08\/08\/la-violencia-de-mil-caras-que-enfrentan-los-pueblos-indigenas-de-america-latina\/<\/p>\n","protected":false},"excerpt":{"rendered":"<p>Con motivo del D\u00eda Internacional de los Pueblos Ind\u00edgenas, Manos Unidas denuncia la creciente violencia y exclusi\u00f3n que sufren los [&hellip;]<\/p>\n","protected":false},"author":1,"featured_media":11220,"comment_status":"open","ping_status":"open","sticky":false,"template":"","format":"standard","meta":{"site-sidebar-layout":"default","site-content-layout":"","ast-site-content-layout":"default","site-content-style":"default","site-sidebar-style":"default","ast-global-header-display":"","ast-banner-title-visibility":"","ast-main-header-display":"","ast-hfb-above-header-display":"","ast-hfb-below-header-display":"","ast-hfb-mobile-header-display":"","site-post-title":"","ast-breadcrumbs-content":"","ast-featured-img":"","footer-sml-layout":"","theme-transparent-header-meta":"","adv-header-id-meta":"","stick-header-meta":"","header-above-stick-meta":"","header-main-stick-meta":"","header-below-stick-meta":"","astra-migrate-meta-layouts":"default","ast-page-background-enabled":"default","ast-page-background-meta":{"desktop":{"background-color":"var(--ast-global-color-4)","background-image":"","background-repeat":"repeat","background-position":"center center","background-size":"auto","background-attachment":"scroll","background-type":"","background-media":"","overlay-type":"","overlay-color":"","overlay-opacity":"","overlay-gradient":""},"tablet":{"background-color":"","background-image":"","background-repeat":"repeat","background-position":"center center","background-size":"auto","background-attachment":"scroll","background-type":"","background-media":"","overlay-type":"","overlay-color":"","overlay-opacity":"","overlay-gradient":""},"mobile":{"background-color":"","background-image":"","background-repeat":"repeat","background-position":"center center","background-size":"auto","background-attachment":"scroll","background-type":"","background-media":"","overlay-type":"","overlay-color":"","overlay-opacity":"","overlay-gradient":""}},"ast-content-background-meta":{"desktop":{"background-color":"var(--ast-global-color-5)","background-image":"","background-repeat":"repeat","background-position":"center center","background-size":"auto","background-attachment":"scroll","background-type":"","background-media":"","overlay-type":"","overlay-color":"","overlay-opacity":"","overlay-gradient":""},"tablet":{"background-color":"var(--ast-global-color-5)","background-image":"","background-repeat":"repeat","background-position":"center center","background-size":"auto","background-attachment":"scroll","background-type":"","background-media":"","overlay-type":"","overlay-color":"","overlay-opacity":"","overlay-gradient":""},"mobile":{"background-color":"var(--ast-global-color-5)","background-image":"","background-repeat":"repeat","background-position":"center center","background-size":"auto","background-attachment":"scroll","background-type":"","background-media":"","overlay-type":"","overlay-color":"","overlay-opacity":"","overlay-gradient":""}},"footnotes":""},"categories":[8],"tags":[3042,3041],"class_list":["post-11219","post","type-post","status-publish","format-standard","has-post-thumbnail","hentry","category-noticias","tag-front-line-deffenders","tag-poblacion-indigena-america"],"_links":{"self":[{"href":"https:\/\/losperiodistas.com.mx\/portal\/wp-json\/wp\/v2\/posts\/11219","targetHints":{"allow":["GET"]}}],"collection":[{"href":"https:\/\/losperiodistas.com.mx\/portal\/wp-json\/wp\/v2\/posts"}],"about":[{"href":"https:\/\/losperiodistas.com.mx\/portal\/wp-json\/wp\/v2\/types\/post"}],"author":[{"embeddable":true,"href":"https:\/\/losperiodistas.com.mx\/portal\/wp-json\/wp\/v2\/users\/1"}],"replies":[{"embeddable":true,"href":"https:\/\/losperiodistas.com.mx\/portal\/wp-json\/wp\/v2\/comments?post=11219"}],"version-history":[{"count":1,"href":"https:\/\/losperiodistas.com.mx\/portal\/wp-json\/wp\/v2\/posts\/11219\/revisions"}],"predecessor-version":[{"id":11221,"href":"https:\/\/losperiodistas.com.mx\/portal\/wp-json\/wp\/v2\/posts\/11219\/revisions\/11221"}],"wp:featuredmedia":[{"embeddable":true,"href":"https:\/\/losperiodistas.com.mx\/portal\/wp-json\/wp\/v2\/media\/11220"}],"wp:attachment":[{"href":"https:\/\/losperiodistas.com.mx\/portal\/wp-json\/wp\/v2\/media?parent=11219"}],"wp:term":[{"taxonomy":"category","embeddable":true,"href":"https:\/\/losperiodistas.com.mx\/portal\/wp-json\/wp\/v2\/categories?post=11219"},{"taxonomy":"post_tag","embeddable":true,"href":"https:\/\/losperiodistas.com.mx\/portal\/wp-json\/wp\/v2\/tags?post=11219"}],"curies":[{"name":"wp","href":"https:\/\/api.w.org\/{rel}","templated":true}]}}