{"id":111723,"date":"2025-12-03T06:27:35","date_gmt":"2025-12-03T12:27:35","guid":{"rendered":"https:\/\/losperiodistas.com.mx\/portal\/?p=111723"},"modified":"2025-12-03T07:46:31","modified_gmt":"2025-12-03T13:46:31","slug":"opinion-las-tres-razones-para-salir","status":"publish","type":"post","link":"https:\/\/losperiodistas.com.mx\/portal\/opinion-las-tres-razones-para-salir\/","title":{"rendered":"Opini\u00f3n | Las tres razones para salir"},"content":{"rendered":"\n<figure class=\"wp-block-image size-full\"><img fetchpriority=\"high\" decoding=\"async\" width=\"750\" height=\"292\" src=\"https:\/\/losperiodistas.com.mx\/portal\/wp-content\/uploads\/2024\/07\/Captura-de-Pantalla-2021-07-20-a-las-18.51.06.jpg\" alt=\"\" class=\"wp-image-78518\" srcset=\"https:\/\/losperiodistas.com.mx\/portal\/wp-content\/uploads\/2024\/07\/Captura-de-Pantalla-2021-07-20-a-las-18.51.06.jpg 750w, https:\/\/losperiodistas.com.mx\/portal\/wp-content\/uploads\/2024\/07\/Captura-de-Pantalla-2021-07-20-a-las-18.51.06-300x117.jpg 300w\" sizes=\"(max-width: 750px) 100vw, 750px\" \/><\/figure>\n\n\n\n<p class=\"has-vivid-red-color has-text-color has-link-color has-medium-font-size wp-elements-94814ee3825bcb8ea6c19b42b3bfe90a\"><strong><em>Por Humberto Aguilar Coronado<\/em><\/strong><\/p>\n\n\n\n<p>Sali\u00f3 p\u00fablicamente desde su rancho para anunciar la publicaci\u00f3n del libro \u201cGrandeza\u201d; para apoyar y alabar a la presidenta, afirmando que es la mejor presidenta del mundo; para fustigar a los que considera sus adversarios, por alzar sus voces y para amenazar con su salida a la calle por las tres razones que, seg\u00fan \u00e9l, lo exigir\u00edan.<\/p>\n\n\n\n<p>Mencionemos la primera: \u201csi atentaran contra la democracia, como lo hac\u00edan antes\u201d.<\/p>\n\n\n\n<p>Pero se refiere a la democracia como \u00e9l la entiende y le conviene, es decir, esa democracia en donde solo es v\u00e1lido si los resultados electorales favorecen a su partido y a los candidatos que impongan, ya sea por sorteo, lealtad o disciplina.<\/p>\n\n\n\n<p>Qui\u00e9n antes atent\u00f3 contra la democracia fue precisamente L\u00f3pez Obrador, desde el momento en que \u201cmand\u00f3 al diablo las instituciones\u201d, incluida a la que garantizaba los procesos democr\u00e1ticos con equidad, el Instituto Nacional Electoral.<\/p>\n\n\n\n<p>Un nuevo atentado a la democracia fue el anuncio y presentaci\u00f3n de su \u201cPlan C\u201d, al tiempo de dise\u00f1ar una estrategia pol\u00edtico electoral de estado, para aplastar a la oposici\u00f3n en las elecciones del 2024.<\/p>\n\n\n\n<p>Pero no conforme con los resultados obtenidos en las elecciones, que no le alcanzaban para conformar su mayor\u00eda calificada en ambas c\u00e1maras para lograr la aprobaci\u00f3n de su \u201cPlan C\u201d, volvi\u00f3 a atentar contra la democracia, con la colaboraci\u00f3n o sumisi\u00f3n de consejeras y consejeros del INE, as\u00ed como de magistrados del Tribunal Electoral del Poder Judicial de la Federaci\u00f3n, al aprobarse la sobre representaci\u00f3n para morena y sus aliados, que adem\u00e1s, necesit\u00f3 de tres traiciones a la democracia de senadores electos por otros partidos pol\u00edticos, que fueron amenazados o cooptados.<\/p>\n\n\n\n<p>Falta todav\u00eda ver la consumaci\u00f3n del atentado final a la democracia, con la aprobaci\u00f3n de la reforma electoral anunciada, sin tomar en cuenta la opini\u00f3n de los partidos de oposici\u00f3n, ni de las voces de los expertos en la materia.<\/p>\n\n\n\n<p>De aprobarse la desaparici\u00f3n de los diputados plurinominales, el recorte al presupuesto del INE y la disminuci\u00f3n del financiamiento p\u00fablico a los partidos pol\u00edticos, se tendr\u00eda el escenario perfecto para que pol\u00edticamente actu\u00e1ramos, dentro del esquema, visi\u00f3n y formas de lo que \u00e9l cree que es \u201csu\u201d democracia.<\/p>\n\n\n\n<p>Su visi\u00f3n torcida de la democracia implica que no deben existir voces discordantes, y si se alza la voz, se critica o se denuncia, por parte de lideres de oposici\u00f3n, comunicadores, intelectuales o periodistas, entonces el aparato de estado, encabezado por la presidenta, entra para descalificar, denostar, mentir o perseguir, porque para \u00e9l, eso es atentar contra \u201csu\u201d democracia.<\/p>\n\n\n\n<p>La democracia no necesariamente exige que los triunfos electorales sean para el partido del gobierno; la democracia no implica que el gobierno y su partido siempre tengan la raz\u00f3n; la democracia no es la certidumbre en el resultado; la democracia no es imponer todas las decisiones en el congreso, sin siquiera leer las iniciativas para estar en condiciones de debatir; la democracia no es controlar los tres poderes de la uni\u00f3n y no tener contrapesos institucionales.<\/p>\n\n\n\n<p>La democracia es vivir en libertad y eso significa respetar las opiniones diferentes y buscar los mecanismos necesarios para promover el di\u00e1logo en la b\u00fasqueda de acuerdos para la sana convivencia.<\/p>\n\n\n\n<p>*Es polit\u00f3logo<\/p>\n","protected":false},"excerpt":{"rendered":"<p>Por Humberto Aguilar Coronado Sali\u00f3 p\u00fablicamente desde su rancho para anunciar la publicaci\u00f3n del libro \u201cGrandeza\u201d; para apoyar y alabar [&hellip;]<\/p>\n","protected":false},"author":1,"featured_media":78518,"comment_status":"open","ping_status":"open","sticky":false,"template":"","format":"standard","meta":{"site-sidebar-layout":"default","site-content-layout":"","ast-site-content-layout":"default","site-content-style":"default","site-sidebar-style":"default","ast-global-header-display":"","ast-banner-title-visibility":"","ast-main-header-display":"","ast-hfb-above-header-display":"","ast-hfb-below-header-display":"","ast-hfb-mobile-header-display":"","site-post-title":"","ast-breadcrumbs-content":"","ast-featured-img":"","footer-sml-layout":"","theme-transparent-header-meta":"","adv-header-id-meta":"","stick-header-meta":"","header-above-stick-meta":"","header-main-stick-meta":"","header-below-stick-meta":"","astra-migrate-meta-layouts":"default","ast-page-background-enabled":"default","ast-page-background-meta":{"desktop":{"background-color":"var(--ast-global-color-4)","background-image":"","background-repeat":"repeat","background-position":"center center","background-size":"auto","background-attachment":"scroll","background-type":"","background-media":"","overlay-type":"","overlay-color":"","overlay-opacity":"","overlay-gradient":""},"tablet":{"background-color":"","background-image":"","background-repeat":"repeat","background-position":"center center","background-size":"auto","background-attachment":"scroll","background-type":"","background-media":"","overlay-type":"","overlay-color":"","overlay-opacity":"","overlay-gradient":""},"mobile":{"background-color":"","background-image":"","background-repeat":"repeat","background-position":"center center","background-size":"auto","background-attachment":"scroll","background-type":"","background-media":"","overlay-type":"","overlay-color":"","overlay-opacity":"","overlay-gradient":""}},"ast-content-background-meta":{"desktop":{"background-color":"var(--ast-global-color-5)","background-image":"","background-repeat":"repeat","background-position":"center center","background-size":"auto","background-attachment":"scroll","background-type":"","background-media":"","overlay-type":"","overlay-color":"","overlay-opacity":"","overlay-gradient":""},"tablet":{"background-color":"var(--ast-global-color-5)","background-image":"","background-repeat":"repeat","background-position":"center center","background-size":"auto","background-attachment":"scroll","background-type":"","background-media":"","overlay-type":"","overlay-color":"","overlay-opacity":"","overlay-gradient":""},"mobile":{"background-color":"var(--ast-global-color-5)","background-image":"","background-repeat":"repeat","background-position":"center center","background-size":"auto","background-attachment":"scroll","background-type":"","background-media":"","overlay-type":"","overlay-color":"","overlay-opacity":"","overlay-gradient":""}},"footnotes":""},"categories":[8,18],"tags":[43919],"class_list":["post-111723","post","type-post","status-publish","format-standard","has-post-thumbnail","hentry","category-noticias","category-palabra-de-tigre","tag-reaparicion-amlo"],"_links":{"self":[{"href":"https:\/\/losperiodistas.com.mx\/portal\/wp-json\/wp\/v2\/posts\/111723","targetHints":{"allow":["GET"]}}],"collection":[{"href":"https:\/\/losperiodistas.com.mx\/portal\/wp-json\/wp\/v2\/posts"}],"about":[{"href":"https:\/\/losperiodistas.com.mx\/portal\/wp-json\/wp\/v2\/types\/post"}],"author":[{"embeddable":true,"href":"https:\/\/losperiodistas.com.mx\/portal\/wp-json\/wp\/v2\/users\/1"}],"replies":[{"embeddable":true,"href":"https:\/\/losperiodistas.com.mx\/portal\/wp-json\/wp\/v2\/comments?post=111723"}],"version-history":[{"count":1,"href":"https:\/\/losperiodistas.com.mx\/portal\/wp-json\/wp\/v2\/posts\/111723\/revisions"}],"predecessor-version":[{"id":111724,"href":"https:\/\/losperiodistas.com.mx\/portal\/wp-json\/wp\/v2\/posts\/111723\/revisions\/111724"}],"wp:featuredmedia":[{"embeddable":true,"href":"https:\/\/losperiodistas.com.mx\/portal\/wp-json\/wp\/v2\/media\/78518"}],"wp:attachment":[{"href":"https:\/\/losperiodistas.com.mx\/portal\/wp-json\/wp\/v2\/media?parent=111723"}],"wp:term":[{"taxonomy":"category","embeddable":true,"href":"https:\/\/losperiodistas.com.mx\/portal\/wp-json\/wp\/v2\/categories?post=111723"},{"taxonomy":"post_tag","embeddable":true,"href":"https:\/\/losperiodistas.com.mx\/portal\/wp-json\/wp\/v2\/tags?post=111723"}],"curies":[{"name":"wp","href":"https:\/\/api.w.org\/{rel}","templated":true}]}}