{"id":1117,"date":"2020-11-12T08:51:52","date_gmt":"2020-11-12T14:51:52","guid":{"rendered":"http:\/\/losperiodistas.com.mx\/portal\/?p=1117"},"modified":"2020-11-12T08:51:52","modified_gmt":"2020-11-12T14:51:52","slug":"la-iglesia-se-prepara-para-celebrar-la-iv-jornada-mundial-de-los-pobres-convocada-por-el-papa-francisco","status":"publish","type":"post","link":"https:\/\/losperiodistas.com.mx\/portal\/la-iglesia-se-prepara-para-celebrar-la-iv-jornada-mundial-de-los-pobres-convocada-por-el-papa-francisco\/","title":{"rendered":"La Iglesia se prepara para celebrar la IV Jornada Mundial de los Pobres convocada por el Papa Francisco"},"content":{"rendered":"\n<p><em>Con el lema \u00abTiende tu mano al pobre\u00bb este domingo, 15 de noviembre, el Santo Padre nos invita a ser signo concreto del amor del amor de Cristo por los m\u00e1s necesitados<\/em><\/p>\n\n\n\n<p class=\"has-vivid-cyan-blue-color has-text-color has-medium-font-size\">CADENA COPE<\/p>\n\n\n\n<p>La&nbsp;<a href=\"https:\/\/conferenciaepiscopal.es\/\" target=\"_blank\" rel=\"noreferrer noopener\">Iglesia<\/a>&nbsp;celebra este domingo, 15 de noviembre,&nbsp;<strong>la&nbsp;<a href=\"http:\/\/www.vatican.va\/content\/francesco\/es\/messages\/poveri\/documents\/papa-francesco_20200613_messaggio-iv-giornatamondiale-poveri-2020.html\" target=\"_blank\" rel=\"noreferrer noopener\">IV Jornada Mundial de los Pobres<\/a><\/strong>. Una Jornada en la que el&nbsp;<a href=\"https:\/\/www.cope.es\/tag\/internacional\/papa-francisco\">Papa Francisco<\/a>&nbsp;<strong>invita a toda la Iglesia a ser signo concreto del amor de Cristo por los \u00faltimos y los m\u00e1s necesitados.<\/strong><\/p>\n\n\n\n<p>Una oportunidad para recordar la predilecci\u00f3n de Jes\u00fas por los pobres. Una invitaci\u00f3n a mantener la mirada fija en quienes tienden sus manos clamando ayuda y pidiendo nuestra solidaridad. \u201c<strong>Son nuestros hermanos y hermanas, creados y amados por el Padre celestial<\/strong>\u201d recalcaba el Santo Padre en su mensaje para la Jornada.<\/p>\n\n\n\n<p>Este a\u00f1o la Jornada Mundial por los Pobres se celebra en medio de una pandemia que ha zarandeado el mundo.&nbsp;<strong>Ha dejado al descubierto la fragilidad humana y ha puesto en crisis muchas certezas.<\/strong>&nbsp;Ha puesto nuevos rostros a la pobreza. Ha tra\u00eddo &#8211; escribe el Papa en su mensaje &#8211;&nbsp;<strong>dolor y muerte, desaliento y desconcierto. Pero tambi\u00e9n hemos visto como a nuestro alrededor se tend\u00edan muchas manos.<\/strong><\/p>\n\n\n\n<figure class=\"wp-block-image\"><img decoding=\"async\" src=\"https:\/\/cope-cdnmed.agilecontent.com\/resources\/jpg\/8\/6\/1605172204368.jpg\" alt=\"Jornada mundial de los pobres\" title=\"Jornada mundial de los pobres\"\/><\/figure>\n\n\n\n<h2 class=\"wp-block-heading\"><strong>\u00abTiende tu mano al pobre\u00bb<\/strong><\/h2>\n\n\n\n<p><strong>\u201cTiende tu mano al pobre\u201d, este es el lema para esta IV Jornada Mundial de los Pobres&nbsp;<\/strong>y con estas palabras del Eclesi\u00e1stico, tambi\u00e9n conocido como Sir\u00e1cida, desarrolla el Papa Francisco su mensaje.. El Papa da actualidad a las palabras de un sabio maestro que vivi\u00f3 unos doscientos a\u00f1os antes de Cristo. Recupera estas ense\u00f1anzas que se recogen en uno de los libros del Antiguo Testamento. El Papa ha elegido el t\u00edtulo para su mensaje de este a\u00f1o de un pasaje que une,&nbsp;<strong>como hechos inseparables, la oraci\u00f3n a Dios y la solidaridad con los pobres y los que sufren.<\/strong><\/p>\n\n\n\n<p>\u201cEl tiempo que se dedica a la oraci\u00f3n \u2013 recuerda el Pont\u00edfice &#8211;&nbsp;<strong>nunca puede convertirse en una coartada para descuidar al pr\u00f3jimo necesitado<\/strong>; sino todo lo contrario: la bendici\u00f3n del Se\u00f1or desciende sobre nosotros y la oraci\u00f3n logra su prop\u00f3sito cuando va acompa\u00f1ada del servicio a los pobres\u201d. \u00abEl grito silencioso de tantos pobres debe encontrar al pueblo de Dios en primera l\u00ednea, siempre y en todas partes,&nbsp;<strong>para darles voz, defenderlos y solidarizarse con ellos ante tanta hipocres\u00eda y tantas promesas incumplidas<\/strong>, e invitarlos a participar en la vida de la comunidad\u201d, afirma el Santo Padre.<\/p>\n\n\n\n<p>El Papa Francisco tambi\u00e9n advierte que las prisas no nos dejan ver las manos tendidas ni reconocer todo el bien que se realiza en el silencio y con gran generosidad. \u201cAs\u00ed sucede que, s\u00f3lo cuando ocurren hechos que alteran el curso de nuestra vida,&nbsp;<strong>nuestros ojos se vuelven capaces de vislumbrar la bondad de los santos \u201cde la puerta de al lado\u201d<\/strong>, \u00abde aquellos que viven cerca de nosotros y son un reflejo de la presencia de Dios\u00bb pero lo de que nadie habla\u00bb.<\/p>\n\n\n\n<p>Resalta el Santo Padre las manos tendidas durante estos meses en los que el mundo entero ha estado como abrumado por un virus que ha tra\u00eddo dolor y muerte, desaliento y desconcierto.&nbsp;<strong>La mano tendida de los sanitarios y farmac\u00e9uticos; del personal administrativo, de servicios esenciales y de seguridad; del sacerdote; del voluntario<\/strong>\u2026 de los que han desafiado el contagio y el miedo para dar apoyo y consuelo.<\/p>\n\n\n\n<p>\u201cTiende la mano al pobre\u201d es, por lo tanto, una invitaci\u00f3n a la responsabilidad y&nbsp;<strong>un compromiso directo de todos aquellos que se sienten parte del mismo destino<\/strong>&nbsp;y una llamada a llevar las cargas de los m\u00e1s d\u00e9biles.<\/p>\n\n\n\n<p>El Papa concluye su mensaje con una invitaci\u00f3n: la finalidad de cada una de nuestras acciones no puede ser otra que el amor.&nbsp;<strong>Este es el objetivo hacia el que nos dirigimos y nada debe distraernos de \u00e9l.<\/strong>&nbsp;Este amor es compartir, es dedicaci\u00f3n y servicio, pero comienza con el descubrimiento de que&nbsp;<strong>nosotros somos los primeros amados y movidos al amor.<\/strong><\/p>\n\n\n\n<figure class=\"wp-block-image\"><img decoding=\"async\" src=\"https:\/\/cope-cdnmed.agilecontent.com\/resources\/jpg\/3\/9\/1605172204393.jpg\" alt=\"Papa Francisco con los pobres de SantEgidio\" title=\"Papa Francisco con los pobres de SantEgidio\"\/><\/figure>\n\n\n\n<h2 class=\"wp-block-heading\"><strong>\u00bfPor qu\u00e9 comenz\u00f3 a celebrarse la Jornada Mundial de los Pobres?<\/strong><\/h2>\n\n\n\n<p>El 13 de noviembre de 2016 se cerraba en todo el mundo las Puertas de la Misericordia y&nbsp;<strong>en la Bas\u00edlica de San Pedro el&nbsp;<a href=\"https:\/\/www.cope.es\/programas\/mediodia-cope\/audios\/papa-jubileo-los-sin-techo-hombre-bien-mas-valioso-los-ojos-dios-20161113_9669\">Santo Padre celebraba el Jubileo dedicado a todas las personas marginadas<\/a><\/strong>. En la celebraci\u00f3n eucar\u00edstica estaban presentes miles de pobres, con los que ya hab\u00eda compartido los d\u00edas anteriores.<\/p>\n\n\n\n<p>La homil\u00eda estaba escrita,&nbsp;<strong>pero faltaba la frase final<\/strong>.&nbsp;<a href=\"http:\/\/www.vatican.va\/content\/francesco\/es\/homilies\/2016\/documents\/papa-francesco_20161113_giubileo-omelia-senza-fissa-dimora.html\" target=\"_blank\" rel=\"noreferrer noopener\">El Papa levant\u00f3 los ojos del texto<\/a>&nbsp;y de manera espont\u00e1nea&nbsp;<strong>anunci\u00f3 su deseo de celebrar una jornada de los pobres.<\/strong><\/p>\n\n\n\n<h3 class=\"wp-block-heading\"><strong>Las palabras del Papa<\/strong><\/h3>\n\n\n\n<p>\u201cPrecisamente hoy, cuando hablamos de exclusi\u00f3n, vienen r\u00e1pido a la mente personas concretas; no cosas in\u00fatiles, sino personas valiosas. La persona humana, colocada por Dios en la cumbre de la creaci\u00f3n, es a menudo descartada, porque se prefieren las cosas que pasan.\u00a0<strong>Y esto es inaceptable, porque el hombre es el bien m\u00e1s valioso a los ojos de Dios.<\/strong>\u00a0Y es grave que nos acostumbremos a este tipo de descarte; es para preocuparse, cuando se adormece la conciencia y no se presta atenci\u00f3n al hermano que sufre junto a nosotros o a los graves problemas del mundo\u2026<strong>\u00a0Hoy, en las catedrales y santuarios de todo el mundo, se cierran las Puertas de la Misericordia.<\/strong>\u00a0Pidamos la gracia de no apartar los ojos de Dios que nos mira y del pr\u00f3jimo que nos cuestiona\u2026 especialmente al hermano olvidado y excluido, al L\u00e1zaro que yace delante de nuestra puerta.\u00a0<strong>Hacia all\u00ed se dirige la lente de la Iglesia.\u2026 A la luz de estas reflexiones, quisiera que hoy fuera la \u00abJornada de los pobres<\/strong>\u00ab\u00bb<\/p>\n\n\n\n<p>Fuente: https:\/\/www.cope.es\/religion\/hoy-en-dia\/iglesia-espanola\/gente-con-fe\/noticias\/iglesia-prepara-para-celebrar-jornada-mundial-los-pobres-convocada-por-papa-francisco-20201112_992757<\/p>\n","protected":false},"excerpt":{"rendered":"<p>Con el lema \u00abTiende tu mano al pobre\u00bb este domingo, 15 de noviembre, el Santo Padre nos invita a ser [&hellip;]<\/p>\n","protected":false},"author":1,"featured_media":1118,"comment_status":"open","ping_status":"open","sticky":false,"template":"","format":"standard","meta":{"site-sidebar-layout":"default","site-content-layout":"","ast-site-content-layout":"default","site-content-style":"default","site-sidebar-style":"default","ast-global-header-display":"","ast-banner-title-visibility":"","ast-main-header-display":"","ast-hfb-above-header-display":"","ast-hfb-below-header-display":"","ast-hfb-mobile-header-display":"","site-post-title":"","ast-breadcrumbs-content":"","ast-featured-img":"","footer-sml-layout":"","theme-transparent-header-meta":"","adv-header-id-meta":"","stick-header-meta":"","header-above-stick-meta":"","header-main-stick-meta":"","header-below-stick-meta":"","astra-migrate-meta-layouts":"default","ast-page-background-enabled":"default","ast-page-background-meta":{"desktop":{"background-color":"var(--ast-global-color-4)","background-image":"","background-repeat":"repeat","background-position":"center center","background-size":"auto","background-attachment":"scroll","background-type":"","background-media":"","overlay-type":"","overlay-color":"","overlay-opacity":"","overlay-gradient":""},"tablet":{"background-color":"","background-image":"","background-repeat":"repeat","background-position":"center center","background-size":"auto","background-attachment":"scroll","background-type":"","background-media":"","overlay-type":"","overlay-color":"","overlay-opacity":"","overlay-gradient":""},"mobile":{"background-color":"","background-image":"","background-repeat":"repeat","background-position":"center center","background-size":"auto","background-attachment":"scroll","background-type":"","background-media":"","overlay-type":"","overlay-color":"","overlay-opacity":"","overlay-gradient":""}},"ast-content-background-meta":{"desktop":{"background-color":"var(--ast-global-color-5)","background-image":"","background-repeat":"repeat","background-position":"center center","background-size":"auto","background-attachment":"scroll","background-type":"","background-media":"","overlay-type":"","overlay-color":"","overlay-opacity":"","overlay-gradient":""},"tablet":{"background-color":"var(--ast-global-color-5)","background-image":"","background-repeat":"repeat","background-position":"center center","background-size":"auto","background-attachment":"scroll","background-type":"","background-media":"","overlay-type":"","overlay-color":"","overlay-opacity":"","overlay-gradient":""},"mobile":{"background-color":"var(--ast-global-color-5)","background-image":"","background-repeat":"repeat","background-position":"center center","background-size":"auto","background-attachment":"scroll","background-type":"","background-media":"","overlay-type":"","overlay-color":"","overlay-opacity":"","overlay-gradient":""}},"footnotes":""},"categories":[8],"tags":[],"class_list":["post-1117","post","type-post","status-publish","format-standard","has-post-thumbnail","hentry","category-noticias"],"_links":{"self":[{"href":"https:\/\/losperiodistas.com.mx\/portal\/wp-json\/wp\/v2\/posts\/1117","targetHints":{"allow":["GET"]}}],"collection":[{"href":"https:\/\/losperiodistas.com.mx\/portal\/wp-json\/wp\/v2\/posts"}],"about":[{"href":"https:\/\/losperiodistas.com.mx\/portal\/wp-json\/wp\/v2\/types\/post"}],"author":[{"embeddable":true,"href":"https:\/\/losperiodistas.com.mx\/portal\/wp-json\/wp\/v2\/users\/1"}],"replies":[{"embeddable":true,"href":"https:\/\/losperiodistas.com.mx\/portal\/wp-json\/wp\/v2\/comments?post=1117"}],"version-history":[{"count":1,"href":"https:\/\/losperiodistas.com.mx\/portal\/wp-json\/wp\/v2\/posts\/1117\/revisions"}],"predecessor-version":[{"id":1119,"href":"https:\/\/losperiodistas.com.mx\/portal\/wp-json\/wp\/v2\/posts\/1117\/revisions\/1119"}],"wp:featuredmedia":[{"embeddable":true,"href":"https:\/\/losperiodistas.com.mx\/portal\/wp-json\/wp\/v2\/media\/1118"}],"wp:attachment":[{"href":"https:\/\/losperiodistas.com.mx\/portal\/wp-json\/wp\/v2\/media?parent=1117"}],"wp:term":[{"taxonomy":"category","embeddable":true,"href":"https:\/\/losperiodistas.com.mx\/portal\/wp-json\/wp\/v2\/categories?post=1117"},{"taxonomy":"post_tag","embeddable":true,"href":"https:\/\/losperiodistas.com.mx\/portal\/wp-json\/wp\/v2\/tags?post=1117"}],"curies":[{"name":"wp","href":"https:\/\/api.w.org\/{rel}","templated":true}]}}