{"id":111656,"date":"2025-12-02T03:29:49","date_gmt":"2025-12-02T09:29:49","guid":{"rendered":"https:\/\/losperiodistas.com.mx\/portal\/?p=111656"},"modified":"2025-12-02T03:29:50","modified_gmt":"2025-12-02T09:29:50","slug":"a-puertas-de-la-fiesta-de-la-virgen-de-guadalupe-los-obispos-de-mexico-alientan-a-peregrinar-cuidando-la-creacion-aci","status":"publish","type":"post","link":"https:\/\/losperiodistas.com.mx\/portal\/a-puertas-de-la-fiesta-de-la-virgen-de-guadalupe-los-obispos-de-mexico-alientan-a-peregrinar-cuidando-la-creacion-aci\/","title":{"rendered":"A puertas de la Fiesta de la Virgen de Guadalupe, los obispos de M\u00e9xico alientan a \u201cperegrinar cuidando la creaci\u00f3n\u201d | ACI"},"content":{"rendered":"\n<figure class=\"wp-block-image size-full\"><img fetchpriority=\"high\" decoding=\"async\" width=\"672\" height=\"448\" src=\"https:\/\/losperiodistas.com.mx\/portal\/wp-content\/uploads\/2025\/12\/peregrinos-guadalupe-shutterstock-011225-1764635103.webp\" alt=\"\" class=\"wp-image-111657\" srcset=\"https:\/\/losperiodistas.com.mx\/portal\/wp-content\/uploads\/2025\/12\/peregrinos-guadalupe-shutterstock-011225-1764635103.webp 672w, https:\/\/losperiodistas.com.mx\/portal\/wp-content\/uploads\/2025\/12\/peregrinos-guadalupe-shutterstock-011225-1764635103-300x200.webp 300w\" sizes=\"(max-width: 672px) 100vw, 672px\" \/><figcaption class=\"wp-element-caption\">Peregrinos en la Bas\u00edlica de Guadalupe para la celebraci\u00f3n de la Virgen el 12 de diciembre de 2016. | Cr\u00e9dito: clicksdemexico\/Shutterstock.<\/figcaption><\/figure>\n\n\n\n<p><a href=\"https:\/\/www.aciprensa.com\/autor\/1\/david-ramos\"><\/a><\/p>\n\n\n\n<p class=\"has-vivid-red-color has-text-color has-link-color has-medium-font-size wp-elements-5d66229f4548477ca480ba9d157c1f80\"><strong>Por\u00a0<a href=\"https:\/\/www.aciprensa.com\/autor\/1\/david-ramos\">David Ramos<\/a> \/ ACI<\/strong><\/p>\n\n\n\n<p><br><\/p>\n\n\n\n<p>La Conferencia del Episcopado Mexicano (CEM) hizo un llamado a \u201cperegrinar cuidando la creaci\u00f3n\u201d, a puertas de las celebraciones por la Fiesta de Nuestra Se\u00f1ora de Guadalupe, que se celebra el 12 de diciembre.<\/p>\n\n\n\n<p>En un video mensaje difundido este 1 de diciembre, Mons. Engelberto Polino S\u00e1nchez, presidente de la Comisi\u00f3n Episcopal para la Pastoral Social, record\u00f3 que \u201ccada a\u00f1o, millones de cat\u00f3licos en M\u00e9xico nos ponemos en camino para ir al encuentro de Jes\u00fas y de Mar\u00eda en sus distintas advocaciones\u201d.<\/p>\n\n\n\n<p><\/p>\n\n\n\n<figure class=\"wp-block-embed is-type-rich is-provider-twitter wp-block-embed-twitter\"><div class=\"wp-block-embed__wrapper\">\n<blockquote class=\"twitter-tweet\" data-width=\"500\" data-dnt=\"true\"><p lang=\"es\" dir=\"ltr\">&quot;Mensaje de los Obispos para Peregrinar como Custodios de la Creaci\u00f3n&quot;<br><br>El camino hacia nuestros santuarios siempre ha sido una expresi\u00f3n profunda de fe, amor y esperanza.<br><br>Este a\u00f1o, invitamos a cada peregrino a mirar su camino con una luz renovada: cada paso que damos en tierra\u2026 <a href=\"https:\/\/t.co\/FNvoFhCRsF\">pic.twitter.com\/FNvoFhCRsF<\/a><\/p>&mdash; CEM (@IglesiaMexico) <a href=\"https:\/\/twitter.com\/IglesiaMexico\/status\/1995598780486615322?ref_src=twsrc%5Etfw\">December 1, 2025<\/a><\/blockquote><script async src=\"https:\/\/platform.twitter.com\/widgets.js\" charset=\"utf-8\"><\/script>\n<\/div><\/figure>\n\n\n\n<p>\u201cNuestros pasos hacia los santuarios son expresi\u00f3n de fe, de amor y de esperanza\u201d, dijo, destacando que \u201cen cada peregrinaci\u00f3n Dios nos sale al encuentro, nos anima, nos consuela y nos fortalece para seguir caminando\u201d.<\/p>\n\n\n\n<p>Entre las m\u00faltiples peregrinaciones que tienen lugar cada a\u00f1o en M\u00e9xico, posiblemente las que tienen lugar en los primeros d\u00edas de diciembre, para homenajear a la Virgen de Guadalupe, son las m\u00e1s multitudinarias.<\/p>\n\n\n\n<p>Las autoridades estiman cada a\u00f1o que, con ocasi\u00f3n de los festejos guadalupanos, llegan desde distintas partes de M\u00e9xico y del mundo m\u00e1s de 12 millones de peregrinos entre el 8 y 12 de diciembre a la Bas\u00edlica de Guadalupe en Ciudad de M\u00e9xico, donde se custodia la imagen original de Santa Mar\u00eda aparecida milagrosamente en la tilma de San Juan Diego en 1531.<\/p>\n\n\n\n<h3 class=\"wp-block-heading\"><\/h3>\n\n\n\n<p>En el video, Mons. Juan Manuel Gonz\u00e1lez Sandoval, responsable de la Dimensi\u00f3n Episcopal del Cuidado Integral de la Creaci\u00f3n, invit\u00f3 a los peregrinos a recordar a cada paso que el camino que recorren \u201ces tierra sagrada, porque el Dios que buscamos en los santuarios ya est\u00e1 presente en toda su creaci\u00f3n, en el viento, en los \u00e1rboles, en las monta\u00f1as, en los pueblos y en los rostros de quienes encontramos al pasar\u201d.<\/p>\n\n\n\n<p>Por su parte, Mons. Ram\u00f3n Castro Castro, presidente de la CEM, pidi\u00f3 que se peregrine \u201cconservando la flora y la fauna y respetando los espacios p\u00fablicos y comunitarios. Peregrina evitando dejar residuos o contaminar el ambiente\u201d.<\/p>\n\n\n\n<p>Tambi\u00e9n anim\u00f3 a peregrinar \u201cfavoreciendo el consumo local, apoyando a las comunidades por donde pasas. Peregrina buscando siempre reparar lo da\u00f1ado, reconciliarte con tus compa\u00f1eros de camino y con la naturaleza\u201d.<\/p>\n\n\n\n<p>De esa forma, dijo, \u201ccada peregrinaci\u00f3n se convierte no s\u00f3lo en un acto de fe, sino tambi\u00e9n en un compromiso de amor por la vida y tambi\u00e9n por la tierra que Dios nos conf\u00eda\u201d.<\/p>\n\n\n\n<p>Con miras la celebraci\u00f3n de los 500 a\u00f1os del Acontecimiento Guadalupano, que se celebrar\u00e1 en 2031, Mons. Castro Castro expres\u00f3 su deseo de que \u201ccada santuario de M\u00e9xico sea un lugar donde la vida en todas sus formas sea protegida y celebrada\u201d.<\/p>\n\n\n\n<p>Al concluir el video mensaje, Mons. H\u00e9ctor Mario P\u00e9rez Villarreal, secretario general de la CEM, record\u00f3 que \u201cel Papa Francisco en&nbsp;<em>Laudato si\u2019<\/em>&nbsp;nos recuerda que todo est\u00e1 conectado y que estamos llamados a vivir una comuni\u00f3n amorosa con todas las criaturas\u201d.<\/p>\n\n\n\n<p>\u201cQue nuestras peregrinaciones sean signo de esa comuni\u00f3n y que nuestras huellas en el camino sean huellas de cuidado para que junto con Mar\u00eda, madre del Creador y de la creaci\u00f3n, sigamos caminando como custodios de la vida y sembradores de esperanza\u201d, expres\u00f3.<\/p>\n\n\n\n<p>Fuente: <a href=\"https:\/\/www.aciprensa.com\/noticias\/119799\/a-puertas-de-la-fiesta-de-la-virgen-de-guadalupe-obispos-de-mexico-alientan-a-peregrinar-cuidando-la-creacion\">https:\/\/www.aciprensa.com\/noticias\/119799\/a-puertas-de-la-fiesta-de-la-virgen-de-guadalupe-obispos-de-mexico-alientan-a-peregrinar-cuidando-la-creacion<\/a><\/p>\n","protected":false},"excerpt":{"rendered":"<p>Por\u00a0David Ramos \/ ACI La Conferencia del Episcopado Mexicano (CEM) hizo un llamado a \u201cperegrinar cuidando la creaci\u00f3n\u201d, a puertas [&hellip;]<\/p>\n","protected":false},"author":1,"featured_media":111657,"comment_status":"open","ping_status":"open","sticky":false,"template":"","format":"standard","meta":{"site-sidebar-layout":"default","site-content-layout":"","ast-site-content-layout":"default","site-content-style":"default","site-sidebar-style":"default","ast-global-header-display":"","ast-banner-title-visibility":"","ast-main-header-display":"","ast-hfb-above-header-display":"","ast-hfb-below-header-display":"","ast-hfb-mobile-header-display":"","site-post-title":"","ast-breadcrumbs-content":"","ast-featured-img":"","footer-sml-layout":"","theme-transparent-header-meta":"","adv-header-id-meta":"","stick-header-meta":"","header-above-stick-meta":"","header-main-stick-meta":"","header-below-stick-meta":"","astra-migrate-meta-layouts":"default","ast-page-background-enabled":"default","ast-page-background-meta":{"desktop":{"background-color":"var(--ast-global-color-4)","background-image":"","background-repeat":"repeat","background-position":"center center","background-size":"auto","background-attachment":"scroll","background-type":"","background-media":"","overlay-type":"","overlay-color":"","overlay-opacity":"","overlay-gradient":""},"tablet":{"background-color":"","background-image":"","background-repeat":"repeat","background-position":"center center","background-size":"auto","background-attachment":"scroll","background-type":"","background-media":"","overlay-type":"","overlay-color":"","overlay-opacity":"","overlay-gradient":""},"mobile":{"background-color":"","background-image":"","background-repeat":"repeat","background-position":"center center","background-size":"auto","background-attachment":"scroll","background-type":"","background-media":"","overlay-type":"","overlay-color":"","overlay-opacity":"","overlay-gradient":""}},"ast-content-background-meta":{"desktop":{"background-color":"var(--ast-global-color-5)","background-image":"","background-repeat":"repeat","background-position":"center center","background-size":"auto","background-attachment":"scroll","background-type":"","background-media":"","overlay-type":"","overlay-color":"","overlay-opacity":"","overlay-gradient":""},"tablet":{"background-color":"var(--ast-global-color-5)","background-image":"","background-repeat":"repeat","background-position":"center center","background-size":"auto","background-attachment":"scroll","background-type":"","background-media":"","overlay-type":"","overlay-color":"","overlay-opacity":"","overlay-gradient":""},"mobile":{"background-color":"var(--ast-global-color-5)","background-image":"","background-repeat":"repeat","background-position":"center center","background-size":"auto","background-attachment":"scroll","background-type":"","background-media":"","overlay-type":"","overlay-color":"","overlay-opacity":"","overlay-gradient":""}},"footnotes":""},"categories":[8],"tags":[7196,43880,43881],"class_list":["post-111656","post","type-post","status-publish","format-standard","has-post-thumbnail","hentry","category-noticias","tag-cem","tag-fiesta-de-nuestra-senora-de-guadalupe","tag-peregrinar-cuidando-la-creacion"],"_links":{"self":[{"href":"https:\/\/losperiodistas.com.mx\/portal\/wp-json\/wp\/v2\/posts\/111656","targetHints":{"allow":["GET"]}}],"collection":[{"href":"https:\/\/losperiodistas.com.mx\/portal\/wp-json\/wp\/v2\/posts"}],"about":[{"href":"https:\/\/losperiodistas.com.mx\/portal\/wp-json\/wp\/v2\/types\/post"}],"author":[{"embeddable":true,"href":"https:\/\/losperiodistas.com.mx\/portal\/wp-json\/wp\/v2\/users\/1"}],"replies":[{"embeddable":true,"href":"https:\/\/losperiodistas.com.mx\/portal\/wp-json\/wp\/v2\/comments?post=111656"}],"version-history":[{"count":1,"href":"https:\/\/losperiodistas.com.mx\/portal\/wp-json\/wp\/v2\/posts\/111656\/revisions"}],"predecessor-version":[{"id":111658,"href":"https:\/\/losperiodistas.com.mx\/portal\/wp-json\/wp\/v2\/posts\/111656\/revisions\/111658"}],"wp:featuredmedia":[{"embeddable":true,"href":"https:\/\/losperiodistas.com.mx\/portal\/wp-json\/wp\/v2\/media\/111657"}],"wp:attachment":[{"href":"https:\/\/losperiodistas.com.mx\/portal\/wp-json\/wp\/v2\/media?parent=111656"}],"wp:term":[{"taxonomy":"category","embeddable":true,"href":"https:\/\/losperiodistas.com.mx\/portal\/wp-json\/wp\/v2\/categories?post=111656"},{"taxonomy":"post_tag","embeddable":true,"href":"https:\/\/losperiodistas.com.mx\/portal\/wp-json\/wp\/v2\/tags?post=111656"}],"curies":[{"name":"wp","href":"https:\/\/api.w.org\/{rel}","templated":true}]}}