{"id":111648,"date":"2025-12-02T03:17:14","date_gmt":"2025-12-02T09:17:14","guid":{"rendered":"https:\/\/losperiodistas.com.mx\/portal\/?p=111648"},"modified":"2025-12-02T03:17:15","modified_gmt":"2025-12-02T09:17:15","slug":"dua-lipa-fusiona-su-imagen-con-el-taco-para-el-cierre-de-radical-optimism-tour-forbes","status":"publish","type":"post","link":"https:\/\/losperiodistas.com.mx\/portal\/dua-lipa-fusiona-su-imagen-con-el-taco-para-el-cierre-de-radical-optimism-tour-forbes\/","title":{"rendered":"Dua Lipa fusiona su imagen con el taco para el cierre de \u2018Radical Optimism Tour\u2019 | Forbes"},"content":{"rendered":"\n<p class=\"has-medium-font-size\"><em>La cantante brit\u00e1nica transforma las experiencias inmersivas de la m\u00fasica al fusionar su imagen art\u00edstica con el taco, el platillo mexicano m\u00e1s reconocido a nivel mundial.<\/em><\/p>\n\n\n\n<figure class=\"wp-block-image size-large\"><img fetchpriority=\"high\" decoding=\"async\" width=\"1024\" height=\"682\" src=\"https:\/\/losperiodistas.com.mx\/portal\/wp-content\/uploads\/2025\/12\/Dua-Lipa-1024x682.webp\" alt=\"\" class=\"wp-image-111649\" srcset=\"https:\/\/losperiodistas.com.mx\/portal\/wp-content\/uploads\/2025\/12\/Dua-Lipa-1024x682.webp 1024w, https:\/\/losperiodistas.com.mx\/portal\/wp-content\/uploads\/2025\/12\/Dua-Lipa-300x200.webp 300w, https:\/\/losperiodistas.com.mx\/portal\/wp-content\/uploads\/2025\/12\/Dua-Lipa-768x512.webp 768w, https:\/\/losperiodistas.com.mx\/portal\/wp-content\/uploads\/2025\/12\/Dua-Lipa.webp 1280w\" sizes=\"(max-width: 1024px) 100vw, 1024px\" \/><figcaption class=\"wp-element-caption\">Foto: EFE<\/figcaption><\/figure>\n\n\n\n<p><\/p>\n\n\n\n<p class=\"has-vivid-red-color has-text-color has-link-color has-medium-font-size wp-elements-b6d6c936c04bb731191654ccf2159190\"><strong>Forbes M\u00e9xico Staff<\/strong><a href=\"https:\/\/app.powerbeans.ai\/redirect\" target=\"_blank\" rel=\"noreferrer noopener\"><\/a><a href=\"https:\/\/app.powerbeans.ai\/redirect\" target=\"_blank\" rel=\"noreferrer noopener\"><\/a><\/p>\n\n\n\n<p>La cantante brit\u00e1nica Dua Lipa transform\u00f3 este lunes las experiencias inmersivas de la m\u00fasica al fusionar su imagen art\u00edstica con el taco, el platillo mexicano m\u00e1s reconocido a nivel mundial, en el marco de lo que ser\u00e1 el cierre de su gira \u2018Radical Optimism Tour 2025\u2019 en Ciudad de M\u00e9xico.<\/p>\n\n\n\n<p>Horas antes de su concierto inaugural en la capital mexicana este 1 de diciembre, la int\u00e9rprete de \u2018Levitating\u2019 invit\u00f3 a sus miles de seguidores en el pa\u00eds a la \u2018Taquer\u00eda Dua\u2019, un establecimiento provisional que estar\u00e1 abierto hasta el 5 de este mes, cuando concluyen los tres conciertos que la londinense ofrecer\u00e1 en el \u2018Estadio GNP Seguros\u2019.<\/p>\n\n\n\n<p>Entre largas filas, gorritos de taquero, salsas picantes y la imagen de la ganadora de tres premios Grammy impresa en grandes cartones, los fan\u00e1ticos de todas las edades y procedentes de distintas partes del pa\u00eds llegaron para probar los tres sabores \u2014queso, chicharr\u00f3n y arrachera\u2014 servidos en tortilla de harina.<\/p>\n\n\n\n<p>\u201c(A Dua Lipa) le gusta siempre estar en contacto con nosotros. Lo vemos en sus conciertos que canta una canci\u00f3n de cada pa\u00eds representativo, entonces quiso representar a M\u00e9xico\u201d, dijo a EFE Mariana, de 22 a\u00f1os, quien viaj\u00f3 desde Veracruz (este) para probar este platillo que calific\u00f3 con un diez.<\/p>\n\n\n\n<p>El paquete \u2018La Dua\u2019, degustado por Mariana, tiene un costo de 249 pesos mexicanos (unos 13.62 d\u00f3lares), y cada taco lleva el nombre de temas que son parte de la gira, por ejemplo, \u2018Houdini\u2019 o \u2018Mar\u00eda\u2019.<\/p>\n\n\n\n<p>\u201cElla se siente c\u00f3moda con los mexicanos\u201d, sostuvo la seguidora tras recordar que la artista es fan\u00e1tica de la comida nacional, pero tambi\u00e9n de su cultura, luego de que ayer se le viera bailando salsa y cumbia en un club de la Ciudad de M\u00e9xico con su pareja, el actor Callum Turner.<\/p>\n\n\n\n<p><em><strong>Te puede interesar:&nbsp;<a href=\"https:\/\/forbes.com.mx\/spotify-wrapped-podria-salir-esta-semana-a-medida-que-aumenta-la-presion-de-los-fans-tras-la-edicion-de-2024\/\">Spotify Wrapped podr\u00eda salir esta semana, a medida que aumenta la presi\u00f3n de los fans tras la edici\u00f3n de 2024<\/a><\/strong><\/em><\/p>\n\n\n\n<p>Personas como Deni, de 34 a\u00f1os, se levantaron desde las 4:00 de la ma\u00f1ana para viajar desde Guerrero (sureste) y probar los tacos de la creadora de \u2018Be the One\u2019, pero sobre todo para asistir al concierto que ofrecer\u00e1 esta noche, adem\u00e1s de las presentaciones programadas para el 2 y 5 de diciembre.<\/p>\n\n\n\n<p>\u201cEst\u00e1 super chido (bien), porque a lo mejor no has desayunado y los tacos siempre van de la mano antes de un concierto\u201d, se\u00f1al\u00f3.<\/p>\n\n\n\n<p>Y es que, para sus seguidores, este gesto es una muestra m\u00e1s de la \u201ccercan\u00eda\u201d que Dua Lipa mantiene con la comunidad mexicana y con el resto de su audiencia, que supera los 62 millones de oyentes mensuales en Spotify.<\/p>\n\n\n\n<p>\u201cEsta gira ha estado incre\u00edble, y me encanta que ella baje e interact\u00fae con sus fans durante los conciertos\u201d, afirm\u00f3 Jerson, originario del Estado de M\u00e9xico, quien compr\u00f3 un boleto en primera fila para ver a la artista que comenz\u00f3 a brillar en la industria musical con su primer sencillo, \u2018New Love\u2019 (2015).<\/p>\n\n\n\n<p>La activaci\u00f3n para asistir a la \u2018Taquer\u00eda Dua\u2019 agot\u00f3 sus reservas a pocas horas de su apertura, y espera la visita de entre 4,000 y 5,000 personas hasta el 5 de diciembre, d\u00eda en el que finaliza una de las giras m\u00e1s importantes en la trayectoria de la compositora de 30 a\u00f1os.<\/p>\n\n\n\n<p><em>Con informaci\u00f3n de EFE.<\/em><\/p>\n","protected":false},"excerpt":{"rendered":"<p>La cantante brit\u00e1nica transforma las experiencias inmersivas de la m\u00fasica al fusionar su imagen art\u00edstica con el taco, el platillo [&hellip;]<\/p>\n","protected":false},"author":1,"featured_media":111649,"comment_status":"open","ping_status":"open","sticky":false,"template":"","format":"standard","meta":{"site-sidebar-layout":"default","site-content-layout":"","ast-site-content-layout":"default","site-content-style":"default","site-sidebar-style":"default","ast-global-header-display":"","ast-banner-title-visibility":"","ast-main-header-display":"","ast-hfb-above-header-display":"","ast-hfb-below-header-display":"","ast-hfb-mobile-header-display":"","site-post-title":"","ast-breadcrumbs-content":"","ast-featured-img":"","footer-sml-layout":"","theme-transparent-header-meta":"","adv-header-id-meta":"","stick-header-meta":"","header-above-stick-meta":"","header-main-stick-meta":"","header-below-stick-meta":"","astra-migrate-meta-layouts":"default","ast-page-background-enabled":"default","ast-page-background-meta":{"desktop":{"background-color":"var(--ast-global-color-4)","background-image":"","background-repeat":"repeat","background-position":"center center","background-size":"auto","background-attachment":"scroll","background-type":"","background-media":"","overlay-type":"","overlay-color":"","overlay-opacity":"","overlay-gradient":""},"tablet":{"background-color":"","background-image":"","background-repeat":"repeat","background-position":"center center","background-size":"auto","background-attachment":"scroll","background-type":"","background-media":"","overlay-type":"","overlay-color":"","overlay-opacity":"","overlay-gradient":""},"mobile":{"background-color":"","background-image":"","background-repeat":"repeat","background-position":"center center","background-size":"auto","background-attachment":"scroll","background-type":"","background-media":"","overlay-type":"","overlay-color":"","overlay-opacity":"","overlay-gradient":""}},"ast-content-background-meta":{"desktop":{"background-color":"var(--ast-global-color-5)","background-image":"","background-repeat":"repeat","background-position":"center center","background-size":"auto","background-attachment":"scroll","background-type":"","background-media":"","overlay-type":"","overlay-color":"","overlay-opacity":"","overlay-gradient":""},"tablet":{"background-color":"var(--ast-global-color-5)","background-image":"","background-repeat":"repeat","background-position":"center center","background-size":"auto","background-attachment":"scroll","background-type":"","background-media":"","overlay-type":"","overlay-color":"","overlay-opacity":"","overlay-gradient":""},"mobile":{"background-color":"var(--ast-global-color-5)","background-image":"","background-repeat":"repeat","background-position":"center center","background-size":"auto","background-attachment":"scroll","background-type":"","background-media":"","overlay-type":"","overlay-color":"","overlay-opacity":"","overlay-gradient":""}},"footnotes":""},"categories":[8],"tags":[11189,43879,43686],"class_list":["post-111648","post","type-post","status-publish","format-standard","has-post-thumbnail","hentry","category-noticias","tag-dua-lipa","tag-taqueria-dua","tag-radical-optimism-tour-2025"],"_links":{"self":[{"href":"https:\/\/losperiodistas.com.mx\/portal\/wp-json\/wp\/v2\/posts\/111648","targetHints":{"allow":["GET"]}}],"collection":[{"href":"https:\/\/losperiodistas.com.mx\/portal\/wp-json\/wp\/v2\/posts"}],"about":[{"href":"https:\/\/losperiodistas.com.mx\/portal\/wp-json\/wp\/v2\/types\/post"}],"author":[{"embeddable":true,"href":"https:\/\/losperiodistas.com.mx\/portal\/wp-json\/wp\/v2\/users\/1"}],"replies":[{"embeddable":true,"href":"https:\/\/losperiodistas.com.mx\/portal\/wp-json\/wp\/v2\/comments?post=111648"}],"version-history":[{"count":1,"href":"https:\/\/losperiodistas.com.mx\/portal\/wp-json\/wp\/v2\/posts\/111648\/revisions"}],"predecessor-version":[{"id":111650,"href":"https:\/\/losperiodistas.com.mx\/portal\/wp-json\/wp\/v2\/posts\/111648\/revisions\/111650"}],"wp:featuredmedia":[{"embeddable":true,"href":"https:\/\/losperiodistas.com.mx\/portal\/wp-json\/wp\/v2\/media\/111649"}],"wp:attachment":[{"href":"https:\/\/losperiodistas.com.mx\/portal\/wp-json\/wp\/v2\/media?parent=111648"}],"wp:term":[{"taxonomy":"category","embeddable":true,"href":"https:\/\/losperiodistas.com.mx\/portal\/wp-json\/wp\/v2\/categories?post=111648"},{"taxonomy":"post_tag","embeddable":true,"href":"https:\/\/losperiodistas.com.mx\/portal\/wp-json\/wp\/v2\/tags?post=111648"}],"curies":[{"name":"wp","href":"https:\/\/api.w.org\/{rel}","templated":true}]}}