{"id":111642,"date":"2025-12-02T03:02:08","date_gmt":"2025-12-02T09:02:08","guid":{"rendered":"https:\/\/losperiodistas.com.mx\/portal\/?p=111642"},"modified":"2025-12-02T03:02:09","modified_gmt":"2025-12-02T09:02:09","slug":"fiscalia-filtro-para-evitar-que-el-hampa-llegue-a-candidaturas-pt-id","status":"publish","type":"post","link":"https:\/\/losperiodistas.com.mx\/portal\/fiscalia-filtro-para-evitar-que-el-hampa-llegue-a-candidaturas-pt-id\/","title":{"rendered":"Fiscal\u00eda, filtro para evitar que el hampa llegue a candidaturas: PT | ID"},"content":{"rendered":"\n<h2 class=\"wp-block-heading\">En estos momentos la Carta de Antecedentes no Penales es algo ambiguo que no permite conocer si hay carpetas de investigaci\u00f3n, se\u00f1ala la dirigente del partido, Lizeth S\u00e1nchez Garc\u00eda.<\/h2>\n\n\n\n<figure class=\"wp-block-image size-large\"><img fetchpriority=\"high\" decoding=\"async\" width=\"1024\" height=\"631\" src=\"https:\/\/losperiodistas.com.mx\/portal\/wp-content\/uploads\/2025\/12\/liz-intolerancia-1764620788135-1024x631.webp\" alt=\"\" class=\"wp-image-111643\" srcset=\"https:\/\/losperiodistas.com.mx\/portal\/wp-content\/uploads\/2025\/12\/liz-intolerancia-1764620788135-1024x631.webp 1024w, https:\/\/losperiodistas.com.mx\/portal\/wp-content\/uploads\/2025\/12\/liz-intolerancia-1764620788135-300x185.webp 300w, https:\/\/losperiodistas.com.mx\/portal\/wp-content\/uploads\/2025\/12\/liz-intolerancia-1764620788135-768x474.webp 768w, https:\/\/losperiodistas.com.mx\/portal\/wp-content\/uploads\/2025\/12\/liz-intolerancia-1764620788135.webp 1200w\" sizes=\"(max-width: 1024px) 100vw, 1024px\" \/><figcaption class=\"wp-element-caption\">Foto: Agencia Enfoque<\/figcaption><\/figure>\n\n\n\n<p><\/p>\n\n\n\n<p class=\"has-vivid-red-color has-text-color has-link-color has-medium-font-size wp-elements-019ba86c4ada72e659fef490b27c2112\"><strong>Francisco S\u00e1nchez \/ Intolerancia Diario<\/strong><\/p>\n\n\n\n<p><a href=\"https:\/\/twitter.com\/pacosanchez63\" target=\"_blank\" rel=\"noreferrer noopener\"><\/a><a href=\"https:\/\/twitter.com\/pacosanchez63\" target=\"_blank\" rel=\"noreferrer noopener\">@pacosanchez63<\/a><\/p>\n\n\n\n<p><\/p>\n\n\n\n<p>El&nbsp;<strong>Partido del Trabajo<\/strong>&nbsp;(PT) anunci\u00f3 que de ser necesario entregar\u00e1 las&nbsp;<strong>listas&nbsp;<\/strong>de aspirantes del 2027 a la&nbsp;<strong>Fiscal\u00eda General del Estado<\/strong>, para que no se infiltre el crimen organizado, al se\u00f1alar que en estos momentos la&nbsp;<strong>Carta de Antecedentes no Penales<\/strong>&nbsp;es algo&nbsp;<strong>ambiguo&nbsp;<\/strong>que no permite conocer si hay carpetas de investigaci\u00f3n.<\/p>\n\n\n\n<p>En conferencia de prensa la dirigente estatal<strong>&nbsp;Lizeth S\u00e1nchez Garc\u00eda<\/strong>, as\u00ed como el diputado&nbsp;<strong>Antonio L\u00f3pez Ruiz<\/strong>, se refirieron al llamado del gobernador&nbsp;<strong>Alejandro Armenta Mier<\/strong>&nbsp;quien pidi\u00f3 a los partidos pol\u00edticos abstenerse de postular delincuentes.<\/p>\n\n\n\n<p>La\u00a0<strong>dirigente\u00a0<\/strong>advirti\u00f3 que, en estos momentos entre los\u00a0<strong>requisitos\u00a0<\/strong>para ser candidato, se\u00a0<strong>pide\u00a0<\/strong>la Carta de Antecedentes no Penales, sin que se\u00a0<strong>profundice\u00a0<\/strong>en temas de carpetas de investigaci\u00f3<\/p>\n\n\n\n<p>Indic\u00f3 que al existir un&nbsp;<strong>filtro&nbsp;<\/strong>adicional los partidos se podr\u00e1n blindar sin que se violen los&nbsp;<strong>derechos pol\u00edticos&nbsp;<\/strong>de las personas.<\/p>\n\n\n\n<p>En tanto&nbsp;<strong>Antonio&nbsp;<\/strong>L\u00f3pez Ruiz,&nbsp;<strong>diputado Federal&nbsp;<\/strong>se\u00f1al\u00f3 que se van a revisar los perfiles para el&nbsp;<strong>PT<\/strong>, mismos que ser\u00e1n tanto del&nbsp;<strong>partido&nbsp;<\/strong>como de la sociedad, pero ante todo que&nbsp;<strong>representen&nbsp;<\/strong>la verdadera izquierda del pa\u00eds.<\/p>\n\n\n\n<h2 class=\"wp-block-heading\">Habr\u00e1 alianza<\/h2>\n\n\n\n<p>Asimismo, en la&nbsp;<strong>conferencia&nbsp;<\/strong>de prensa se confirm\u00f3 que para la&nbsp;<strong>elecci\u00f3n de 2027<\/strong>&nbsp;habr\u00e1 alianza con los partidos&nbsp;<strong>Morena&nbsp;<\/strong>y&nbsp;<strong>Verde&nbsp;<\/strong>para las diputaciones locales y federales, aunque ser\u00e1&nbsp;<strong>parcial&nbsp;<\/strong>para las presidencias&nbsp;<strong>municipales<\/strong>.<\/p>\n\n\n\n<p>Fuente: <a href=\"https:\/\/intoleranciadiario.com\/articles\/politica\/2025\/12\/01\/1046252-fiscaliapodria-ser-un-filtro-para-que-no-lleguen-a-las-candidaturas-gente-del-crimenorganizado.html\">https:\/\/intoleranciadiario.com\/articles\/politica\/2025\/12\/01\/1046252-fiscaliapodria-ser-un-filtro-para-que-no-lleguen-a-las-candidaturas-gente-del-crimenorganizado.html<\/a><\/p>\n","protected":false},"excerpt":{"rendered":"<p>En estos momentos la Carta de Antecedentes no Penales es algo ambiguo que no permite conocer si hay carpetas de [&hellip;]<\/p>\n","protected":false},"author":1,"featured_media":111643,"comment_status":"open","ping_status":"open","sticky":false,"template":"","format":"standard","meta":{"site-sidebar-layout":"default","site-content-layout":"","ast-site-content-layout":"default","site-content-style":"default","site-sidebar-style":"default","ast-global-header-display":"","ast-banner-title-visibility":"","ast-main-header-display":"","ast-hfb-above-header-display":"","ast-hfb-below-header-display":"","ast-hfb-mobile-header-display":"","site-post-title":"","ast-breadcrumbs-content":"","ast-featured-img":"","footer-sml-layout":"","theme-transparent-header-meta":"","adv-header-id-meta":"","stick-header-meta":"","header-above-stick-meta":"","header-main-stick-meta":"","header-below-stick-meta":"","astra-migrate-meta-layouts":"default","ast-page-background-enabled":"default","ast-page-background-meta":{"desktop":{"background-color":"var(--ast-global-color-4)","background-image":"","background-repeat":"repeat","background-position":"center center","background-size":"auto","background-attachment":"scroll","background-type":"","background-media":"","overlay-type":"","overlay-color":"","overlay-opacity":"","overlay-gradient":""},"tablet":{"background-color":"","background-image":"","background-repeat":"repeat","background-position":"center center","background-size":"auto","background-attachment":"scroll","background-type":"","background-media":"","overlay-type":"","overlay-color":"","overlay-opacity":"","overlay-gradient":""},"mobile":{"background-color":"","background-image":"","background-repeat":"repeat","background-position":"center center","background-size":"auto","background-attachment":"scroll","background-type":"","background-media":"","overlay-type":"","overlay-color":"","overlay-opacity":"","overlay-gradient":""}},"ast-content-background-meta":{"desktop":{"background-color":"var(--ast-global-color-5)","background-image":"","background-repeat":"repeat","background-position":"center center","background-size":"auto","background-attachment":"scroll","background-type":"","background-media":"","overlay-type":"","overlay-color":"","overlay-opacity":"","overlay-gradient":""},"tablet":{"background-color":"var(--ast-global-color-5)","background-image":"","background-repeat":"repeat","background-position":"center center","background-size":"auto","background-attachment":"scroll","background-type":"","background-media":"","overlay-type":"","overlay-color":"","overlay-opacity":"","overlay-gradient":""},"mobile":{"background-color":"var(--ast-global-color-5)","background-image":"","background-repeat":"repeat","background-position":"center center","background-size":"auto","background-attachment":"scroll","background-type":"","background-media":"","overlay-type":"","overlay-color":"","overlay-opacity":"","overlay-gradient":""}},"footnotes":""},"categories":[8],"tags":[43875,6224,43876],"class_list":["post-111642","post","type-post","status-publish","format-standard","has-post-thumbnail","hentry","category-noticias","tag-carta-de-antecedentes-no-penales","tag-pt","tag-senadora-lizeth-sanchez-garcia"],"_links":{"self":[{"href":"https:\/\/losperiodistas.com.mx\/portal\/wp-json\/wp\/v2\/posts\/111642","targetHints":{"allow":["GET"]}}],"collection":[{"href":"https:\/\/losperiodistas.com.mx\/portal\/wp-json\/wp\/v2\/posts"}],"about":[{"href":"https:\/\/losperiodistas.com.mx\/portal\/wp-json\/wp\/v2\/types\/post"}],"author":[{"embeddable":true,"href":"https:\/\/losperiodistas.com.mx\/portal\/wp-json\/wp\/v2\/users\/1"}],"replies":[{"embeddable":true,"href":"https:\/\/losperiodistas.com.mx\/portal\/wp-json\/wp\/v2\/comments?post=111642"}],"version-history":[{"count":1,"href":"https:\/\/losperiodistas.com.mx\/portal\/wp-json\/wp\/v2\/posts\/111642\/revisions"}],"predecessor-version":[{"id":111644,"href":"https:\/\/losperiodistas.com.mx\/portal\/wp-json\/wp\/v2\/posts\/111642\/revisions\/111644"}],"wp:featuredmedia":[{"embeddable":true,"href":"https:\/\/losperiodistas.com.mx\/portal\/wp-json\/wp\/v2\/media\/111643"}],"wp:attachment":[{"href":"https:\/\/losperiodistas.com.mx\/portal\/wp-json\/wp\/v2\/media?parent=111642"}],"wp:term":[{"taxonomy":"category","embeddable":true,"href":"https:\/\/losperiodistas.com.mx\/portal\/wp-json\/wp\/v2\/categories?post=111642"},{"taxonomy":"post_tag","embeddable":true,"href":"https:\/\/losperiodistas.com.mx\/portal\/wp-json\/wp\/v2\/tags?post=111642"}],"curies":[{"name":"wp","href":"https:\/\/api.w.org\/{rel}","templated":true}]}}