{"id":111630,"date":"2025-12-01T21:14:59","date_gmt":"2025-12-02T03:14:59","guid":{"rendered":"https:\/\/losperiodistas.com.mx\/portal\/?p=111630"},"modified":"2025-12-01T21:15:01","modified_gmt":"2025-12-02T03:15:01","slug":"se-inscriben-43-aspirantes-para-contender-por-la-fgr-ante-el-senado-destacan-ernestina-godoy-y-ricardo-peralta-el-universal","status":"publish","type":"post","link":"https:\/\/losperiodistas.com.mx\/portal\/se-inscriben-43-aspirantes-para-contender-por-la-fgr-ante-el-senado-destacan-ernestina-godoy-y-ricardo-peralta-el-universal\/","title":{"rendered":"Se inscriben 43 aspirantes para contender por la FGR ante el Senado; destacan Ernestina Godoy y Ricardo Peralta | El Universal"},"content":{"rendered":"\n<p>De todos los aspirantes inscritos, solo seis son mujeres<\/p>\n\n\n\n<figure class=\"wp-block-image size-large\"><img fetchpriority=\"high\" decoding=\"async\" width=\"1024\" height=\"613\" src=\"https:\/\/losperiodistas.com.mx\/portal\/wp-content\/uploads\/2025\/12\/FGR-1024x613.png\" alt=\"\" class=\"wp-image-111631\" srcset=\"https:\/\/losperiodistas.com.mx\/portal\/wp-content\/uploads\/2025\/12\/FGR-1024x613.png 1024w, https:\/\/losperiodistas.com.mx\/portal\/wp-content\/uploads\/2025\/12\/FGR-300x180.png 300w, https:\/\/losperiodistas.com.mx\/portal\/wp-content\/uploads\/2025\/12\/FGR-768x460.png 768w, https:\/\/losperiodistas.com.mx\/portal\/wp-content\/uploads\/2025\/12\/FGR.png 1258w\" sizes=\"(max-width: 1024px) 100vw, 1024px\" \/><figcaption class=\"wp-element-caption\">El regidor de Morena en Zapopan, Alejandro del Puerto, solicit\u00f3 a la Fiscal\u00eda General de la Rep\u00fablica (FGR) protecci\u00f3n y medidas cautelares. Foto: archivo\/EL UNIVERSAL<\/figcaption><\/figure>\n\n\n\n<p class=\"has-vivid-red-color has-text-color has-link-color wp-elements-d5fb306b572b3aeb07b32ee675e4e579\">V\u00edctor Gamboa \/ El Universal<\/p>\n\n\n\n<p>Un total de <strong>43 personas se registraron como aspirantes<\/strong> a ocupar la titularidad de la Fiscal\u00eda General de la Rep\u00fablica (<strong>FGR<\/strong>), vacante desde el pasado 27 de noviembre, tras la salida anticipada de <strong>Alejandro Gertz Manero<\/strong>.<\/p>\n\n\n\n<p>De las 43 personas que cumplieron los requisitos de la convocatoria p\u00fablica emitida por el <strong>Senado de la Rep\u00fablica<\/strong>, solo seis son mujeres, entre ellas <strong>Ernestina Godoy Ramos<\/strong>, exconsejera jur\u00eddica del Ejecutivo, quien actualmente es la encargada del despacho de la FGR.<\/p>\n\n\n\n<p>Entre otros nombres que aparecen en la lista destacan el exadministrador general de Aduanas, <strong>Ricardo Peralta Saucedo<\/strong>, y el exdiputado federal <strong>Hamlet Garc\u00eda Almaguer<\/strong>.<\/p>\n\n\n\n<p>De esa lista, la Junta de Coordinaci\u00f3n Pol\u00edtica (<strong>Jucopo<\/strong>) del Senado deber\u00e1 seleccionar al menos a 10 candidaturas para enviarlas a la presidenta <strong>Claudia Sheinbaum<\/strong>, con la finalidad de que de esos nombres, elija una terna que deber\u00e1 presentar ante la c\u00e1mara alta para continuar el proceso de elecci\u00f3n de quien ser\u00e1 titular de la FGR.<\/p>\n\n\n\n<p>Otros aspirantes que obtuvieron su registro son <strong>C\u00e9sar Mario Guti\u00e9rrez Priego<\/strong>, hijo del general Jes\u00fas Guti\u00e9rrez Rebollo y excandidato a ministro de la Suprema Corte de Justicia de la Naci\u00f3n; Richard Urbina Vega, fiscal para la investigaci\u00f3n de Delitos cometidos por Servidores P\u00fablicos de la Ciudad de M\u00e9xico; Jorge Nader Kuri, director de la Facultad de Derecho de la Universidad La Salle; y F\u00e9lix Roel Herrera Antonio, exrepresentante de Morena ante el Instituto Electoral de Coahuila.<\/p>\n\n\n\n<p>Fuente: <a href=\"https:\/\/www.eluniversal.com.mx\/nacion\/se-inscriben-ante-el-senado-43-aspirantes-para-contender-por-la-fgr-destaca-ernestina-godoy-y-ricardo-peralta\/\" target=\"_blank\" rel=\"noreferrer noopener\">El Universal<\/a><\/p>\n","protected":false},"excerpt":{"rendered":"<p>De todos los aspirantes inscritos, solo seis son mujeres<\/p>\n","protected":false},"author":1,"featured_media":111631,"comment_status":"open","ping_status":"open","sticky":false,"template":"","format":"standard","meta":{"site-sidebar-layout":"default","site-content-layout":"","ast-site-content-layout":"default","site-content-style":"default","site-sidebar-style":"default","ast-global-header-display":"","ast-banner-title-visibility":"","ast-main-header-display":"","ast-hfb-above-header-display":"","ast-hfb-below-header-display":"","ast-hfb-mobile-header-display":"","site-post-title":"","ast-breadcrumbs-content":"","ast-featured-img":"","footer-sml-layout":"","theme-transparent-header-meta":"","adv-header-id-meta":"","stick-header-meta":"","header-above-stick-meta":"","header-main-stick-meta":"","header-below-stick-meta":"","astra-migrate-meta-layouts":"default","ast-page-background-enabled":"default","ast-page-background-meta":{"desktop":{"background-color":"var(--ast-global-color-4)","background-image":"","background-repeat":"repeat","background-position":"center center","background-size":"auto","background-attachment":"scroll","background-type":"","background-media":"","overlay-type":"","overlay-color":"","overlay-opacity":"","overlay-gradient":""},"tablet":{"background-color":"","background-image":"","background-repeat":"repeat","background-position":"center center","background-size":"auto","background-attachment":"scroll","background-type":"","background-media":"","overlay-type":"","overlay-color":"","overlay-opacity":"","overlay-gradient":""},"mobile":{"background-color":"","background-image":"","background-repeat":"repeat","background-position":"center center","background-size":"auto","background-attachment":"scroll","background-type":"","background-media":"","overlay-type":"","overlay-color":"","overlay-opacity":"","overlay-gradient":""}},"ast-content-background-meta":{"desktop":{"background-color":"var(--ast-global-color-5)","background-image":"","background-repeat":"repeat","background-position":"center center","background-size":"auto","background-attachment":"scroll","background-type":"","background-media":"","overlay-type":"","overlay-color":"","overlay-opacity":"","overlay-gradient":""},"tablet":{"background-color":"var(--ast-global-color-5)","background-image":"","background-repeat":"repeat","background-position":"center center","background-size":"auto","background-attachment":"scroll","background-type":"","background-media":"","overlay-type":"","overlay-color":"","overlay-opacity":"","overlay-gradient":""},"mobile":{"background-color":"var(--ast-global-color-5)","background-image":"","background-repeat":"repeat","background-position":"center center","background-size":"auto","background-attachment":"scroll","background-type":"","background-media":"","overlay-type":"","overlay-color":"","overlay-opacity":"","overlay-gradient":""}},"footnotes":""},"categories":[8],"tags":[31630,20305,3572,43868,43867],"class_list":["post-111630","post","type-post","status-publish","format-standard","has-post-thumbnail","hentry","category-noticias","tag-aspirantes","tag-ernestina-godoy","tag-fgr","tag-gertz-manero-2","tag-ricardo-peralta"],"_links":{"self":[{"href":"https:\/\/losperiodistas.com.mx\/portal\/wp-json\/wp\/v2\/posts\/111630","targetHints":{"allow":["GET"]}}],"collection":[{"href":"https:\/\/losperiodistas.com.mx\/portal\/wp-json\/wp\/v2\/posts"}],"about":[{"href":"https:\/\/losperiodistas.com.mx\/portal\/wp-json\/wp\/v2\/types\/post"}],"author":[{"embeddable":true,"href":"https:\/\/losperiodistas.com.mx\/portal\/wp-json\/wp\/v2\/users\/1"}],"replies":[{"embeddable":true,"href":"https:\/\/losperiodistas.com.mx\/portal\/wp-json\/wp\/v2\/comments?post=111630"}],"version-history":[{"count":1,"href":"https:\/\/losperiodistas.com.mx\/portal\/wp-json\/wp\/v2\/posts\/111630\/revisions"}],"predecessor-version":[{"id":111632,"href":"https:\/\/losperiodistas.com.mx\/portal\/wp-json\/wp\/v2\/posts\/111630\/revisions\/111632"}],"wp:featuredmedia":[{"embeddable":true,"href":"https:\/\/losperiodistas.com.mx\/portal\/wp-json\/wp\/v2\/media\/111631"}],"wp:attachment":[{"href":"https:\/\/losperiodistas.com.mx\/portal\/wp-json\/wp\/v2\/media?parent=111630"}],"wp:term":[{"taxonomy":"category","embeddable":true,"href":"https:\/\/losperiodistas.com.mx\/portal\/wp-json\/wp\/v2\/categories?post=111630"},{"taxonomy":"post_tag","embeddable":true,"href":"https:\/\/losperiodistas.com.mx\/portal\/wp-json\/wp\/v2\/tags?post=111630"}],"curies":[{"name":"wp","href":"https:\/\/api.w.org\/{rel}","templated":true}]}}