{"id":111610,"date":"2025-12-01T09:54:05","date_gmt":"2025-12-01T15:54:05","guid":{"rendered":"https:\/\/losperiodistas.com.mx\/portal\/?p=111610"},"modified":"2025-12-01T09:54:06","modified_gmt":"2025-12-01T15:54:06","slug":"opinion-lopez-obrador-y-el-balsamo-de-la-transformacion","status":"publish","type":"post","link":"https:\/\/losperiodistas.com.mx\/portal\/opinion-lopez-obrador-y-el-balsamo-de-la-transformacion\/","title":{"rendered":"Opini\u00f3n | L\u00f3pez Obrador y el b\u00e1lsamo de la transformaci\u00f3n"},"content":{"rendered":"\n<p class=\"has-medium-font-size\">No puede ser coincidencia; pero, si lo es, la 4T tiene demasiada suerte. En tiempos donde la congruencia y credibilidad del oficialismo descarrilan, la figura moral de L\u00f3pez Obrador cae como b\u00e1lsamo milagroso<\/p>\n\n\n\n<figure class=\"wp-block-image size-large\"><img fetchpriority=\"high\" decoding=\"async\" width=\"1024\" height=\"538\" src=\"https:\/\/losperiodistas.com.mx\/portal\/wp-content\/uploads\/2025\/12\/b3a9080db1df0d3e383dd85983cef591-1024x538.webp\" alt=\"\" class=\"wp-image-111611\" srcset=\"https:\/\/losperiodistas.com.mx\/portal\/wp-content\/uploads\/2025\/12\/b3a9080db1df0d3e383dd85983cef591-1024x538.webp 1024w, https:\/\/losperiodistas.com.mx\/portal\/wp-content\/uploads\/2025\/12\/b3a9080db1df0d3e383dd85983cef591-300x158.webp 300w, https:\/\/losperiodistas.com.mx\/portal\/wp-content\/uploads\/2025\/12\/b3a9080db1df0d3e383dd85983cef591-768x403.webp 768w, https:\/\/losperiodistas.com.mx\/portal\/wp-content\/uploads\/2025\/12\/b3a9080db1df0d3e383dd85983cef591.webp 1200w\" sizes=\"(max-width: 1024px) 100vw, 1024px\" \/><\/figure>\n\n\n\n<p><\/p>\n\n\n\n<p class=\"has-vivid-red-color has-text-color has-link-color has-medium-font-size wp-elements-b3a333fe08d01bfc01c6308d84d26cf7\"><strong><em>Luis Alberto Mart\u00ednez \u00c1lvarez<\/em><\/strong><br><\/p>\n\n\n\n<p><br>La reciente aparici\u00f3n p\u00fablica del expresidente Andr\u00e9s Manuel L\u00f3pez Obrador no puede pasar como un simple acto fortuito. En pol\u00edtica, nada es coincidencia; y con L\u00f3pez Obrador, mucho menos. M\u00e1s all\u00e1 de las filias y fobias que provoca, es innegable su extraordinario manejo de los tiempos, de las coyunturas y, sobre todo, de los medios.<\/p>\n\n\n\n<p>No fueron seis a\u00f1os: fueron al menos dos d\u00e9cadas de aprendizaje para dominar la agenda p\u00fablica, incluso en un ecosistema medi\u00e1tico mayoritariamente adverso, donde empresarios poco afines a su proyecto \u2014Ricardo Salinas Pliego incluido\u2014 imponen sus propias narrativas.<\/p>\n\n\n\n<p>Ahora, L\u00f3pez Obrador reaparece a trav\u00e9s de redes sociales, ese espacio que aprendi\u00f3 a habitar y convertir en trinchera, en arena p\u00fablica y en term\u00f3metro emocional del pa\u00eds. \u201cLas benditas redes sociales\u201d, como las llam\u00f3, vuelven a dividir a fan\u00e1ticos y detractores. En ellas hoy conviven mensajes de amor, esperanza y heroicidad, junto con expresiones de odio, burla y desprecio. Todo depende, como siempre, del lado del algoritmo en el que uno se encuentre.<\/p>\n\n\n\n<p>Desde antes de 2018, nadie hab\u00eda ocupado la agenda nacional durante tanto tiempo como \u00e9l. Sin embargo, durante las \u00faltimas dos semanas, la oposici\u00f3n \u2014por primera vez en a\u00f1os\u2014 logr\u00f3 arrebatarle el foco: la muerte del alcalde de Uruapan, Carlos Manzo; la marcha del 15 de noviembre; el esc\u00e1ndalo en Pemex alrededor de Miss Universo; y la renuncia de Alejandro Gertz Manero generaron un c\u00famulo de d\u00edas donde Morena qued\u00f3 a la defensiva. Una anomal\u00eda en el ecosistema pol\u00edtico reciente.<\/p>\n\n\n\n<p>No es menor que L\u00f3pez Obrador haya elegido esta fecha para presentar su libro Grandeza. Antes del cambio legal, cada presidente rend\u00eda informe el 1 de diciembre. Quiz\u00e1 por nostalgia, quiz\u00e1 por c\u00e1lculo, quiz\u00e1 por ambas, el exmandatario decidi\u00f3 reaparecer justo hoy. Se puede especular, pero ning\u00fan analista serio hablar\u00eda de coincidencia.<\/p>\n\n\n\n<p>La agenda, nuevamente, es de la 4T. Su foto con una taza de caf\u00e9 en el jard\u00edn de su rancho, sonriente, descansado y revitalizado, invadi\u00f3 portadas y redes. Un L\u00f3pez Obrador sano, en control, sin prisas y con un mensaje estrat\u00e9gico: solo regresar\u00eda a la vida p\u00fablica activa si estuviera en riesgo la democracia, la soberan\u00eda o la presidenta.<\/p>\n\n\n\n<p>Tres condiciones lo suficientemente precisas para elevar expectativas y lo bastante ambiguas para abrir hip\u00f3tesis y evitar compromisos.<\/p>\n\n\n\n<p>El mensaje subyacente es claro: L\u00f3pez Obrador podr\u00eda regresar en cualquier momento.<\/p>\n\n\n\n<p>Como he escrito antes, el obradorismo representa la moral de la 4T: la esencia simb\u00f3lica de lo que ese movimiento dice aspirar a ser. Y en tiempos donde la congruencia del oficialismo est\u00e1 por los suelos \u2014gobernadores obedientes al viejo manual priista, legisladoras y legisladores atrapados en los privilegios, funcionarias y funcionarios ineficientes, delegados usando programas sociales como combustible electoral y una base fundadora desplazada y silenciada\u2014 la figura del expresidente cae de maravilla.<\/p>\n\n\n\n<p>Su reaparici\u00f3n provocar\u00e1 dos efectos inmediatos:<\/p>\n\n\n\n<p>Aglutinaci\u00f3n del n\u00facleo duro y cohesi\u00f3n de las fuerzas internas de la llamada Cuarta Transformaci\u00f3n.<\/p>\n\n\n\n<p>Incremento del encono opositor, que ven\u00eda encontrando cierto rumbo, pero ahora volver\u00e1 a refugiarse en la narrativa del \u201cpresidente detr\u00e1s de la cortina\u201d para intentar disminuir el liderazgo de Claudia Sheinbaum.<\/p>\n\n\n\n<p>Mientras tanto, la presidenta podr\u00e1 \u2014sin el foco medi\u00e1tico sobre ella\u2014 concentrarse en lo que mejor sabe hacer: planear, ejecutar y medir.<\/p>\n\n\n\n<p>La base social de Morena se refugiar\u00e1 en las alabanzas y la euforia que la caracterizan.<\/p>\n\n\n\n<p>La nueva clase pol\u00edtica reci\u00e9n llegada al oficialismo tendr\u00e1 que redoblar su demostraci\u00f3n de \u201cobradorismo aut\u00e9ntico\u201d.<\/p>\n\n\n\n<p>Y la oposici\u00f3n enfrentar\u00e1 una disyuntiva inevitable: o construye un verdadero proyecto alternativo o volver\u00e1 a girar en torno a las apariciones de AMLO, atrapada en la misma din\u00e1mica que ha intentado superar desde hace a\u00f1os.<\/p>\n\n\n\n<p>Hasta la pr\u00f3xima.<\/p>\n\n\n\n<p>Fuente: <a href=\"https:\/\/elpopular.mx\/opinion\/2025\/12\/01\/lopez-obrador-y-el-balsamo-de-la-transformacion\">https:\/\/elpopular.mx\/opinion\/2025\/12\/01\/lopez-obrador-y-el-balsamo-de-la-transformacion<\/a><\/p>\n\n\n\n<hr class=\"wp-block-separator has-alpha-channel-opacity\"\/>\n\n\n\n<p><strong>+ OPINI\u00d3N : Las opiniones expresadas son responsabilidad del autor<\/strong><\/p>\n","protected":false},"excerpt":{"rendered":"<p>No puede ser coincidencia; pero, si lo es, la 4T tiene demasiada suerte. En tiempos donde la congruencia y credibilidad [&hellip;]<\/p>\n","protected":false},"author":1,"featured_media":111611,"comment_status":"open","ping_status":"open","sticky":false,"template":"","format":"standard","meta":{"site-sidebar-layout":"default","site-content-layout":"","ast-site-content-layout":"default","site-content-style":"default","site-sidebar-style":"default","ast-global-header-display":"","ast-banner-title-visibility":"","ast-main-header-display":"","ast-hfb-above-header-display":"","ast-hfb-below-header-display":"","ast-hfb-mobile-header-display":"","site-post-title":"","ast-breadcrumbs-content":"","ast-featured-img":"","footer-sml-layout":"","theme-transparent-header-meta":"","adv-header-id-meta":"","stick-header-meta":"","header-above-stick-meta":"","header-main-stick-meta":"","header-below-stick-meta":"","astra-migrate-meta-layouts":"default","ast-page-background-enabled":"default","ast-page-background-meta":{"desktop":{"background-color":"var(--ast-global-color-4)","background-image":"","background-repeat":"repeat","background-position":"center center","background-size":"auto","background-attachment":"scroll","background-type":"","background-media":"","overlay-type":"","overlay-color":"","overlay-opacity":"","overlay-gradient":""},"tablet":{"background-color":"","background-image":"","background-repeat":"repeat","background-position":"center center","background-size":"auto","background-attachment":"scroll","background-type":"","background-media":"","overlay-type":"","overlay-color":"","overlay-opacity":"","overlay-gradient":""},"mobile":{"background-color":"","background-image":"","background-repeat":"repeat","background-position":"center center","background-size":"auto","background-attachment":"scroll","background-type":"","background-media":"","overlay-type":"","overlay-color":"","overlay-opacity":"","overlay-gradient":""}},"ast-content-background-meta":{"desktop":{"background-color":"var(--ast-global-color-5)","background-image":"","background-repeat":"repeat","background-position":"center center","background-size":"auto","background-attachment":"scroll","background-type":"","background-media":"","overlay-type":"","overlay-color":"","overlay-opacity":"","overlay-gradient":""},"tablet":{"background-color":"var(--ast-global-color-5)","background-image":"","background-repeat":"repeat","background-position":"center center","background-size":"auto","background-attachment":"scroll","background-type":"","background-media":"","overlay-type":"","overlay-color":"","overlay-opacity":"","overlay-gradient":""},"mobile":{"background-color":"var(--ast-global-color-5)","background-image":"","background-repeat":"repeat","background-position":"center center","background-size":"auto","background-attachment":"scroll","background-type":"","background-media":"","overlay-type":"","overlay-color":"","overlay-opacity":"","overlay-gradient":""}},"footnotes":""},"categories":[8,22],"tags":[3927,5209,3843,43863],"class_list":["post-111610","post","type-post","status-publish","format-standard","has-post-thumbnail","hentry","category-noticias","category-opinion-invitada","tag-4t","tag-claudia-sheinbaum-pardo","tag-gertz-manero","tag-ricardo-salinas"],"_links":{"self":[{"href":"https:\/\/losperiodistas.com.mx\/portal\/wp-json\/wp\/v2\/posts\/111610","targetHints":{"allow":["GET"]}}],"collection":[{"href":"https:\/\/losperiodistas.com.mx\/portal\/wp-json\/wp\/v2\/posts"}],"about":[{"href":"https:\/\/losperiodistas.com.mx\/portal\/wp-json\/wp\/v2\/types\/post"}],"author":[{"embeddable":true,"href":"https:\/\/losperiodistas.com.mx\/portal\/wp-json\/wp\/v2\/users\/1"}],"replies":[{"embeddable":true,"href":"https:\/\/losperiodistas.com.mx\/portal\/wp-json\/wp\/v2\/comments?post=111610"}],"version-history":[{"count":1,"href":"https:\/\/losperiodistas.com.mx\/portal\/wp-json\/wp\/v2\/posts\/111610\/revisions"}],"predecessor-version":[{"id":111612,"href":"https:\/\/losperiodistas.com.mx\/portal\/wp-json\/wp\/v2\/posts\/111610\/revisions\/111612"}],"wp:featuredmedia":[{"embeddable":true,"href":"https:\/\/losperiodistas.com.mx\/portal\/wp-json\/wp\/v2\/media\/111611"}],"wp:attachment":[{"href":"https:\/\/losperiodistas.com.mx\/portal\/wp-json\/wp\/v2\/media?parent=111610"}],"wp:term":[{"taxonomy":"category","embeddable":true,"href":"https:\/\/losperiodistas.com.mx\/portal\/wp-json\/wp\/v2\/categories?post=111610"},{"taxonomy":"post_tag","embeddable":true,"href":"https:\/\/losperiodistas.com.mx\/portal\/wp-json\/wp\/v2\/tags?post=111610"}],"curies":[{"name":"wp","href":"https:\/\/api.w.org\/{rel}","templated":true}]}}