{"id":111130,"date":"2025-11-25T10:22:35","date_gmt":"2025-11-25T16:22:35","guid":{"rendered":"https:\/\/losperiodistas.com.mx\/portal\/?p=111130"},"modified":"2025-11-25T17:58:01","modified_gmt":"2025-11-25T23:58:01","slug":"opinion-importa-la-tolerancia","status":"publish","type":"post","link":"https:\/\/losperiodistas.com.mx\/portal\/opinion-importa-la-tolerancia\/","title":{"rendered":"Opini\u00f3n | \u00bfImporta la tolerancia?"},"content":{"rendered":"\n<figure class=\"wp-block-image size-full\"><img fetchpriority=\"high\" decoding=\"async\" width=\"750\" height=\"292\" src=\"https:\/\/losperiodistas.com.mx\/portal\/wp-content\/uploads\/2024\/07\/Captura-de-Pantalla-2021-07-20-a-las-18.51.06.jpg\" alt=\"\" class=\"wp-image-78518\" srcset=\"https:\/\/losperiodistas.com.mx\/portal\/wp-content\/uploads\/2024\/07\/Captura-de-Pantalla-2021-07-20-a-las-18.51.06.jpg 750w, https:\/\/losperiodistas.com.mx\/portal\/wp-content\/uploads\/2024\/07\/Captura-de-Pantalla-2021-07-20-a-las-18.51.06-300x117.jpg 300w\" sizes=\"(max-width: 750px) 100vw, 750px\" \/><\/figure>\n\n\n\n<p><\/p>\n\n\n\n<p class=\"has-vivid-red-color has-text-color has-link-color has-medium-font-size wp-elements-94814ee3825bcb8ea6c19b42b3bfe90a\"><strong><em>Por Humberto Aguilar Coronado<\/em><\/strong><\/p>\n\n\n\n<p>El domingo 16 de noviembre se conmemor\u00f3 el d\u00eda internacional de la tolerancia, fecha en que la ONU decidi\u00f3 proclamarla, con el \u00fanico objetivo de que se comprendiera y se promoviera en el mundo.<\/p>\n\n\n\n<p>Con tristeza puedo afirmar que, en nuestro pa\u00eds, parece que no es ni comprendida, ni promovida. Pareciera que vivimos en medio de la cultura de la guerra, de la l\u00f3gica del todo o nada, de la descalificaci\u00f3n y amenazas desde el poder.<\/p>\n\n\n\n<p>Por eso, los que creemos en la tolerancia, debemos hacer valer la estructura del di\u00e1logo, de la raz\u00f3n, de la comprensi\u00f3n, de la l\u00f3gica y de la negociaci\u00f3n en nuestras actividades.<\/p>\n\n\n\n<p>Una de las grandes trampas de nuestros tiempos son los extremos, que por una parte con sus purezas y l\u00f3gicas impecables, han construido sociedades inhumanas, crueles, d\u00e9spotas y autoritarias y por la otra, se pretenden construir sociedades en extremo humanizadas y en extremo tolerantes, al grado de considerar que la ley puede ser superada por la sana convivencia que supone que cada qui\u00e9n haga lo que le parezca en nombre de la libertad y de la felicidad, tolerando la corrupci\u00f3n y muchas veces, la ineptitud.<\/p>\n\n\n\n<p>Por eso la pol\u00edtica est\u00e1 inmersa en el terreno de la resoluci\u00f3n de los problemas concretos que plantea el ejercicio del poder, es decir, en c\u00f3mo resolver las necesidades que tiene la sociedad que se gobierna.<\/p>\n\n\n\n<p>La voluntad de las mayor\u00edas, la popularidad medida en encuestas o en grandes concentraciones humanas o el discurso irresponsable, no pueden sustituir a la legalidad en la definici\u00f3n de los actos de gobierno.<\/p>\n\n\n\n<p>Y para respetar esa legalidad, se deben utilizar diversos mecanismos y acciones que coadyuven a que la creaci\u00f3n de un orden vinculante, se d\u00e9 a partir del di\u00e1logo, del debate, de la pol\u00e9mica, pero en el escenario de la tolerancia, para llegar a acuerdos que se traduzcan en bienes p\u00fablicos.<\/p>\n\n\n\n<p>Sostengo que en una democracia participativa, para que se conserve la gobernabilidad democr\u00e1tica, se exige una acci\u00f3n pol\u00edtica tolerante que se realice todos los d\u00edas entre gobernantes, legisladores, partidos pol\u00edticos, organizaciones sociales y ciudadanos.<\/p>\n\n\n\n<p>Opinar sin ser descalificado; disentir, pero al mismo tiempo proponer; manifestarse pero ser respetado; dialogar para ser escuchado y negociar para construir: Esa es la tolerancia.<\/p>\n\n\n\n<p>Mi experiencia me ha llevado a entender que la pol\u00edtica es esa actividad humana, noble y superior que debe conjugar <strong><u>lo deseable con lo posible, a partir de lo disponible.<\/u><\/strong><\/p>\n\n\n\n<p>Se necesitan erradicar los pleitos y confrontaciones entre partidos pol\u00edticos, entre grupos parlamentarios, entre \u00f3rdenes de gobierno, entre candidatos, pero al mismo tiempo, reclaman que qui\u00e9n gobierna, se dedique a gobernar y no a descalificar o reprimir.<\/p>\n\n\n\n<p>Quien no dialoga, propone, negocia y es intolerante, est\u00e1 condenado a fracasar o a imponer y pareciera condenado a equivocarse m\u00e1s veces que los dem\u00e1s.<\/p>\n\n\n\n<p>Se debe dignificar a la pol\u00edtica, hacer que los pol\u00edticos se respeten para que sean respetados y que la tolerancia sea un principio, no la excusa para reprimir.<\/p>\n\n\n\n<p>El di\u00e1logo nos permite distender y no tensar; acercar posiciones y &nbsp;no alejarlas; comprometer y no evadir responsabilidades; reconocer y no ignorar para llegar a acuerdos en beneficio de la sociedad que se dice representar.<\/p>\n\n\n\n<p>Incluso afirmar\u00eda que es una obligaci\u00f3n de los pol\u00edticos demostrar su tolerancia mientras ejercen el poder.<\/p>\n\n\n\n<p>Sostengo que en pol\u00edtica se deben buscar los terrenos en los que es posible, deseable, factible y hasta obligatorio encontrar rumbos y decisiones comunes.<\/p>\n\n\n\n<p>Si promovemos un ambiente de respeto y utilizamos el di\u00e1logo rescatando la palabra para establecer comunicaci\u00f3n entre los pol\u00edticos y buscamos el punto de encuentro, habremos avanzado.<\/p>\n\n\n\n<p>Porque el di\u00e1logo implica que se busquen las mejores propuestas de soluci\u00f3n basadas en la raz\u00f3n y el respeto, reconociendo la necesidad de la cooperaci\u00f3n entre todos los actores pol\u00edticos y sociales.<\/p>\n\n\n\n<p>Todos los pa\u00edses necesitan el di\u00e1logo para buscar soluciones a sus problemas, pero el di\u00e1logo en donde nadie se considere poseedor de la verdad; di\u00e1logo en donde todos participen con un car\u00e1cter de igualdad; di\u00e1logo que integre y respete al de enfrente tratando de convencerlo con argumentos, pero con una apertura tal, que sus argumentos puedan llegar a convencer.<\/p>\n\n\n\n<p>Perseguir empresarios para cumplir sus obligaciones fiscales, denostar a una alcaldesa de oposici\u00f3n culp\u00e1ndola de financiar la marcha de la GEN Z o anunciar que varios de los participantes en el bloqueo de carreteras que exigien apoyo al campo y seguridad en las carreteras, tienen carpetas de inestigaci\u00f3n abiertas, no es ser tolerante.<\/p>\n\n\n\n<p>*Polit\u00f3logo<\/p>\n\n\n\n<p>humbertoAguilar.mx<\/p>\n\n\n\n<hr class=\"wp-block-separator has-alpha-channel-opacity\"\/>\n\n\n\n<p><strong>+ OPINI\u00d3N : Las opiniones expresadas son responsabilidad del autor<\/strong><\/p>\n","protected":false},"excerpt":{"rendered":"<p>Por Humberto Aguilar Coronado El domingo 16 de noviembre se conmemor\u00f3 el d\u00eda internacional de la tolerancia, fecha en que [&hellip;]<\/p>\n","protected":false},"author":1,"featured_media":78518,"comment_status":"open","ping_status":"open","sticky":false,"template":"","format":"standard","meta":{"site-sidebar-layout":"default","site-content-layout":"","ast-site-content-layout":"default","site-content-style":"default","site-sidebar-style":"default","ast-global-header-display":"","ast-banner-title-visibility":"","ast-main-header-display":"","ast-hfb-above-header-display":"","ast-hfb-below-header-display":"","ast-hfb-mobile-header-display":"","site-post-title":"","ast-breadcrumbs-content":"","ast-featured-img":"","footer-sml-layout":"","theme-transparent-header-meta":"","adv-header-id-meta":"","stick-header-meta":"","header-above-stick-meta":"","header-main-stick-meta":"","header-below-stick-meta":"","astra-migrate-meta-layouts":"default","ast-page-background-enabled":"default","ast-page-background-meta":{"desktop":{"background-color":"var(--ast-global-color-4)","background-image":"","background-repeat":"repeat","background-position":"center center","background-size":"auto","background-attachment":"scroll","background-type":"","background-media":"","overlay-type":"","overlay-color":"","overlay-opacity":"","overlay-gradient":""},"tablet":{"background-color":"","background-image":"","background-repeat":"repeat","background-position":"center center","background-size":"auto","background-attachment":"scroll","background-type":"","background-media":"","overlay-type":"","overlay-color":"","overlay-opacity":"","overlay-gradient":""},"mobile":{"background-color":"","background-image":"","background-repeat":"repeat","background-position":"center center","background-size":"auto","background-attachment":"scroll","background-type":"","background-media":"","overlay-type":"","overlay-color":"","overlay-opacity":"","overlay-gradient":""}},"ast-content-background-meta":{"desktop":{"background-color":"var(--ast-global-color-5)","background-image":"","background-repeat":"repeat","background-position":"center center","background-size":"auto","background-attachment":"scroll","background-type":"","background-media":"","overlay-type":"","overlay-color":"","overlay-opacity":"","overlay-gradient":""},"tablet":{"background-color":"var(--ast-global-color-5)","background-image":"","background-repeat":"repeat","background-position":"center center","background-size":"auto","background-attachment":"scroll","background-type":"","background-media":"","overlay-type":"","overlay-color":"","overlay-opacity":"","overlay-gradient":""},"mobile":{"background-color":"var(--ast-global-color-5)","background-image":"","background-repeat":"repeat","background-position":"center center","background-size":"auto","background-attachment":"scroll","background-type":"","background-media":"","overlay-type":"","overlay-color":"","overlay-opacity":"","overlay-gradient":""}},"footnotes":""},"categories":[8,18],"tags":[177,11651],"class_list":["post-111130","post","type-post","status-publish","format-standard","has-post-thumbnail","hentry","category-noticias","category-palabra-de-tigre","tag-onu","tag-tolerancia"],"_links":{"self":[{"href":"https:\/\/losperiodistas.com.mx\/portal\/wp-json\/wp\/v2\/posts\/111130","targetHints":{"allow":["GET"]}}],"collection":[{"href":"https:\/\/losperiodistas.com.mx\/portal\/wp-json\/wp\/v2\/posts"}],"about":[{"href":"https:\/\/losperiodistas.com.mx\/portal\/wp-json\/wp\/v2\/types\/post"}],"author":[{"embeddable":true,"href":"https:\/\/losperiodistas.com.mx\/portal\/wp-json\/wp\/v2\/users\/1"}],"replies":[{"embeddable":true,"href":"https:\/\/losperiodistas.com.mx\/portal\/wp-json\/wp\/v2\/comments?post=111130"}],"version-history":[{"count":2,"href":"https:\/\/losperiodistas.com.mx\/portal\/wp-json\/wp\/v2\/posts\/111130\/revisions"}],"predecessor-version":[{"id":111133,"href":"https:\/\/losperiodistas.com.mx\/portal\/wp-json\/wp\/v2\/posts\/111130\/revisions\/111133"}],"wp:featuredmedia":[{"embeddable":true,"href":"https:\/\/losperiodistas.com.mx\/portal\/wp-json\/wp\/v2\/media\/78518"}],"wp:attachment":[{"href":"https:\/\/losperiodistas.com.mx\/portal\/wp-json\/wp\/v2\/media?parent=111130"}],"wp:term":[{"taxonomy":"category","embeddable":true,"href":"https:\/\/losperiodistas.com.mx\/portal\/wp-json\/wp\/v2\/categories?post=111130"},{"taxonomy":"post_tag","embeddable":true,"href":"https:\/\/losperiodistas.com.mx\/portal\/wp-json\/wp\/v2\/tags?post=111130"}],"curies":[{"name":"wp","href":"https:\/\/api.w.org\/{rel}","templated":true}]}}