{"id":111005,"date":"2025-11-23T22:07:18","date_gmt":"2025-11-24T04:07:18","guid":{"rendered":"https:\/\/losperiodistas.com.mx\/portal\/?p=111005"},"modified":"2025-11-23T22:07:19","modified_gmt":"2025-11-24T04:07:19","slug":"jose-jeri-retrocede-en-eventual-irrupcion-de-embajada-de-mexico-para-arrestar-a-betssy-chavez-infobae","status":"publish","type":"post","link":"https:\/\/losperiodistas.com.mx\/portal\/jose-jeri-retrocede-en-eventual-irrupcion-de-embajada-de-mexico-para-arrestar-a-betssy-chavez-infobae\/","title":{"rendered":"Jos\u00e9 Jer\u00ed retrocede en eventual irrupci\u00f3n de embajada de M\u00e9xico para arrestar a Betssy Ch\u00e1vez | Infobae"},"content":{"rendered":"\n<p>Luego de brindar una entrevista donde mencion\u00f3 que \u201cno le tiembla la mano\u201d para ejercer medidas y que \u201csi tiene que ingresarse a la sede diplom\u00e1tica, lo har\u00e1\u201d, public\u00f3 un corto mensaje donde respald\u00f3 a Hugo de Zela, quien hab\u00eda adelantado que \u201ceso no ocurrir\u00eda\u201d<\/p>\n\n\n\n<figure class=\"wp-block-image size-large\"><img fetchpriority=\"high\" decoding=\"async\" width=\"1024\" height=\"576\" src=\"https:\/\/losperiodistas.com.mx\/portal\/wp-content\/uploads\/2025\/11\/JoseJeri-1024x576.png\" alt=\"\" class=\"wp-image-111006\" srcset=\"https:\/\/losperiodistas.com.mx\/portal\/wp-content\/uploads\/2025\/11\/JoseJeri-1024x576.png 1024w, https:\/\/losperiodistas.com.mx\/portal\/wp-content\/uploads\/2025\/11\/JoseJeri-300x169.png 300w, https:\/\/losperiodistas.com.mx\/portal\/wp-content\/uploads\/2025\/11\/JoseJeri-768x432.png 768w, https:\/\/losperiodistas.com.mx\/portal\/wp-content\/uploads\/2025\/11\/JoseJeri.png 1240w\" sizes=\"(max-width: 1024px) 100vw, 1024px\" \/><figcaption class=\"wp-element-caption\">Jos\u00e9 Jer\u00ed<\/figcaption><\/figure>\n\n\n\n<p class=\"has-vivid-red-color has-text-color has-link-color wp-elements-d3ea53ac65f3de1ad7b6263a654a573e\">Camila Calder\u00f3n \/ Infobae<\/p>\n\n\n\n<p>Luego de generar una fuerte controversia internacional al sugerir la posibilidad de una intervenci\u00f3n en la Embajada de M\u00e9xico en Lima para ejecutar la orden de prisi\u00f3n preventiva contra la expresidenta del Consejo de Ministros,<strong> Betssy Ch\u00e1vez<\/strong>, el <strong>presidente de la Rep\u00fablica, Jos\u00e9 Jer\u00ed, dio marcha atr\u00e1s<\/strong> de manera p\u00fablica y respald\u00f3 la postura oficial de la Canciller\u00eda.<\/p>\n\n\n\n<p>En una entrevista concedida a <em>El Comercio,<\/em> mandatario hab\u00eda declarado que \u201cno me limito y<strong>, si tiene que ingresarse a la embajada mexicana, se har\u00e1\u201d, <\/strong>en alusi\u00f3n a la reciente orden de prisi\u00f3n preventiva dictada por el Poder Judicial contra Ch\u00e1vez, asilada en la misi\u00f3n diplom\u00e1tica. Sin embargo, horas despu\u00e9s, el mandatario recurri\u00f3 a su cuenta de X (antes Twitter) para modular su postura.<\/p>\n\n\n\n<p>\u201cGracias por la oportunidad de comunicar algunas ideas respecto al gobierno. Lo cierto es que tengo un equipo ministerial con experiencia, como por ejemplo la de Hugo de Zela, a quien siempre consulto y escucho mucho antes de cualquier acci\u00f3n concreta. Eso nunca cambiar\u00e1\u201d, escribi\u00f3 en un intento por atenuar la tensi\u00f3n generada por sus propias declaraciones y alinearse con la l\u00ednea diplom\u00e1tica ya trazada por su ministro de Relaciones Exteriores.<\/p>\n\n\n\n<figure class=\"wp-block-image size-full\"><img decoding=\"async\" width=\"992\" height=\"317\" src=\"https:\/\/losperiodistas.com.mx\/portal\/wp-content\/uploads\/2025\/11\/7FCTSIQHWRCPZMAFWGO4D5UVJY.avif\" alt=\"\" class=\"wp-image-111007\" srcset=\"https:\/\/losperiodistas.com.mx\/portal\/wp-content\/uploads\/2025\/11\/7FCTSIQHWRCPZMAFWGO4D5UVJY.avif 992w, https:\/\/losperiodistas.com.mx\/portal\/wp-content\/uploads\/2025\/11\/7FCTSIQHWRCPZMAFWGO4D5UVJY-300x96.avif 300w, https:\/\/losperiodistas.com.mx\/portal\/wp-content\/uploads\/2025\/11\/7FCTSIQHWRCPZMAFWGO4D5UVJY-768x245.avif 768w\" sizes=\"(max-width: 992px) 100vw, 992px\" \/><\/figure>\n\n\n\n<p>Este mensaje representa un retroceso t\u00e1cito a la posibilidad de una acci\u00f3n de fuerza, pues reafirma la primac\u00eda de la consulta y la experiencia del Canciller en el manejo de un conflicto diplom\u00e1tico de esta envergadura, quien <strong>ya hab\u00eda descartado la medida en una entrevista con <\/strong><em><strong>CNN.<\/strong><\/em><\/p>\n\n\n\n<p>Consultado por la posibilidad dicha medida, el ministro Hugo de Zela asegur\u00f3 que la irrupci\u00f3n ni siquiera estaba siendo contemplada. \u201cEso s\u00ed le puedo decir que no, ni siquiera lo estamos considerando y no va a ocurrir en este caso\u201d, mencion\u00f3 en referencia a una acci\u00f3n similar a la tomada por el presidente ecuatoriano Noboa en la embajada mexicana en Quito.<\/p>\n\n\n\n<p>En otra parte de la entrevista, hab\u00eda mencionado que la estrategia de la Canciller\u00eda se centraba en el \u00e1mbito multilateral, espec\u00edficamente en la Organizaci\u00f3n de los Estados Americanos (OEA), a fin de impulsar una modificaci\u00f3n del r\u00e9gimen de asilo diplom\u00e1tico para subsanar el procedimiento que, seg\u00fan el titular de RR.EE., fue vulnerado por M\u00e9xico: \u201cCuando una persona pide asilo, el Gobierno que lo va a dar debe pedirle al pa\u00eds de origen informaci\u00f3n sobre su situaci\u00f3n judicial.<strong> Eso no ha ocurrido en este caso<\/strong>\u201d, subray\u00f3.<\/p>\n\n\n\n<figure class=\"wp-block-image size-full\"><img decoding=\"async\" width=\"992\" height=\"558\" src=\"https:\/\/losperiodistas.com.mx\/portal\/wp-content\/uploads\/2025\/11\/QUX5OLXNMFFPBAVKQKXISCGFV4.avif\" alt=\"\" class=\"wp-image-111008\" srcset=\"https:\/\/losperiodistas.com.mx\/portal\/wp-content\/uploads\/2025\/11\/QUX5OLXNMFFPBAVKQKXISCGFV4.avif 992w, https:\/\/losperiodistas.com.mx\/portal\/wp-content\/uploads\/2025\/11\/QUX5OLXNMFFPBAVKQKXISCGFV4-300x169.avif 300w, https:\/\/losperiodistas.com.mx\/portal\/wp-content\/uploads\/2025\/11\/QUX5OLXNMFFPBAVKQKXISCGFV4-768x432.avif 768w\" sizes=\"(max-width: 992px) 100vw, 992px\" \/><figcaption class=\"wp-element-caption\">El canciller Hugo de Zela descart\u00f3 irrupci\u00f3n de la embajada de M\u00e9xixo. | Andina<\/figcaption><\/figure>\n\n\n\n<h2 class=\"wp-block-heading\">Premier tambi\u00e9n ratific\u00f3 el rechazo a cualquier irrupci\u00f3n en la embajada de M\u00e9xico<\/h2>\n\n\n\n<p>Cabe mencionar que el canciller no fue el \u00fanico que ya hab\u00eda descartado la irrupci\u00f3n de la sede diplom\u00e1tica. El presidente del Consejo de Ministros,\u00a0<strong>Ernesto \u00c1lvarez<\/strong>, mencion\u00f3 que el Gobierno de\u00a0<strong>Per\u00fa<\/strong>\u00a0descarta de manera absoluta cualquier ingreso forzado a la embajada de\u00a0<strong>M\u00e9xico<\/strong>\u00a0en Lima para detener a\u00a0<strong>Betssy Ch\u00e1vez<\/strong>.<\/p>\n\n\n\n<p>\u201cEl Per\u00fa es respetuoso del derecho internacional y no es capaz de ejercer violencia contra ning\u00fan pa\u00eds (\u2026) mucho menos quebrar las leyes internacionales con respecto a la inmunidad de las sedes diplom\u00e1ticas, <strong>eso s\u00ed est\u00e1 descartado<\/strong>\u201d, dijo entonces en entrevista con <em>Canal N.<\/em><\/p>\n\n\n\n<p>Ratific\u00f3 que la negativa a considerar una intervenci\u00f3n en la misi\u00f3n mexicana se mantiene invariable pese al cambio en la situaci\u00f3n jur\u00eddica de la exministra, quien permanece en la sede diplom\u00e1tica. Enfatiz\u00f3 que cualquier salida de Ch\u00e1vez del pa\u00eds requerir\u00eda una orden expresa de la&nbsp;<strong>Canciller\u00eda<\/strong>.&nbsp;<strong>\u201cSi no es con un mandato expreso, avalado por la Canciller\u00eda, definitivamente no. Por mera pol\u00edtica, por mera decisi\u00f3n pol\u00edtica, no, no corresponde\u201d<\/strong>, explic\u00f3.<\/p>\n\n\n\n<p>Fuente: <a href=\"https:\/\/www.infobae.com\/peru\/2025\/11\/24\/jose-jeri-retrocede-en-eventual-irrupcion-de-embajada-de-mexico-para-arrestar-a-betssy-chavez-aseguro-que-siempre-consulta-con-su-canciller-quien-descarto-la-medida\/\" target=\"_blank\" rel=\"noreferrer noopener\">Infobae<\/a><\/p>\n","protected":false},"excerpt":{"rendered":"<p>Luego de brindar una entrevista donde mencion\u00f3 que \u201cno le tiembla la mano\u201d para ejercer medidas y que \u201csi tiene que ingresarse a la sede diplom\u00e1tica, lo har\u00e1\u201d, public\u00f3 un corto mensaje donde respald\u00f3 a Hugo de Zela, quien hab\u00eda adelantado que \u201ceso no ocurrir\u00eda\u201d<\/p>\n","protected":false},"author":1,"featured_media":111006,"comment_status":"open","ping_status":"open","sticky":false,"template":"","format":"standard","meta":{"site-sidebar-layout":"default","site-content-layout":"","ast-site-content-layout":"default","site-content-style":"default","site-sidebar-style":"default","ast-global-header-display":"","ast-banner-title-visibility":"","ast-main-header-display":"","ast-hfb-above-header-display":"","ast-hfb-below-header-display":"","ast-hfb-mobile-header-display":"","site-post-title":"","ast-breadcrumbs-content":"","ast-featured-img":"","footer-sml-layout":"","theme-transparent-header-meta":"","adv-header-id-meta":"","stick-header-meta":"","header-above-stick-meta":"","header-main-stick-meta":"","header-below-stick-meta":"","astra-migrate-meta-layouts":"default","ast-page-background-enabled":"default","ast-page-background-meta":{"desktop":{"background-color":"var(--ast-global-color-4)","background-image":"","background-repeat":"repeat","background-position":"center center","background-size":"auto","background-attachment":"scroll","background-type":"","background-media":"","overlay-type":"","overlay-color":"","overlay-opacity":"","overlay-gradient":""},"tablet":{"background-color":"","background-image":"","background-repeat":"repeat","background-position":"center center","background-size":"auto","background-attachment":"scroll","background-type":"","background-media":"","overlay-type":"","overlay-color":"","overlay-opacity":"","overlay-gradient":""},"mobile":{"background-color":"","background-image":"","background-repeat":"repeat","background-position":"center center","background-size":"auto","background-attachment":"scroll","background-type":"","background-media":"","overlay-type":"","overlay-color":"","overlay-opacity":"","overlay-gradient":""}},"ast-content-background-meta":{"desktop":{"background-color":"var(--ast-global-color-5)","background-image":"","background-repeat":"repeat","background-position":"center center","background-size":"auto","background-attachment":"scroll","background-type":"","background-media":"","overlay-type":"","overlay-color":"","overlay-opacity":"","overlay-gradient":""},"tablet":{"background-color":"var(--ast-global-color-5)","background-image":"","background-repeat":"repeat","background-position":"center center","background-size":"auto","background-attachment":"scroll","background-type":"","background-media":"","overlay-type":"","overlay-color":"","overlay-opacity":"","overlay-gradient":""},"mobile":{"background-color":"var(--ast-global-color-5)","background-image":"","background-repeat":"repeat","background-position":"center center","background-size":"auto","background-attachment":"scroll","background-type":"","background-media":"","overlay-type":"","overlay-color":"","overlay-opacity":"","overlay-gradient":""}},"footnotes":""},"categories":[8],"tags":[43017,43572,43571,3887],"class_list":["post-111005","post","type-post","status-publish","format-standard","has-post-thumbnail","hentry","category-noticias","tag-betssy-chavez","tag-embajada-de-mexico","tag-jose-jeri","tag-peru"],"_links":{"self":[{"href":"https:\/\/losperiodistas.com.mx\/portal\/wp-json\/wp\/v2\/posts\/111005","targetHints":{"allow":["GET"]}}],"collection":[{"href":"https:\/\/losperiodistas.com.mx\/portal\/wp-json\/wp\/v2\/posts"}],"about":[{"href":"https:\/\/losperiodistas.com.mx\/portal\/wp-json\/wp\/v2\/types\/post"}],"author":[{"embeddable":true,"href":"https:\/\/losperiodistas.com.mx\/portal\/wp-json\/wp\/v2\/users\/1"}],"replies":[{"embeddable":true,"href":"https:\/\/losperiodistas.com.mx\/portal\/wp-json\/wp\/v2\/comments?post=111005"}],"version-history":[{"count":1,"href":"https:\/\/losperiodistas.com.mx\/portal\/wp-json\/wp\/v2\/posts\/111005\/revisions"}],"predecessor-version":[{"id":111009,"href":"https:\/\/losperiodistas.com.mx\/portal\/wp-json\/wp\/v2\/posts\/111005\/revisions\/111009"}],"wp:featuredmedia":[{"embeddable":true,"href":"https:\/\/losperiodistas.com.mx\/portal\/wp-json\/wp\/v2\/media\/111006"}],"wp:attachment":[{"href":"https:\/\/losperiodistas.com.mx\/portal\/wp-json\/wp\/v2\/media?parent=111005"}],"wp:term":[{"taxonomy":"category","embeddable":true,"href":"https:\/\/losperiodistas.com.mx\/portal\/wp-json\/wp\/v2\/categories?post=111005"},{"taxonomy":"post_tag","embeddable":true,"href":"https:\/\/losperiodistas.com.mx\/portal\/wp-json\/wp\/v2\/tags?post=111005"}],"curies":[{"name":"wp","href":"https:\/\/api.w.org\/{rel}","templated":true}]}}