{"id":110732,"date":"2025-11-19T08:23:02","date_gmt":"2025-11-19T14:23:02","guid":{"rendered":"https:\/\/losperiodistas.com.mx\/portal\/?p=110732"},"modified":"2025-11-19T08:23:03","modified_gmt":"2025-11-19T14:23:03","slug":"opinion-el-muro-de-palacio","status":"publish","type":"post","link":"https:\/\/losperiodistas.com.mx\/portal\/opinion-el-muro-de-palacio\/","title":{"rendered":"Opini\u00f3n | El muro de palacio"},"content":{"rendered":"\n<figure class=\"wp-block-image size-full\"><img fetchpriority=\"high\" decoding=\"async\" width=\"750\" height=\"292\" src=\"https:\/\/losperiodistas.com.mx\/portal\/wp-content\/uploads\/2024\/07\/Captura-de-Pantalla-2021-07-20-a-las-18.51.06.jpg\" alt=\"\" class=\"wp-image-78518\" srcset=\"https:\/\/losperiodistas.com.mx\/portal\/wp-content\/uploads\/2024\/07\/Captura-de-Pantalla-2021-07-20-a-las-18.51.06.jpg 750w, https:\/\/losperiodistas.com.mx\/portal\/wp-content\/uploads\/2024\/07\/Captura-de-Pantalla-2021-07-20-a-las-18.51.06-300x117.jpg 300w\" sizes=\"(max-width: 750px) 100vw, 750px\" \/><\/figure>\n\n\n\n<p class=\"has-vivid-red-color has-text-color has-link-color has-medium-font-size wp-elements-91b84d25443508a77c29807ca0cdf573\"><strong><em>Por: Humberto Aguilar Coronado*<\/em><\/strong><\/p>\n\n\n\n<p>El muro de Berl\u00edn se construy\u00f3 y fue derribado despu\u00e9s de 26 a\u00f1os.<\/p>\n\n\n\n<p>El muro de palacio nacional se instal\u00f3 y fue removido en un par de horas por j\u00f3venes que reclamaron que el estado cumpla con su funci\u00f3n primaria: brindarle seguridad a la sociedad mexicana.<\/p>\n\n\n\n<p>El operativo gubernamental cerr\u00f3 la mayor\u00eda de los accesos a la plancha del z\u00f3calo capitalino, dejando solamente una v\u00eda de acceso, convirti\u00e9ndolo en una trampa de salida, en caso de disturbio.<\/p>\n\n\n\n<p>Hubo intimidaci\u00f3n hacia los participantes de la marcha por parte de grupos de choque perfectamente identificados; vimos una embestida por parte de los granaderos a los primeros que estaban frente a las vallas y se document\u00f3 la brutal agresi\u00f3n a j\u00f3venes desarmados; fuimos testigos de la agresi\u00f3n brutal hacia una persona que solamente portaba la bandera nacional y de una ni\u00f1a afectada por el gas pimienta.<\/p>\n\n\n\n<p>Al final, fueron detenidos varios j\u00f3venes que no hicieron destrozos como los vistos en otras marchas violentas.<\/p>\n\n\n\n<p>A\u00fan as\u00ed, los j\u00f3venes de la generaci\u00f3n Z marcharon y se les sumaron personas de otras generaciones que los apoyaron en su reclamo.<\/p>\n\n\n\n<p>Los j\u00f3venes lo lograron. S\u00ed, lograron despertar la conciencia de muchos mexicanos que permanec\u00edan ap\u00e1ticos a los gritos de desesperaci\u00f3n de familias que han visto que algunos de los suyos fueron asesinados; de madres buscadoras de personas desaparecidas que se unieron al reclamo por el asesinato del que fuera alcalde de Uruapan, Michoac\u00e1n, Carlos Manzo.<\/p>\n\n\n\n<p>A la marcha de los j\u00f3venes se sumaron muchos m\u00e1s que el n\u00famero que los voceros gubernamentales aceptan como cifra oficial y se revivi\u00f3 el activismo ciudadano, pero al mismo tiempo, se dieron cuenta que no estaban los partidos pol\u00edticos encabezando la protesta.<\/p>\n\n\n\n<p>Los j\u00f3venes se levantaron, se movilizaron, alzaron su voz y le reclamaron al estado por esa violencia que es una constante en todo el territorio nacional, por ese hartazgo que existe al ver que el gobierno no hace lo suficiente por enfrentar el problema.<\/p>\n\n\n\n<p>Era tal el temor gubernamental de la convocatoria ciudadana, que la presidenta prefiri\u00f3 no estar en Palacio Nacional para no ver que el muro que se levant\u00f3 para no permitir la llegada a palacio, era removido sin agredir el propio Palacio.<\/p>\n\n\n\n<p>Desde antes del d\u00eda de la marcha ciudadana, desde la presidencia de la rep\u00fablica ya se hab\u00eda desacreditado el noble origen de la misma, por lo que una vez que concluy\u00f3, no fue sorpresa para nadie la descalificaci\u00f3n por parte de diferentes voces del gobierno.<\/p>\n\n\n\n<p>Se sab\u00eda que as\u00ed iba a ser, pero no se esperaba una forma tan descarada de descalificaci\u00f3n. El gobierno pas\u00f3 de desacreditar la convocatoria, a culpar a los que se manifestaron de violentos, pasando por ignorar sus demandas con un lenguaje c\u00ednico y violento.<\/p>\n\n\n\n<p>Las im\u00e1genes ah\u00ed se quedan. No hay forma de justificar la agresi\u00f3n salvaje de algunos granaderos y menos entender porque el gobierno no acepta la justa dimensi\u00f3n y el valor que tiene una marcha.<\/p>\n\n\n\n<p>El gobierno no tiene el monopolio de las marchas y mucho menos, de la voluntad de los mexicanos que quieren seguir viviendo en libertad y quieren seguir manifestandose reclamando y exigiendo sus derechos.<\/p>\n\n\n\n<p>*Es polit\u00f3logo<\/p>\n\n\n\n<hr class=\"wp-block-separator has-alpha-channel-opacity\"\/>\n\n\n\n<p><strong>\u00a0OPINI\u00d3N : Las opiniones expresadas son responsabilidad del autor<\/strong><\/p>\n","protected":false},"excerpt":{"rendered":"<p>Por: Humberto Aguilar Coronado* El muro de Berl\u00edn se construy\u00f3 y fue derribado despu\u00e9s de 26 a\u00f1os. El muro de [&hellip;]<\/p>\n","protected":false},"author":1,"featured_media":548,"comment_status":"open","ping_status":"open","sticky":false,"template":"","format":"standard","meta":{"site-sidebar-layout":"default","site-content-layout":"","ast-site-content-layout":"default","site-content-style":"default","site-sidebar-style":"default","ast-global-header-display":"","ast-banner-title-visibility":"","ast-main-header-display":"","ast-hfb-above-header-display":"","ast-hfb-below-header-display":"","ast-hfb-mobile-header-display":"","site-post-title":"","ast-breadcrumbs-content":"","ast-featured-img":"","footer-sml-layout":"","theme-transparent-header-meta":"","adv-header-id-meta":"","stick-header-meta":"","header-above-stick-meta":"","header-main-stick-meta":"","header-below-stick-meta":"","astra-migrate-meta-layouts":"default","ast-page-background-enabled":"default","ast-page-background-meta":{"desktop":{"background-color":"var(--ast-global-color-4)","background-image":"","background-repeat":"repeat","background-position":"center center","background-size":"auto","background-attachment":"scroll","background-type":"","background-media":"","overlay-type":"","overlay-color":"","overlay-opacity":"","overlay-gradient":""},"tablet":{"background-color":"","background-image":"","background-repeat":"repeat","background-position":"center center","background-size":"auto","background-attachment":"scroll","background-type":"","background-media":"","overlay-type":"","overlay-color":"","overlay-opacity":"","overlay-gradient":""},"mobile":{"background-color":"","background-image":"","background-repeat":"repeat","background-position":"center center","background-size":"auto","background-attachment":"scroll","background-type":"","background-media":"","overlay-type":"","overlay-color":"","overlay-opacity":"","overlay-gradient":""}},"ast-content-background-meta":{"desktop":{"background-color":"var(--ast-global-color-5)","background-image":"","background-repeat":"repeat","background-position":"center center","background-size":"auto","background-attachment":"scroll","background-type":"","background-media":"","overlay-type":"","overlay-color":"","overlay-opacity":"","overlay-gradient":""},"tablet":{"background-color":"var(--ast-global-color-5)","background-image":"","background-repeat":"repeat","background-position":"center center","background-size":"auto","background-attachment":"scroll","background-type":"","background-media":"","overlay-type":"","overlay-color":"","overlay-opacity":"","overlay-gradient":""},"mobile":{"background-color":"var(--ast-global-color-5)","background-image":"","background-repeat":"repeat","background-position":"center center","background-size":"auto","background-attachment":"scroll","background-type":"","background-media":"","overlay-type":"","overlay-color":"","overlay-opacity":"","overlay-gradient":""}},"footnotes":""},"categories":[8,18],"tags":[43422,43423],"class_list":["post-110732","post","type-post","status-publish","format-standard","has-post-thumbnail","hentry","category-noticias","category-palabra-de-tigre","tag-el-muro-de-berlin","tag-el-muro-del-zocal-de-mexico"],"_links":{"self":[{"href":"https:\/\/losperiodistas.com.mx\/portal\/wp-json\/wp\/v2\/posts\/110732","targetHints":{"allow":["GET"]}}],"collection":[{"href":"https:\/\/losperiodistas.com.mx\/portal\/wp-json\/wp\/v2\/posts"}],"about":[{"href":"https:\/\/losperiodistas.com.mx\/portal\/wp-json\/wp\/v2\/types\/post"}],"author":[{"embeddable":true,"href":"https:\/\/losperiodistas.com.mx\/portal\/wp-json\/wp\/v2\/users\/1"}],"replies":[{"embeddable":true,"href":"https:\/\/losperiodistas.com.mx\/portal\/wp-json\/wp\/v2\/comments?post=110732"}],"version-history":[{"count":1,"href":"https:\/\/losperiodistas.com.mx\/portal\/wp-json\/wp\/v2\/posts\/110732\/revisions"}],"predecessor-version":[{"id":110733,"href":"https:\/\/losperiodistas.com.mx\/portal\/wp-json\/wp\/v2\/posts\/110732\/revisions\/110733"}],"wp:featuredmedia":[{"embeddable":true,"href":"https:\/\/losperiodistas.com.mx\/portal\/wp-json\/wp\/v2\/media\/548"}],"wp:attachment":[{"href":"https:\/\/losperiodistas.com.mx\/portal\/wp-json\/wp\/v2\/media?parent=110732"}],"wp:term":[{"taxonomy":"category","embeddable":true,"href":"https:\/\/losperiodistas.com.mx\/portal\/wp-json\/wp\/v2\/categories?post=110732"},{"taxonomy":"post_tag","embeddable":true,"href":"https:\/\/losperiodistas.com.mx\/portal\/wp-json\/wp\/v2\/tags?post=110732"}],"curies":[{"name":"wp","href":"https:\/\/api.w.org\/{rel}","templated":true}]}}