{"id":110660,"date":"2025-11-18T05:31:31","date_gmt":"2025-11-18T11:31:31","guid":{"rendered":"https:\/\/losperiodistas.com.mx\/portal\/?p=110660"},"modified":"2025-11-18T05:31:32","modified_gmt":"2025-11-18T11:31:32","slug":"opinion-la-filosofia-y-los-estudios-de-la-escuela-de-la-vida","status":"publish","type":"post","link":"https:\/\/losperiodistas.com.mx\/portal\/opinion-la-filosofia-y-los-estudios-de-la-escuela-de-la-vida\/","title":{"rendered":"Opini\u00f3n | La filosof\u00eda y los estudios de la escuela de la vida"},"content":{"rendered":"\n<p class=\"has-medium-font-size\">*El Catecismo Franciscano de San Noro\u00f1a<\/p>\n\n\n\n<figure class=\"wp-block-image size-full\"><img fetchpriority=\"high\" decoding=\"async\" width=\"720\" height=\"540\" src=\"https:\/\/losperiodistas.com.mx\/portal\/wp-content\/uploads\/2025\/11\/LA-ESCUELA-DE-LA-VIDA.jpg\" alt=\"\" class=\"wp-image-110661\" srcset=\"https:\/\/losperiodistas.com.mx\/portal\/wp-content\/uploads\/2025\/11\/LA-ESCUELA-DE-LA-VIDA.jpg 720w, https:\/\/losperiodistas.com.mx\/portal\/wp-content\/uploads\/2025\/11\/LA-ESCUELA-DE-LA-VIDA-300x225.jpg 300w\" sizes=\"(max-width: 720px) 100vw, 720px\" \/><\/figure>\n\n\n\n<p class=\"has-vivid-red-color has-text-color has-link-color has-medium-font-size wp-elements-4865f9003ac6cfcf5a7f44570e7f0aa1\"><strong><em>Por Ra\u00fal Torres Salmer\u00f3n \/ Sin L\u00edmites<\/em><\/strong><\/p>\n\n\n\n<p>En la escuela de la vida, nadie le pregunta si quiere matricularse.<\/p>\n\n\n\n<p>Basta con nacer y ya est\u00e1 uno matriculado. No hay uniformes ni pupitres asignados. Y el curso escolar, nunca termina.<\/p>\n\n\n\n<p>Lo curioso es que, en esta escuela, somos alumnos y profesores.<\/p>\n\n\n\n<p>Pero el gran maestro es el tiempo, ese Profesor exigente, paciente y a veces severo.<\/p>\n\n\n\n<p>No avisa de los ex\u00e1menes. Un d\u00eda se despierta y ah\u00ed est\u00e1 el examen en el pupitre. Y si no ha estudiado, no tiene sentido pedir un nuevo examen.<\/p>\n\n\n\n<p>Algunas materias son f\u00e1ciles: el amor, la amistad, la alegr\u00eda. Otras requieren m\u00e1s esfuerzo: la paciencia, la tolerancia, el perd\u00f3n.<\/p>\n\n\n\n<p>Tambi\u00e9n hay materias que preferir\u00edamos no cursar: el dolor, la p\u00e9rdida, la soledad.<\/p>\n\n\n\n<p>Pero es a trav\u00e9s de ellas que el aprendizaje se profundiza.<\/p>\n\n\n\n<p>El Director de la escuela, a quien muchos llaman Dios, tiene una forma muy particular de preparar las clases.<\/p>\n\n\n\n<p>A veces ense\u00f1a desde el cari\u00f1o; otras, desde la dificultad. Y as\u00ed acumulan calificaciones, sin una boleta impresa, pero con un registro invisible en los corazones.<\/p>\n\n\n\n<p>En el conflicto, se aprende a valorar la paz.<\/p>\n\n\n\n<p>En la escasez, se descubre lo suficiente.<\/p>\n\n\n\n<p>Al presenciar la injusticia, se practica la empat\u00eda.<\/p>\n\n\n\n<p>Y en la vida diaria, se aprende el dif\u00edcil arte de amar al pr\u00f3jimo, una lecci\u00f3n que algunos repiten durante a\u00f1os sin llegar a dominarla.<\/p>\n\n\n\n<p>En esta escuela no hay vacaciones.<\/p>\n\n\n\n<p>No suena la campana para terminar el d\u00eda.<\/p>\n\n\n\n<p>Cada d\u00eda es una nueva lecci\u00f3n. Y quiz\u00e1s el diploma final sea la serenidad de mirar atr\u00e1s y decir:<\/p>\n\n\n\n<p>\u201cAprend\u00ed. Comet\u00ed errores, pero aprend\u00ed. Viv\u00ed la lecci\u00f3n, hasta el \u00faltimo cap\u00edtulo\u00bb.<\/p>\n\n\n\n<p><strong>CATECISMO FRANCISCANO DE SAN NORO\u00d1A.<\/strong><\/p>\n\n\n\n<p>Y como dicen por ah\u00ed, ya entrados en gastos, a continuaci\u00f3n, el Catecismo Franciscano, seg\u00fan San Noro\u00f1a, escrito por el Periodista Carlos Avenda\u00f1o:<\/p>\n\n\n\n<p>B1. Bienaventurados los pobres\u2026 siempre y cuando no me quiten el cr\u00e9dito hipotecario para mi mansi\u00f3n de 12 millones en Tepoztl\u00e1n.<\/p>\n\n\n\n<p>2. El humilde franciscano de anta\u00f1o que no ten\u00eda ni para un caf\u00e9, hoy se ilumina con l\u00e1mparas coloniales en sus 259 metros de construcci\u00f3n, mientras predica en el Senado de la Rep\u00fablica contra la opulencia neoliberal.<\/p>\n\n\n\n<p>3. Cuando Pe\u00f1a Nieto tuvo la Casa Blanca, Noro\u00f1a tronaba: \u201cEsa casa debe donarse para becas estudiantiles. Hoy, con su choza franciscana de 12 millones, el nuevo evangelio es: Mi casa no es lujo, es un espacio de resistencia popular con jacuzzi.<\/p>\n\n\n\n<p>4. Que quede claro: La austeridad republicana es para los dem\u00e1s. Para \u00e9l, la verdadera Cuarta Transformaci\u00f3n consiste en pasar de rentar a ser hipotecario de lujo con vista al Tepozteco.<\/p>\n\n\n\n<p>5. La congruencia pol\u00edtica no muri\u00f3, simplemente fue desalojada\u2026 para que Noro\u00f1a pudiera meter su alberca. Y as\u00ed, entre sermones y escrituras (las inmobiliarias, no las b\u00edblicas), el humilde hijo del pueblo se convierte en el m\u00e1s fiel disc\u00edpulo del santo patrono de la hipocres\u00eda: San Doble Discurso de Tepoztl\u00e1n\u2026<\/p>\n\n\n\n<figure class=\"wp-block-image size-full\"><img decoding=\"async\" width=\"780\" height=\"440\" src=\"https:\/\/losperiodistas.com.mx\/portal\/wp-content\/uploads\/2025\/11\/LA-CASA-DE-NORONA.png\" alt=\"\" class=\"wp-image-110662\" srcset=\"https:\/\/losperiodistas.com.mx\/portal\/wp-content\/uploads\/2025\/11\/LA-CASA-DE-NORONA.png 780w, https:\/\/losperiodistas.com.mx\/portal\/wp-content\/uploads\/2025\/11\/LA-CASA-DE-NORONA-300x169.png 300w, https:\/\/losperiodistas.com.mx\/portal\/wp-content\/uploads\/2025\/11\/LA-CASA-DE-NORONA-768x433.png 768w\" sizes=\"(max-width: 780px) 100vw, 780px\" \/><\/figure>\n\n\n\n<p>En fin, como escribi\u00f3 Patricia Qui\u00f1ones:<\/p>\n\n\n\n<p>Esa escuela sin recreo ni campana,<\/p>\n\n\n\n<p>a la que llamamos vida,<\/p>\n\n\n\n<p>esa que te pone a prueba sin aviso,<\/p>\n\n\n\n<p>donde las lecciones duelen,<\/p>\n\n\n\n<p>y el amor tambi\u00e9n ense\u00f1a.<\/p>\n\n\n\n<p>raultorress@hotmail.com<\/p>\n\n\n\n<hr class=\"wp-block-separator has-alpha-channel-opacity\"\/>\n\n\n\n<p><strong>+ OPINI\u00d3N : Las opiniones expresadas son responsabilidad del autor<\/strong><\/p>\n","protected":false},"excerpt":{"rendered":"<p>*El Catecismo Franciscano de San Noro\u00f1a Por Ra\u00fal Torres Salmer\u00f3n \/ Sin L\u00edmites En la escuela de la vida, nadie [&hellip;]<\/p>\n","protected":false},"author":1,"featured_media":110661,"comment_status":"open","ping_status":"open","sticky":false,"template":"","format":"standard","meta":{"site-sidebar-layout":"default","site-content-layout":"","ast-site-content-layout":"default","site-content-style":"default","site-sidebar-style":"default","ast-global-header-display":"","ast-banner-title-visibility":"","ast-main-header-display":"","ast-hfb-above-header-display":"","ast-hfb-below-header-display":"","ast-hfb-mobile-header-display":"","site-post-title":"","ast-breadcrumbs-content":"","ast-featured-img":"","footer-sml-layout":"","theme-transparent-header-meta":"","adv-header-id-meta":"","stick-header-meta":"","header-above-stick-meta":"","header-main-stick-meta":"","header-below-stick-meta":"","astra-migrate-meta-layouts":"default","ast-page-background-enabled":"default","ast-page-background-meta":{"desktop":{"background-color":"var(--ast-global-color-4)","background-image":"","background-repeat":"repeat","background-position":"center center","background-size":"auto","background-attachment":"scroll","background-type":"","background-media":"","overlay-type":"","overlay-color":"","overlay-opacity":"","overlay-gradient":""},"tablet":{"background-color":"","background-image":"","background-repeat":"repeat","background-position":"center center","background-size":"auto","background-attachment":"scroll","background-type":"","background-media":"","overlay-type":"","overlay-color":"","overlay-opacity":"","overlay-gradient":""},"mobile":{"background-color":"","background-image":"","background-repeat":"repeat","background-position":"center center","background-size":"auto","background-attachment":"scroll","background-type":"","background-media":"","overlay-type":"","overlay-color":"","overlay-opacity":"","overlay-gradient":""}},"ast-content-background-meta":{"desktop":{"background-color":"var(--ast-global-color-5)","background-image":"","background-repeat":"repeat","background-position":"center center","background-size":"auto","background-attachment":"scroll","background-type":"","background-media":"","overlay-type":"","overlay-color":"","overlay-opacity":"","overlay-gradient":""},"tablet":{"background-color":"var(--ast-global-color-5)","background-image":"","background-repeat":"repeat","background-position":"center center","background-size":"auto","background-attachment":"scroll","background-type":"","background-media":"","overlay-type":"","overlay-color":"","overlay-opacity":"","overlay-gradient":""},"mobile":{"background-color":"var(--ast-global-color-5)","background-image":"","background-repeat":"repeat","background-position":"center center","background-size":"auto","background-attachment":"scroll","background-type":"","background-media":"","overlay-type":"","overlay-color":"","overlay-opacity":"","overlay-gradient":""}},"footnotes":""},"categories":[8,22,19],"tags":[43390,43391],"class_list":["post-110660","post","type-post","status-publish","format-standard","has-post-thumbnail","hentry","category-noticias","category-opinion-invitada","category-sin-limites-2","tag-catecismo-franciscano-de-san-norona","tag-la-escuela-de-la-vida"],"_links":{"self":[{"href":"https:\/\/losperiodistas.com.mx\/portal\/wp-json\/wp\/v2\/posts\/110660","targetHints":{"allow":["GET"]}}],"collection":[{"href":"https:\/\/losperiodistas.com.mx\/portal\/wp-json\/wp\/v2\/posts"}],"about":[{"href":"https:\/\/losperiodistas.com.mx\/portal\/wp-json\/wp\/v2\/types\/post"}],"author":[{"embeddable":true,"href":"https:\/\/losperiodistas.com.mx\/portal\/wp-json\/wp\/v2\/users\/1"}],"replies":[{"embeddable":true,"href":"https:\/\/losperiodistas.com.mx\/portal\/wp-json\/wp\/v2\/comments?post=110660"}],"version-history":[{"count":1,"href":"https:\/\/losperiodistas.com.mx\/portal\/wp-json\/wp\/v2\/posts\/110660\/revisions"}],"predecessor-version":[{"id":110663,"href":"https:\/\/losperiodistas.com.mx\/portal\/wp-json\/wp\/v2\/posts\/110660\/revisions\/110663"}],"wp:featuredmedia":[{"embeddable":true,"href":"https:\/\/losperiodistas.com.mx\/portal\/wp-json\/wp\/v2\/media\/110661"}],"wp:attachment":[{"href":"https:\/\/losperiodistas.com.mx\/portal\/wp-json\/wp\/v2\/media?parent=110660"}],"wp:term":[{"taxonomy":"category","embeddable":true,"href":"https:\/\/losperiodistas.com.mx\/portal\/wp-json\/wp\/v2\/categories?post=110660"},{"taxonomy":"post_tag","embeddable":true,"href":"https:\/\/losperiodistas.com.mx\/portal\/wp-json\/wp\/v2\/tags?post=110660"}],"curies":[{"name":"wp","href":"https:\/\/api.w.org\/{rel}","templated":true}]}}