{"id":110461,"date":"2025-11-14T21:18:04","date_gmt":"2025-11-15T03:18:04","guid":{"rendered":"https:\/\/losperiodistas.com.mx\/portal\/?p=110461"},"modified":"2025-11-14T21:18:06","modified_gmt":"2025-11-15T03:18:06","slug":"salinas-pliego-debera-pagar-48-mil-mdp-al-sat-el-universal","status":"publish","type":"post","link":"https:\/\/losperiodistas.com.mx\/portal\/salinas-pliego-debera-pagar-48-mil-mdp-al-sat-el-universal\/","title":{"rendered":"Salinas Pliego deber\u00e1 pagar 48 mil mdp al SAT | El Universal"},"content":{"rendered":"\n<p>Por unanimidad, el pleno de la Suprema Corte de Justicia de la Naci\u00f3n rechaza amparos promovidos por el empresario; es un d\u00eda negro para la justicia, afirma Grupo Salinas<\/p>\n\n\n\n<figure class=\"wp-block-image size-large\"><img fetchpriority=\"high\" decoding=\"async\" width=\"1024\" height=\"619\" src=\"https:\/\/losperiodistas.com.mx\/portal\/wp-content\/uploads\/2025\/11\/Ministros-1024x619.png\" alt=\"\" class=\"wp-image-110462\" srcset=\"https:\/\/losperiodistas.com.mx\/portal\/wp-content\/uploads\/2025\/11\/Ministros-1024x619.png 1024w, https:\/\/losperiodistas.com.mx\/portal\/wp-content\/uploads\/2025\/11\/Ministros-300x181.png 300w, https:\/\/losperiodistas.com.mx\/portal\/wp-content\/uploads\/2025\/11\/Ministros-768x465.png 768w, https:\/\/losperiodistas.com.mx\/portal\/wp-content\/uploads\/2025\/11\/Ministros.png 1245w\" sizes=\"(max-width: 1024px) 100vw, 1024px\" \/><figcaption class=\"wp-element-caption\">Todos los ministros votaron a favor de desechar los recursos de impugnaci\u00f3n que Grupo Salinas interpuso. Foto: de CARLOS MEJ\u00cdA. EL UNIVERSAL<\/figcaption><\/figure>\n\n\n\n<p class=\"has-vivid-red-color has-text-color has-link-color wp-elements-17cae358cca8a3012e1bf4d6d2246b23\">Manuel Espino \/ El Universal<\/p>\n\n\n\n<p>En una de sus resoluciones m\u00e1s importantes despu\u00e9s de su instalaci\u00f3n en septiembre pasado, el pleno de la <strong>Suprema Corte de Justicia de la Naci\u00f3n<\/strong> desech\u00f3 siete amparos que promovi\u00f3 el empresario <strong>Ricardo Salinas Pliego,<\/strong> con lo que lo obliga a que pague m\u00e1s de 48 mil millones de pesos correspondientes a siete <strong>cr\u00e9ditos fiscales.<\/strong><\/p>\n\n\n\n<p>Por unanimidad, los <strong>nueve ministros de la Corte <\/strong>determinaron que <strong>Elektra <\/strong>debe pagar 43 mil 263 millones de pesos y Televisi\u00f3n Azteca 5 mil 63 millones de pesos, lo que suma 48 mil 326 millones de pesos por Impuesto sobre la Renta (<strong>ISR<\/strong>), actualizaciones, recargos y multas de los ejercicios fiscales de 2008 al 2013.<\/p>\n\n\n\n<p><strong>Grupo Salinas<\/strong> asegur\u00f3 que fue un d\u00eda negro para la <strong>justicia <\/strong>y el<strong> Estado de derecho<\/strong> y argument\u00f3 que se trat\u00f3 de una medida aprobada por consigna, enviada desde el gobierno. Acus\u00f3 que se trata de <strong>acoso pol\u00edtico <\/strong>y adelant\u00f3 que acudir\u00e1 a<strong> tribunales internacionales<\/strong>. La presidenta Claudia Sheinbaum revir\u00f3: \u201cMejor pagar sus impuestos en vez de andar pagando campa\u00f1as en redes\u201d.<\/p>\n\n\n\n<p>Lo anterior, tras desechar <strong>siete amparos <\/strong>de dichas empresas para impugnar <strong>sentencias de tribunales <\/strong>que confirmaron los <strong>adeudos fiscales <\/strong>en diferentes a\u00f1os del empresario que decidi\u00f3 retar al gobierno de la <strong>Cuarta Transformaci\u00f3n<\/strong>.<\/p>\n\n\n\n<p>Por unanimidad de votos, en sesi\u00f3n realizada ayer, los ministros y ministras establecieron que los recursos del <strong>Grupo Salinas<\/strong> carec\u00edan de <strong>inter\u00e9s excepcional <\/strong>y ninguno planteaba alg\u00fan tema de constitucionalidad para ser revisado por la <strong>Suprema Corte.<\/strong><\/p>\n\n\n\n<p>Al presentar uno de los proyectos, sobre un amparo de Elektra contra el pago de mil 306 millones 476 mil 349 pesos, el ministro Ar\u00edstides Rodrigo Guerrero Garc\u00eda afirm\u00f3 que este recurso no debi\u00f3 ser admitido por la expresidenta de la Corte, <strong>Norma Luc\u00eda Pi\u00f1a Hern\u00e1ndez,<\/strong> \u201ctoda vez que a pesar de que est\u00e1 involucrado un tema de constitucionalidad de normas generales, carece de excepcionalidad porque ya existen precedentes de esta Corte que resuelven las problem\u00e1ticas que se encuentran planteadas\u201d.<\/p>\n\n\n\n<p>En un hecho sin precedente en la Suprema Corte, Guerrero Garc\u00eda se apoy\u00f3 de una <strong>presentaci\u00f3n digital <\/strong>para explicar la secuela procesal de dicho amparo, \u201cen un ejercicio de <strong>transparencia judicial<\/strong>\u201d.<\/p>\n\n\n\n<p>\u201cMe voy a permitir presentar algunas l\u00e1minas en las cuales se presenta la cadena impugnativa y, adicionalmente, van a poder encontrar en la parte inferior de esas l\u00e1minas un c\u00f3digo QR, y al capturar ese c\u00f3digo QR se va a descargar el proyecto de la sentencia\u201d, dijo.<\/p>\n\n\n\n<p>Derivado de lo anterior, el pleno revoc\u00f3 la admisi\u00f3n y, en consecuencia, desech\u00f3 el amparo directo en revisi\u00f3n de <strong>Elektra<\/strong>. Al respecto, el presidente de la Corte, ministro <strong>Hugo Aguilar Ortiz,<\/strong> se\u00f1al\u00f3 que el mencionado asunto fue ampliamente litigado, pues el equipo de <strong>abogados de Salinas Pliego <\/strong>promovi\u00f3 \u201c28 recursos, 13 recursos de reclamaci\u00f3n, tres solicitudes de facultad de atracci\u00f3n, dos conflictos competenciales\u201d.<\/p>\n\n\n\n<p>Irving Espinosa Betanzo, <strong>Ar\u00edstides Guerrero Garc\u00eda<\/strong>, Mar\u00eda Estela R\u00edos Gonz\u00e1lez, Yasm\u00edn Esquivel Mossa, Loretta Ortiz y el presidente Hugo Aguilar Ortiz fueron los ministros que presentaron los proyectos de sentencia contra las <strong>empresas de Salinas Pliego.<\/strong><\/p>\n\n\n\n<p>Durante la sesi\u00f3n, los ministros determinaron que las ministras<strong> Lenia Batres Guadarrama<\/strong> y <strong>Yasm\u00edn Esquivel Mossa<\/strong> no estaban impedidas para participar en la discusi\u00f3n de los amparos, pues los comentarios que hicieron no constitu\u00edan un prejuzgamiento. En el caso concreto de Batres Guadarrama, quien hace algunos a\u00f1os realiz\u00f3 comentarios contra <strong>Salinas Pliego<\/strong>, Aguilar Ortiz afirm\u00f3 que dichas expresiones ocurrieron antes de que fuera ministra de la SCJN.<\/p>\n\n\n\n<p>\u201cEn el caso de las ministras <strong>Yasm\u00edn Esquivel Mossa <\/strong>y Lenia Batres Guadarrama, lo que se les atribuye son opiniones que nada tienen que ver con la controversia que se plantea, creo que esa es la parte medular, con independencia de si es antes o despu\u00e9s del ejercicio de su cargo, lo medular es que no hay un pronunciamiento, no hay un adelanto relacionado con el asunto que se ventila en el expediente principal\u201d, dijo.<\/p>\n\n\n\n<p>En un pronunciamiento individual y visiblemente contenta, Batres dijo que espera que la<strong> nueva Suprema Corte <\/strong>se siga conduciendo as\u00ed, \u201csin estar en coalici\u00f3n de intereses, que suced\u00eda mucho en la <strong>Corte <\/strong>anterior, parec\u00eda m\u00e1s, a veces, de un ministro o ministra defensores de intereses de particulares&#8230; m\u00e1s que ministros obligados a impartir justicia (&#8230;)\u201d.<\/p>\n\n\n\n<p>\u201cYo espero que siga sucediendo eso, no siempre es f\u00e1cil resolver en este tipo de <strong>cuerpos colegiados,<\/strong> no siempre se conducen todos sus integrantes resguardando el inter\u00e9s p\u00fablico, resguardando el <strong>inter\u00e9s social<\/strong>, cuidando los recursos que son los que se pagan al fisco, que deben estar destinados a cubrir las necesidades de la poblaci\u00f3n\u201d, agreg\u00f3.<\/p>\n\n\n\n<p>Inicialmente, <strong>Grupo Salinas <\/strong>impugn\u00f3 el pago de 33 mil 477 millones de pesos en siete litigios, recursos que se incrementaron por actualizaciones, recargos y multas.<\/p>\n\n\n\n<p>Todav\u00eda quedan pendientes de resoluci\u00f3n dos recursos que est\u00e1n en la ponencia de la <strong>ministra Lenia Batres Guadarrama<\/strong>, quien celebr\u00f3 el rev\u00e9s al empresario Ricardo Salinas Pliego.<\/p>\n\n\n\n<p>\u201cEste tipo de resoluciones son posibles porque hay un pleno que funciona de manera transparente, porque est\u00e1 obligado a resolver en sesiones p\u00fablicas\u201d, dijo.<\/p>\n\n\n\n<p>Fuente: <a href=\"https:\/\/www.eluniversal.com.mx\/nacion\/salinas-pliego-debera-pagar-48-mil-mdp-al-sat\/\" target=\"_blank\" rel=\"noreferrer noopener\">El Universal<\/a><\/p>\n","protected":false},"excerpt":{"rendered":"<p>Por unanimidad, el pleno de la Suprema Corte de Justicia de la Naci\u00f3n rechaza amparos promovidos por el empresario; es un d\u00eda negro para la justicia, afirma Grupo Salinas <\/p>\n","protected":false},"author":1,"featured_media":110462,"comment_status":"open","ping_status":"open","sticky":false,"template":"","format":"standard","meta":{"site-sidebar-layout":"default","site-content-layout":"","ast-site-content-layout":"default","site-content-style":"default","site-sidebar-style":"default","ast-global-header-display":"","ast-banner-title-visibility":"","ast-main-header-display":"","ast-hfb-above-header-display":"","ast-hfb-below-header-display":"","ast-hfb-mobile-header-display":"","site-post-title":"","ast-breadcrumbs-content":"","ast-featured-img":"","footer-sml-layout":"","theme-transparent-header-meta":"","adv-header-id-meta":"","stick-header-meta":"","header-above-stick-meta":"","header-main-stick-meta":"","header-below-stick-meta":"","astra-migrate-meta-layouts":"default","ast-page-background-enabled":"default","ast-page-background-meta":{"desktop":{"background-color":"var(--ast-global-color-4)","background-image":"","background-repeat":"repeat","background-position":"center center","background-size":"auto","background-attachment":"scroll","background-type":"","background-media":"","overlay-type":"","overlay-color":"","overlay-opacity":"","overlay-gradient":""},"tablet":{"background-color":"","background-image":"","background-repeat":"repeat","background-position":"center center","background-size":"auto","background-attachment":"scroll","background-type":"","background-media":"","overlay-type":"","overlay-color":"","overlay-opacity":"","overlay-gradient":""},"mobile":{"background-color":"","background-image":"","background-repeat":"repeat","background-position":"center center","background-size":"auto","background-attachment":"scroll","background-type":"","background-media":"","overlay-type":"","overlay-color":"","overlay-opacity":"","overlay-gradient":""}},"ast-content-background-meta":{"desktop":{"background-color":"var(--ast-global-color-5)","background-image":"","background-repeat":"repeat","background-position":"center center","background-size":"auto","background-attachment":"scroll","background-type":"","background-media":"","overlay-type":"","overlay-color":"","overlay-opacity":"","overlay-gradient":""},"tablet":{"background-color":"var(--ast-global-color-5)","background-image":"","background-repeat":"repeat","background-position":"center center","background-size":"auto","background-attachment":"scroll","background-type":"","background-media":"","overlay-type":"","overlay-color":"","overlay-opacity":"","overlay-gradient":""},"mobile":{"background-color":"var(--ast-global-color-5)","background-image":"","background-repeat":"repeat","background-position":"center center","background-size":"auto","background-attachment":"scroll","background-type":"","background-media":"","overlay-type":"","overlay-color":"","overlay-opacity":"","overlay-gradient":""}},"footnotes":""},"categories":[8],"tags":[23639,43265,29212,2759,1136,26192],"class_list":["post-110461","post","type-post","status-publish","format-standard","has-post-thumbnail","hentry","category-noticias","tag-grupo-salinas","tag-multa-millonaria","tag-salinas-pliego","tag-sat","tag-scjn","tag-suprema-corte"],"_links":{"self":[{"href":"https:\/\/losperiodistas.com.mx\/portal\/wp-json\/wp\/v2\/posts\/110461","targetHints":{"allow":["GET"]}}],"collection":[{"href":"https:\/\/losperiodistas.com.mx\/portal\/wp-json\/wp\/v2\/posts"}],"about":[{"href":"https:\/\/losperiodistas.com.mx\/portal\/wp-json\/wp\/v2\/types\/post"}],"author":[{"embeddable":true,"href":"https:\/\/losperiodistas.com.mx\/portal\/wp-json\/wp\/v2\/users\/1"}],"replies":[{"embeddable":true,"href":"https:\/\/losperiodistas.com.mx\/portal\/wp-json\/wp\/v2\/comments?post=110461"}],"version-history":[{"count":1,"href":"https:\/\/losperiodistas.com.mx\/portal\/wp-json\/wp\/v2\/posts\/110461\/revisions"}],"predecessor-version":[{"id":110463,"href":"https:\/\/losperiodistas.com.mx\/portal\/wp-json\/wp\/v2\/posts\/110461\/revisions\/110463"}],"wp:featuredmedia":[{"embeddable":true,"href":"https:\/\/losperiodistas.com.mx\/portal\/wp-json\/wp\/v2\/media\/110462"}],"wp:attachment":[{"href":"https:\/\/losperiodistas.com.mx\/portal\/wp-json\/wp\/v2\/media?parent=110461"}],"wp:term":[{"taxonomy":"category","embeddable":true,"href":"https:\/\/losperiodistas.com.mx\/portal\/wp-json\/wp\/v2\/categories?post=110461"},{"taxonomy":"post_tag","embeddable":true,"href":"https:\/\/losperiodistas.com.mx\/portal\/wp-json\/wp\/v2\/tags?post=110461"}],"curies":[{"name":"wp","href":"https:\/\/api.w.org\/{rel}","templated":true}]}}