{"id":110450,"date":"2025-11-14T20:36:16","date_gmt":"2025-11-15T02:36:16","guid":{"rendered":"https:\/\/losperiodistas.com.mx\/portal\/?p=110450"},"modified":"2025-11-14T20:36:18","modified_gmt":"2025-11-15T02:36:18","slug":"trump-reduce-aranceles-al-cafe-la-carne-de-res-y-las-frutas-mientras-crecen-preocupaciones-por-asequibilidad-en-ee-uu","status":"publish","type":"post","link":"https:\/\/losperiodistas.com.mx\/portal\/trump-reduce-aranceles-al-cafe-la-carne-de-res-y-las-frutas-mientras-crecen-preocupaciones-por-asequibilidad-en-ee-uu\/","title":{"rendered":"Trump reduce aranceles al caf\u00e9, la carne de res y las frutas, mientras crecen preocupaciones por asequibilidad en EE.UU."},"content":{"rendered":"\n<figure class=\"wp-block-image size-large\"><img fetchpriority=\"high\" decoding=\"async\" width=\"1024\" height=\"576\" src=\"https:\/\/losperiodistas.com.mx\/portal\/wp-content\/uploads\/2025\/11\/TrumpAranceles-1024x576.png\" alt=\"\" class=\"wp-image-110451\" srcset=\"https:\/\/losperiodistas.com.mx\/portal\/wp-content\/uploads\/2025\/11\/TrumpAranceles-1024x576.png 1024w, https:\/\/losperiodistas.com.mx\/portal\/wp-content\/uploads\/2025\/11\/TrumpAranceles-300x169.png 300w, https:\/\/losperiodistas.com.mx\/portal\/wp-content\/uploads\/2025\/11\/TrumpAranceles-768x432.png 768w, https:\/\/losperiodistas.com.mx\/portal\/wp-content\/uploads\/2025\/11\/TrumpAranceles.png 1309w\" sizes=\"(max-width: 1024px) 100vw, 1024px\" \/><\/figure>\n\n\n\n<p class=\"has-vivid-red-color has-text-color has-link-color wp-elements-9034181dddcdd8c76fbf0d044532e311\">Elisabeth Buchwald \/ CNN<\/p>\n\n\n\n<p>El presidente Donald Trump firm\u00f3 este viernes un decreto que reduce retroactivamente los aranceles sobre la carne de res, tomates, caf\u00e9 y pl\u00e1tanos, entre otras importaciones agr\u00edcolas, con efecto retroactivo al jueves.<\/p>\n\n\n\n<p>El decreto que firm\u00f3 Trump excluye estos productos de las tasas de aranceles \u201crec\u00edprocos\u201d, que comienzan en un 10 % y pueden llegar hasta un 50 %. Sin embargo, el decreto no exime completamente a estos productos de los aranceles.<\/p>\n\n\n\n<p>Por ejemplo, los tomates de M\u00e9xico, un importante proveedor de Estados Unidos, seguir\u00e1n estando sujetos a un arancel del 17 %. Esa tasa entr\u00f3 en vigor en julio despu\u00e9s de que expirara un acuerdo comercial que ten\u00eda casi tres d\u00e9cadas de antig\u00fcedad. Los precios de los tomates aumentaron casi de inmediato despu\u00e9s de que se implementaran esos aranceles.<\/p>\n\n\n\n<p>Muchos de los productos b\u00e1sicos que ya no enfrentar\u00e1n aranceles \u201crec\u00edprocos\u201d han experimentado algunos de los mayores aumentos de precios desde que Trump asumi\u00f3 el cargo, en parte debido a los aranceles que impuso y a la falta de suministro nacional suficiente.<\/p>\n\n\n\n<p>Por ejemplo, Brasil, el principal proveedor de caf\u00e9 a Estados Unidos, ha enfrentado aranceles del 50 % desde agosto. Los consumidores pagaron casi un 20 % m\u00e1s por el caf\u00e9 en septiembre en comparaci\u00f3n con el a\u00f1o anterior, seg\u00fan datos del \u00cdndice de Precios al Consumidor.<\/p>\n\n\n\n<p>La medida se produce despu\u00e9s de que los votantes expresaran su frustraci\u00f3n con el estado de la econom\u00eda en encuestas a boca de urna a principios de este mes, votando por los dem\u00f3cratas en elecciones intermedias en varios estados.<\/p>\n\n\n\n<p>Al anticipar el decreto de este viernes, el secretario del Tesoro, Scott Bessent, dijo a principios de esta semana que las medidas estaban dirigidas a productos \u201cque no cultivamos aqu\u00ed en Estados Unidos\u201d, refiri\u00e9ndose al caf\u00e9 y los pl\u00e1tanos. (Aunque el caf\u00e9 se cultiva en algunas partes del pa\u00eds, en su mayor\u00eda se importa).<\/p>\n\n\n\n<p>M\u00e1s temprano este viernes, el Gobierno de Trump y el Gobierno de Suiza anunciaron un nuevo marco comercial que prev\u00e9 reducir los aranceles sobre los productos de Suiza al 15 % desde el 39 %, una tasa que estaba entre las m\u00e1s altas de todos los pa\u00edses con los que comercia Estados Unidos.<\/p>\n\n\n\n<p>Fuente: <a href=\"https:\/\/cnnespanol.cnn.com\/2025\/11\/14\/eeuu\/trump-reduce-aranceles-cafe-carne-de-res-frutas-trax\" target=\"_blank\" rel=\"noreferrer noopener\">CNN<\/a><\/p>\n","protected":false},"excerpt":{"rendered":"<p>Elisabeth Buchwald \/ CNN El presidente Donald Trump firm\u00f3 este viernes un decreto que reduce retroactivamente los aranceles sobre la [&hellip;]<\/p>\n","protected":false},"author":1,"featured_media":110451,"comment_status":"open","ping_status":"open","sticky":false,"template":"","format":"standard","meta":{"site-sidebar-layout":"default","site-content-layout":"","ast-site-content-layout":"default","site-content-style":"default","site-sidebar-style":"default","ast-global-header-display":"","ast-banner-title-visibility":"","ast-main-header-display":"","ast-hfb-above-header-display":"","ast-hfb-below-header-display":"","ast-hfb-mobile-header-display":"","site-post-title":"","ast-breadcrumbs-content":"","ast-featured-img":"","footer-sml-layout":"","theme-transparent-header-meta":"","adv-header-id-meta":"","stick-header-meta":"","header-above-stick-meta":"","header-main-stick-meta":"","header-below-stick-meta":"","astra-migrate-meta-layouts":"default","ast-page-background-enabled":"default","ast-page-background-meta":{"desktop":{"background-color":"var(--ast-global-color-4)","background-image":"","background-repeat":"repeat","background-position":"center center","background-size":"auto","background-attachment":"scroll","background-type":"","background-media":"","overlay-type":"","overlay-color":"","overlay-opacity":"","overlay-gradient":""},"tablet":{"background-color":"","background-image":"","background-repeat":"repeat","background-position":"center center","background-size":"auto","background-attachment":"scroll","background-type":"","background-media":"","overlay-type":"","overlay-color":"","overlay-opacity":"","overlay-gradient":""},"mobile":{"background-color":"","background-image":"","background-repeat":"repeat","background-position":"center center","background-size":"auto","background-attachment":"scroll","background-type":"","background-media":"","overlay-type":"","overlay-color":"","overlay-opacity":"","overlay-gradient":""}},"ast-content-background-meta":{"desktop":{"background-color":"var(--ast-global-color-5)","background-image":"","background-repeat":"repeat","background-position":"center center","background-size":"auto","background-attachment":"scroll","background-type":"","background-media":"","overlay-type":"","overlay-color":"","overlay-opacity":"","overlay-gradient":""},"tablet":{"background-color":"var(--ast-global-color-5)","background-image":"","background-repeat":"repeat","background-position":"center center","background-size":"auto","background-attachment":"scroll","background-type":"","background-media":"","overlay-type":"","overlay-color":"","overlay-opacity":"","overlay-gradient":""},"mobile":{"background-color":"var(--ast-global-color-5)","background-image":"","background-repeat":"repeat","background-position":"center center","background-size":"auto","background-attachment":"scroll","background-type":"","background-media":"","overlay-type":"","overlay-color":"","overlay-opacity":"","overlay-gradient":""}},"footnotes":""},"categories":[8],"tags":[17118,1869,43259,10989],"class_list":["post-110450","post","type-post","status-publish","format-standard","has-post-thumbnail","hentry","category-noticias","tag-aranceles","tag-cafe","tag-carne-de-res","tag-trump"],"_links":{"self":[{"href":"https:\/\/losperiodistas.com.mx\/portal\/wp-json\/wp\/v2\/posts\/110450","targetHints":{"allow":["GET"]}}],"collection":[{"href":"https:\/\/losperiodistas.com.mx\/portal\/wp-json\/wp\/v2\/posts"}],"about":[{"href":"https:\/\/losperiodistas.com.mx\/portal\/wp-json\/wp\/v2\/types\/post"}],"author":[{"embeddable":true,"href":"https:\/\/losperiodistas.com.mx\/portal\/wp-json\/wp\/v2\/users\/1"}],"replies":[{"embeddable":true,"href":"https:\/\/losperiodistas.com.mx\/portal\/wp-json\/wp\/v2\/comments?post=110450"}],"version-history":[{"count":1,"href":"https:\/\/losperiodistas.com.mx\/portal\/wp-json\/wp\/v2\/posts\/110450\/revisions"}],"predecessor-version":[{"id":110452,"href":"https:\/\/losperiodistas.com.mx\/portal\/wp-json\/wp\/v2\/posts\/110450\/revisions\/110452"}],"wp:featuredmedia":[{"embeddable":true,"href":"https:\/\/losperiodistas.com.mx\/portal\/wp-json\/wp\/v2\/media\/110451"}],"wp:attachment":[{"href":"https:\/\/losperiodistas.com.mx\/portal\/wp-json\/wp\/v2\/media?parent=110450"}],"wp:term":[{"taxonomy":"category","embeddable":true,"href":"https:\/\/losperiodistas.com.mx\/portal\/wp-json\/wp\/v2\/categories?post=110450"},{"taxonomy":"post_tag","embeddable":true,"href":"https:\/\/losperiodistas.com.mx\/portal\/wp-json\/wp\/v2\/tags?post=110450"}],"curies":[{"name":"wp","href":"https:\/\/api.w.org\/{rel}","templated":true}]}}