{"id":110444,"date":"2025-11-14T10:47:34","date_gmt":"2025-11-14T16:47:34","guid":{"rendered":"https:\/\/losperiodistas.com.mx\/portal\/?p=110444"},"modified":"2025-11-14T10:47:35","modified_gmt":"2025-11-14T16:47:35","slug":"opinion-es-tiempo-de-las-mujeres-en-el-pri-delfina-pozos","status":"publish","type":"post","link":"https:\/\/losperiodistas.com.mx\/portal\/opinion-es-tiempo-de-las-mujeres-en-el-pri-delfina-pozos\/","title":{"rendered":"Opini\u00f3n | Es tiempo de las mujeres en el PRI: Delfina Pozos"},"content":{"rendered":"\n<p class=\"has-medium-font-size\">*Morena est\u00e1 perdiendo votos, asegura; Antorcha es la alternativa: Aquiles C\u00f3rdova<\/p>\n\n\n\n<figure class=\"wp-block-image size-large\"><img fetchpriority=\"high\" decoding=\"async\" width=\"1024\" height=\"682\" src=\"https:\/\/losperiodistas.com.mx\/portal\/wp-content\/uploads\/2025\/11\/TRADICIONAL-REUNION-DE-ANTORCHA-1024x682.jpg\" alt=\"\" class=\"wp-image-110445\" srcset=\"https:\/\/losperiodistas.com.mx\/portal\/wp-content\/uploads\/2025\/11\/TRADICIONAL-REUNION-DE-ANTORCHA-1024x682.jpg 1024w, https:\/\/losperiodistas.com.mx\/portal\/wp-content\/uploads\/2025\/11\/TRADICIONAL-REUNION-DE-ANTORCHA-300x200.jpg 300w, https:\/\/losperiodistas.com.mx\/portal\/wp-content\/uploads\/2025\/11\/TRADICIONAL-REUNION-DE-ANTORCHA-768x512.jpg 768w, https:\/\/losperiodistas.com.mx\/portal\/wp-content\/uploads\/2025\/11\/TRADICIONAL-REUNION-DE-ANTORCHA.jpg 1280w\" sizes=\"(max-width: 1024px) 100vw, 1024px\" \/><\/figure>\n\n\n\n<p class=\"has-vivid-red-color has-text-color has-link-color has-medium-font-size wp-elements-4865f9003ac6cfcf5a7f44570e7f0aa1\"><strong><em>Por Ra\u00fal Torres Salmer\u00f3n \/ Sin L\u00edmites<\/em><\/strong><\/p>\n\n\n\n<p>La Diputada Local del PRI, la \u00fanica por cierto en el Congreso del Estado y actual Secretaria General del Comit\u00e9 Estatal, Delfina Pozos Vergara, en reuni\u00f3n con columnistas dio a conocer su postura respecto a la elecci\u00f3n de la pr\u00f3xima dirigencia, la actual pol\u00edtica estatal, su desempe\u00f1o legislativo y sus constantes recorridos por Puebla Capital y municipios.<\/p>\n\n\n\n<p>En el Caf\u00e9 Aguirre de la 4 Norte en el Centro Hist\u00f3rico, manifest\u00f3 que el PRI no desaparecer\u00e1, al contrario, est\u00e1 en etapa de crecimiento.<\/p>\n\n\n\n<p>Las siguientes fueron sus palabras en la reuni\u00f3n:<\/p>\n\n\n\n<p>-Aunque me anot\u00e9 en la lista de aspirantes a la dirigencia, no me quita el sue\u00f1o no llegar, pero creo que debe haber una elecci\u00f3n democr\u00e1tica. No me obsesiona llegar a la dirigencia, pero creo que en el PRI es el tiempo de las mujeres.<\/p>\n\n\n\n<p>-En el retraso de la elecci\u00f3n del nuevo Presidente poblano, pienso que el PRI est\u00e1 hoy en un proceso de reestructuraci\u00f3n de los comit\u00e9s seccionales y municipales y creo que no se quiere interrumpir.<\/p>\n\n\n\n<p>-En mis recorridos por el Estado de Puebla, he encontrado a muchas personas que siguen creyendo en el PRI. Lo identifican como el creador de las instituciones de M\u00e9xico, pero tambi\u00e9n han se\u00f1alado la corrupci\u00f3n.<\/p>\n\n\n\n<p>-El PRI no va a desaparecer. No peleamos la p\u00e9rdida del registro, al contrario, ir\u00e1 en aumento el n\u00famero de votos en cada elecci\u00f3n. Desde ahora estamos en la b\u00fasqueda de candidatos para las pr\u00f3ximas elecciones.<\/p>\n\n\n\n<p>-En esos recorridos que hago ya no veo la misma simpat\u00eda y pasi\u00f3n por los morenistas; en cambio veo que hay todav\u00eda muchos simpatizantes del PRI, est\u00e1n conscientes de que el PRI construy\u00f3 las bases y las instituciones del pa\u00eds.<\/p>\n\n\n\n<p>-Soy una mujer que no es sumisa ni que se deja intimidar por al grupo parlamentario de Morena y sus aliados cuando he demostrado que el PRI es la verdadera oposici\u00f3n en el Congreso.<\/p>\n\n\n\n<p>-Hay numerosos asaltos y robos en todo el Estado, en la Sierra Norte, en la Mixteca, en San Mart\u00edn Texmelucan y otros lugares. La percepci\u00f3n de los ciudadanos es grande porque se sienten inseguros y hay que decirlo.<\/p>\n\n\n\n<p>-Los funcionarios, los legisladores, los pol\u00edticos de Morena y sus aliados est\u00e1n enfermos de soberbia, de poder, no les importa la gente. Los malos pol\u00edticos que hab\u00eda en el PRI est\u00e1n en Murena.<\/p>\n\n\n\n<p>-El sistema pol\u00edtico morenista intenta acabar y acallar a los opositores. Es urgente levantar la voz porque los ciudadanos est\u00e1n sufriendo y han sido enga\u00f1ados con tantas mentiras.<\/p>\n\n\n\n<p>-Los partidos Morena, y sus aliados el PT y el Verde han adoptado en mi contra actitudes intimidatorias. No me voy a quedar sentada en el Congreso y aplaudirles; mi trabajo como oposici\u00f3n es decir en p\u00fablico lo que me dicen cientos de personas.<\/p>\n\n\n\n<p>-Cuando dejas de pensar y actuar como un ser humano, te conviertes en un pol\u00edtico que se aleja de la gente. Tengo un compromiso conmigo misma, para defender a los ciudadanos.<\/p>\n\n\n\n<p>-A la gente les dan dadivas, hay clientelismo pol\u00edtico, cierto les dan dinero, pero lo tienen que pagar en otros rubros como doctores y medicinas y tienen que pagar llantas ponchadas por los baches en Puebla Capital.<\/p>\n\n\n\n<p>-La mala imagen que est\u00e1 creando Morena por la inseguridad y la corrupci\u00f3n, ha hecho que ahora quieren empatar con las elecciones del 2027 el asunto de la Revocaci\u00f3n de Mandato de la Presidenta. Morena era la esperanza en 2018, pero en 2024 hay decepci\u00f3n.<\/p>\n\n\n\n<p>-El PRI tiene que ser oposici\u00f3n, en Puebla y muchas partes de M\u00e9xico; el pa\u00eds no puede quedar sin oposici\u00f3n.<\/p>\n\n\n\n<p>ANTORCHA ES LA ALTERNATIVA<\/p>\n\n\n\n<p>Durante la tradicional Elotiza 2025 realizada en la comunidad de San Juan Amecac, en el Municipio de Atzitzihuac\u00e1n, el l\u00edder nacional del Movimiento Antorchista, Aquiles C\u00f3rdova Mor\u00e1n, hizo un llamado a los militantes a convertirse en guerreros de la palabra y reafirm\u00f3 que Antorcha es la \u00fanica alternativa real ante el fracaso del r\u00e9gimen de la llamada Cuarta Transformaci\u00f3n.<\/p>\n\n\n\n<p>En un mensaje dirigido a l\u00edderes campesinos de la zona del volc\u00e1n Popocat\u00e9petl, subray\u00f3 que la palabra es un arma revolucionaria, capaz de penetrar la conciencia del pueblo y transformarla en fuerza organizada para la liberaci\u00f3n. Antorcha necesita oradores, hombres y mujeres que hablen con ideas revolucionarias; la palabra, usada con inteligencia, puede cambiar la historia.<\/p>\n\n\n\n<p>El dirigente antorchista insisti\u00f3 en que la educaci\u00f3n pol\u00edtica y la formaci\u00f3n cultural son herramientas esenciales para construir una conciencia de clase y romper con la pasividad que impone el sistema.<\/p>\n\n\n\n<p>C\u00f3rdova Mor\u00e1n denunci\u00f3 el fracaso pol\u00edtico, moral y econ\u00f3mico del Gobierno de la 4T, como la desaparici\u00f3n de FONDEN, la falta de prevenci\u00f3n ante los desastres naturales y la creciente inseguridad que demuestran la indiferencia del poder hacia el sufrimiento del pueblo.<\/p>\n\n\n\n<p>A la par, advirti\u00f3 sobre el peligro del ascenso de la ultraderecha, que pretende aprovechar el desencanto popular. El fracaso de la falsa izquierda no debe abrirles paso a los enemigos del pueblo. Debemos trabajar para que el pueblo voltee a ver a Antorcha como la verdadera alternativa popular\u2026<\/p>\n\n\n\n<p>El pa\u00eds vive una de sus crisis m\u00e1s profundas. Solo el pueblo organizado y consciente, con la gu\u00eda de Antorcha, podr\u00e1 salvar a M\u00e9xico, concluy\u00f3 C\u00f3rdova Mor\u00e1n.<\/p>\n\n\n\n<p>En fin, como escribi\u00f3 Gustavo Adolfo B\u00e9cquer (Espa\u00f1a, 1836.1870) en su Rima XXXVIII:<\/p>\n\n\n\n<p>\u00a1Los suspiros son aire y van al aire!<\/p>\n\n\n\n<p>\u00a1Las l\u00e1grimas son agua y van al mar!<\/p>\n\n\n\n<p>dime, mujer, cuando el amor se olvida<\/p>\n\n\n\n<p>\u00bfsabes t\u00fa ad\u00f3nde va?<\/p>\n\n\n\n<p>raultorress@hotmail.com<\/p>\n\n\n\n<hr class=\"wp-block-separator has-alpha-channel-opacity\"\/>\n\n\n\n<p><strong>OPINI\u00d3N : Las opiniones expresadas son responsabilidad del autor<\/strong><\/p>\n","protected":false},"excerpt":{"rendered":"<p>*Morena est\u00e1 perdiendo votos, asegura; Antorcha es la alternativa: Aquiles C\u00f3rdova Por Ra\u00fal Torres Salmer\u00f3n \/ Sin L\u00edmites La Diputada [&hellip;]<\/p>\n","protected":false},"author":1,"featured_media":110445,"comment_status":"open","ping_status":"open","sticky":false,"template":"","format":"standard","meta":{"site-sidebar-layout":"default","site-content-layout":"","ast-site-content-layout":"default","site-content-style":"default","site-sidebar-style":"default","ast-global-header-display":"","ast-banner-title-visibility":"","ast-main-header-display":"","ast-hfb-above-header-display":"","ast-hfb-below-header-display":"","ast-hfb-mobile-header-display":"","site-post-title":"","ast-breadcrumbs-content":"","ast-featured-img":"","footer-sml-layout":"","theme-transparent-header-meta":"","adv-header-id-meta":"","stick-header-meta":"","header-above-stick-meta":"","header-main-stick-meta":"","header-below-stick-meta":"","astra-migrate-meta-layouts":"default","ast-page-background-enabled":"default","ast-page-background-meta":{"desktop":{"background-color":"var(--ast-global-color-4)","background-image":"","background-repeat":"repeat","background-position":"center center","background-size":"auto","background-attachment":"scroll","background-type":"","background-media":"","overlay-type":"","overlay-color":"","overlay-opacity":"","overlay-gradient":""},"tablet":{"background-color":"","background-image":"","background-repeat":"repeat","background-position":"center center","background-size":"auto","background-attachment":"scroll","background-type":"","background-media":"","overlay-type":"","overlay-color":"","overlay-opacity":"","overlay-gradient":""},"mobile":{"background-color":"","background-image":"","background-repeat":"repeat","background-position":"center center","background-size":"auto","background-attachment":"scroll","background-type":"","background-media":"","overlay-type":"","overlay-color":"","overlay-opacity":"","overlay-gradient":""}},"ast-content-background-meta":{"desktop":{"background-color":"var(--ast-global-color-5)","background-image":"","background-repeat":"repeat","background-position":"center center","background-size":"auto","background-attachment":"scroll","background-type":"","background-media":"","overlay-type":"","overlay-color":"","overlay-opacity":"","overlay-gradient":""},"tablet":{"background-color":"var(--ast-global-color-5)","background-image":"","background-repeat":"repeat","background-position":"center center","background-size":"auto","background-attachment":"scroll","background-type":"","background-media":"","overlay-type":"","overlay-color":"","overlay-opacity":"","overlay-gradient":""},"mobile":{"background-color":"var(--ast-global-color-5)","background-image":"","background-repeat":"repeat","background-position":"center center","background-size":"auto","background-attachment":"scroll","background-type":"","background-media":"","overlay-type":"","overlay-color":"","overlay-opacity":"","overlay-gradient":""}},"footnotes":""},"categories":[8,22,19],"tags":[43255,43256,9641],"class_list":["post-110444","post","type-post","status-publish","format-standard","has-post-thumbnail","hentry","category-noticias","category-opinion-invitada","category-sin-limites-2","tag-antorcha-campesina-puebla","tag-delfina-pozos","tag-pri-puebla"],"_links":{"self":[{"href":"https:\/\/losperiodistas.com.mx\/portal\/wp-json\/wp\/v2\/posts\/110444","targetHints":{"allow":["GET"]}}],"collection":[{"href":"https:\/\/losperiodistas.com.mx\/portal\/wp-json\/wp\/v2\/posts"}],"about":[{"href":"https:\/\/losperiodistas.com.mx\/portal\/wp-json\/wp\/v2\/types\/post"}],"author":[{"embeddable":true,"href":"https:\/\/losperiodistas.com.mx\/portal\/wp-json\/wp\/v2\/users\/1"}],"replies":[{"embeddable":true,"href":"https:\/\/losperiodistas.com.mx\/portal\/wp-json\/wp\/v2\/comments?post=110444"}],"version-history":[{"count":1,"href":"https:\/\/losperiodistas.com.mx\/portal\/wp-json\/wp\/v2\/posts\/110444\/revisions"}],"predecessor-version":[{"id":110446,"href":"https:\/\/losperiodistas.com.mx\/portal\/wp-json\/wp\/v2\/posts\/110444\/revisions\/110446"}],"wp:featuredmedia":[{"embeddable":true,"href":"https:\/\/losperiodistas.com.mx\/portal\/wp-json\/wp\/v2\/media\/110445"}],"wp:attachment":[{"href":"https:\/\/losperiodistas.com.mx\/portal\/wp-json\/wp\/v2\/media?parent=110444"}],"wp:term":[{"taxonomy":"category","embeddable":true,"href":"https:\/\/losperiodistas.com.mx\/portal\/wp-json\/wp\/v2\/categories?post=110444"},{"taxonomy":"post_tag","embeddable":true,"href":"https:\/\/losperiodistas.com.mx\/portal\/wp-json\/wp\/v2\/tags?post=110444"}],"curies":[{"name":"wp","href":"https:\/\/api.w.org\/{rel}","templated":true}]}}