{"id":11029,"date":"2021-08-02T05:20:04","date_gmt":"2021-08-02T10:20:04","guid":{"rendered":"http:\/\/losperiodistas.com.mx\/portal\/?p=11029"},"modified":"2021-08-02T05:34:29","modified_gmt":"2021-08-02T10:34:29","slug":"puebla-es-foco-rojo-por-trata-de-personas-en-el-primer-semestre-ocupa-el-cuarto-lugar-nacional-sesnsp-ljo","status":"publish","type":"post","link":"https:\/\/losperiodistas.com.mx\/portal\/puebla-es-foco-rojo-por-trata-de-personas-en-el-primer-semestre-ocupa-el-cuarto-lugar-nacional-sesnsp-ljo\/","title":{"rendered":"Puebla es \u201cfoco rojo\u201d por trata de personas; en el primer semestre ocupa el cuarto lugar nacional: SESNSP | LJO"},"content":{"rendered":"\n<figure class=\"wp-block-image size-large\"><img fetchpriority=\"high\" decoding=\"async\" width=\"904\" height=\"1024\" src=\"https:\/\/losperiodistas.com.mx\/portal\/wp-content\/uploads\/2021\/08\/Captura-de-Pantalla-2021-08-02-a-las-5.28.12-904x1024.png\" alt=\"\" class=\"wp-image-11030\" srcset=\"https:\/\/losperiodistas.com.mx\/portal\/wp-content\/uploads\/2021\/08\/Captura-de-Pantalla-2021-08-02-a-las-5.28.12-904x1024.png 904w, https:\/\/losperiodistas.com.mx\/portal\/wp-content\/uploads\/2021\/08\/Captura-de-Pantalla-2021-08-02-a-las-5.28.12-265x300.png 265w, https:\/\/losperiodistas.com.mx\/portal\/wp-content\/uploads\/2021\/08\/Captura-de-Pantalla-2021-08-02-a-las-5.28.12-768x870.png 768w, https:\/\/losperiodistas.com.mx\/portal\/wp-content\/uploads\/2021\/08\/Captura-de-Pantalla-2021-08-02-a-las-5.28.12.png 938w\" sizes=\"(max-width: 904px) 100vw, 904px\" \/><figcaption>331 denuncias a nivel nacional de enero a junio<\/figcaption><\/figure>\n\n\n\n<p class=\"has-vivid-cyan-blue-color has-text-color has-medium-font-size\">YADIRA LLAVEN ANZURES \/ LA JORNADA DE ORIENTE<\/p>\n\n\n\n<p>En el primer semestre del a\u00f1o el estado de Puebla registr\u00f3 un total de 26 carpetas de investigaci\u00f3n por trata de personas, cifra que ubic\u00f3 a la entidad en el cuarto lugar nacional con la mayor incidencia delictiva, seguido del estado de M\u00e9xico (83), Nuevo Le\u00f3n (71) y Ciudad de M\u00e9xico (42).<\/p>\n\n\n\n<p>En el \u00e1mbito nacional se reportaron un total de 331 denuncias por el mismo delito, de los meses de enero a junio.<\/p>\n\n\n\n<p>La informaci\u00f3n se desprende del reporte Incidencia Delictiva del Fuero Com\u00fan del Secretariado Ejecutivo del Sistema Nacional de Seguridad P\u00fablica (SESNSP), correspondiente al segundo trimestre del a\u00f1o.- Anuncio &#8211;<\/p>\n\n\n\n<p>El estado de Puebla concentr\u00f3 7.8 por ciento del total de los en el pa\u00eds, en contra parte a entidades como Campeche, Colima, Durango, Guanajuato y Sonora, que no reportaron ninguna denuncia.<\/p>\n\n\n\n<p>En la actualidad 10 municipios del estado concentran el mayor n\u00famero de denuncias por trata de personas. La ciudad de Puebla es la localidad con m\u00e1s carpetas de investigaci\u00f3n abiertas por ese delito, con 14 carpetas de investigaci\u00f3n en los \u00faltimos seis meses.<\/p>\n\n\n\n<p>Le sigue Cuautlancingo, San Mart\u00edn Texmelucan, Tehuac\u00e1n, Iz\u00facar de Matamoros, Tepeyahualco, Tepexi de Rodr\u00edguez, Tlachichuca y Xicotepec, todos con una denuncia de trata en cada localidad.<\/p>\n\n\n\n<p>La estad\u00edstica del Secretariado Ejecutivo, adem\u00e1s, revel\u00f3 que el mapa de georreferenciaci\u00f3n de violencia de g\u00e9nero -que maneja la Fiscal\u00eda General del Estado- document\u00f3 que 15 denuncia de trata fueron contra mujeres, es decir, 57.6 por ciento.<\/p>\n\n\n\n<p>El corredor Puebla-Tlaxcala sigue siendo el principal punto de enganche y cautiverio de mujeres para la&nbsp;<a href=\"https:\/\/www.lajornadadeoriente.com.mx\/puebla\/hombre-altepexi-trata-pornografia-infantil\/\" target=\"_blank\" rel=\"noreferrer noopener\">explotaci\u00f3n sexual<\/a>&nbsp;y trabajos o servicios forzados, de las cuales m\u00e1s de la mitad son menores de edad.<\/p>\n\n\n\n<p>La dependencia federal identific\u00f3 dos rutas de trata de personas de frontera a frontera, donde colombianas, venezolanas, hondure\u00f1as, salvadore\u00f1as y mexicanas son las v\u00edctimas principales.<\/p>\n\n\n\n<p>Una de ellas es la ruta del Pac\u00edfico, en el que las v\u00edctimas son enganchadas en el sureste del pa\u00eds, las trasladan a Puebla y Tlaxcala, donde las mantienen en cautiverio.<\/p>\n\n\n\n<p>Entre las principales causas fundamentales de la trata est\u00e1 la pobreza, baja o nula escolarizaci\u00f3n, falta de oportunidades laborales, exclusi\u00f3n y marginaci\u00f3n, abandono por su familia, violencias por contextos sociales, violencia familiar y migraci\u00f3n.<\/p>\n\n\n\n<p>El 8 de abril de 2019 se emiti\u00f3 la Declaratoria de Alerta de Violencia de G\u00e9nero contra las Mujeres (DAVGM) para el estado de Puebla, donde se incluyeron acciones para atender, sancionar y erradicar los delitos de feminicidio, trata de personas y desaparici\u00f3n de mujeres, como una estrategia por su alta incidencia.<\/p>\n\n\n\n<p>La Comisi\u00f3n Nacional de Derechos Humanos (CNDH) dio a conocer, en el Diagn\u00f3stico sobre la Situaci\u00f3n de la Trata de Personas en M\u00e9xico 2019, que Puebla es uno de los 10 estados donde, de 2012 a 2017, a\u00f1o con a\u00f1o se detectaron&nbsp;<a href=\"https:\/\/www.jornada.com.mx\/notas\/2021\/07\/31\/politica\/ejecuta-fgr-orden-de-aprehension-contra-presunto-tratante-de-personas\/\" target=\"_blank\" rel=\"noreferrer noopener\">v\u00edctimas de este delito<\/a>.<\/p>\n\n\n\n<p>El informe de la CNDH revel\u00f3 que 75 por ciento de las mujeres v\u00edctimas de trata de personas, a nivel nacional, lo son por prostituci\u00f3n ajena y otras formas de explotaci\u00f3n sexual.<\/p>\n\n\n\n<p>Estos datos son un referente para entender c\u00f3mo, desde 2014, Puebla se ubica en los primeros lugares en las averiguaciones previas sobre el delito.<\/p>\n\n\n\n<p>Fuente: https:\/\/www.lajornadadeoriente.com.mx\/puebla\/puebla-es-foco-rojo-por-trata-de-personas\/<\/p>\n","protected":false},"excerpt":{"rendered":"<p>YADIRA LLAVEN ANZURES \/ LA JORNADA DE ORIENTE En el primer semestre del a\u00f1o el estado de Puebla registr\u00f3 un [&hellip;]<\/p>\n","protected":false},"author":1,"featured_media":11030,"comment_status":"open","ping_status":"open","sticky":false,"template":"","format":"standard","meta":{"site-sidebar-layout":"default","site-content-layout":"","ast-site-content-layout":"default","site-content-style":"default","site-sidebar-style":"default","ast-global-header-display":"","ast-banner-title-visibility":"","ast-main-header-display":"","ast-hfb-above-header-display":"","ast-hfb-below-header-display":"","ast-hfb-mobile-header-display":"","site-post-title":"","ast-breadcrumbs-content":"","ast-featured-img":"","footer-sml-layout":"","theme-transparent-header-meta":"","adv-header-id-meta":"","stick-header-meta":"","header-above-stick-meta":"","header-main-stick-meta":"","header-below-stick-meta":"","astra-migrate-meta-layouts":"default","ast-page-background-enabled":"default","ast-page-background-meta":{"desktop":{"background-color":"var(--ast-global-color-4)","background-image":"","background-repeat":"repeat","background-position":"center center","background-size":"auto","background-attachment":"scroll","background-type":"","background-media":"","overlay-type":"","overlay-color":"","overlay-opacity":"","overlay-gradient":""},"tablet":{"background-color":"","background-image":"","background-repeat":"repeat","background-position":"center center","background-size":"auto","background-attachment":"scroll","background-type":"","background-media":"","overlay-type":"","overlay-color":"","overlay-opacity":"","overlay-gradient":""},"mobile":{"background-color":"","background-image":"","background-repeat":"repeat","background-position":"center center","background-size":"auto","background-attachment":"scroll","background-type":"","background-media":"","overlay-type":"","overlay-color":"","overlay-opacity":"","overlay-gradient":""}},"ast-content-background-meta":{"desktop":{"background-color":"var(--ast-global-color-5)","background-image":"","background-repeat":"repeat","background-position":"center center","background-size":"auto","background-attachment":"scroll","background-type":"","background-media":"","overlay-type":"","overlay-color":"","overlay-opacity":"","overlay-gradient":""},"tablet":{"background-color":"var(--ast-global-color-5)","background-image":"","background-repeat":"repeat","background-position":"center center","background-size":"auto","background-attachment":"scroll","background-type":"","background-media":"","overlay-type":"","overlay-color":"","overlay-opacity":"","overlay-gradient":""},"mobile":{"background-color":"var(--ast-global-color-5)","background-image":"","background-repeat":"repeat","background-position":"center center","background-size":"auto","background-attachment":"scroll","background-type":"","background-media":"","overlay-type":"","overlay-color":"","overlay-opacity":"","overlay-gradient":""}},"footnotes":""},"categories":[8],"tags":[2966],"class_list":["post-11029","post","type-post","status-publish","format-standard","has-post-thumbnail","hentry","category-noticias","tag-trata-de-personas-puebla"],"_links":{"self":[{"href":"https:\/\/losperiodistas.com.mx\/portal\/wp-json\/wp\/v2\/posts\/11029","targetHints":{"allow":["GET"]}}],"collection":[{"href":"https:\/\/losperiodistas.com.mx\/portal\/wp-json\/wp\/v2\/posts"}],"about":[{"href":"https:\/\/losperiodistas.com.mx\/portal\/wp-json\/wp\/v2\/types\/post"}],"author":[{"embeddable":true,"href":"https:\/\/losperiodistas.com.mx\/portal\/wp-json\/wp\/v2\/users\/1"}],"replies":[{"embeddable":true,"href":"https:\/\/losperiodistas.com.mx\/portal\/wp-json\/wp\/v2\/comments?post=11029"}],"version-history":[{"count":1,"href":"https:\/\/losperiodistas.com.mx\/portal\/wp-json\/wp\/v2\/posts\/11029\/revisions"}],"predecessor-version":[{"id":11031,"href":"https:\/\/losperiodistas.com.mx\/portal\/wp-json\/wp\/v2\/posts\/11029\/revisions\/11031"}],"wp:featuredmedia":[{"embeddable":true,"href":"https:\/\/losperiodistas.com.mx\/portal\/wp-json\/wp\/v2\/media\/11030"}],"wp:attachment":[{"href":"https:\/\/losperiodistas.com.mx\/portal\/wp-json\/wp\/v2\/media?parent=11029"}],"wp:term":[{"taxonomy":"category","embeddable":true,"href":"https:\/\/losperiodistas.com.mx\/portal\/wp-json\/wp\/v2\/categories?post=11029"},{"taxonomy":"post_tag","embeddable":true,"href":"https:\/\/losperiodistas.com.mx\/portal\/wp-json\/wp\/v2\/tags?post=11029"}],"curies":[{"name":"wp","href":"https:\/\/api.w.org\/{rel}","templated":true}]}}