{"id":11026,"date":"2021-08-02T05:24:19","date_gmt":"2021-08-02T10:24:19","guid":{"rendered":"http:\/\/losperiodistas.com.mx\/portal\/?p=11026"},"modified":"2021-08-02T05:24:21","modified_gmt":"2021-08-02T10:24:21","slug":"la-consulta-para-enjuiciar-a-expresidentes-solo-logra-un-8-de-participacion-el-pais","status":"publish","type":"post","link":"https:\/\/losperiodistas.com.mx\/portal\/la-consulta-para-enjuiciar-a-expresidentes-solo-logra-un-8-de-participacion-el-pais\/","title":{"rendered":"La consulta para enjuiciar a expresidentes solo logra un 8% de participaci\u00f3n | El Pa\u00eds"},"content":{"rendered":"\n<p style=\"font-size:18px\"><em>En torno al 90% se mostr\u00f3 a favor de la iniciativa para juzgar cr\u00edmenes del pasado, pero el resultado no ser\u00e1 vinculante por falta de qu\u00f3rum. Se agudiza el enfrentamiento entre L\u00f3pez Obrador y el INE<\/em><\/p>\n\n\n\n<p><\/p>\n\n\n\n<figure class=\"wp-block-image size-large\"><img fetchpriority=\"high\" decoding=\"async\" width=\"1024\" height=\"683\" src=\"https:\/\/losperiodistas.com.mx\/portal\/wp-content\/uploads\/2021\/08\/IC3OHPGMSBC2HO24J5MDMUWAOQ-1024x683.jpg\" alt=\"\" class=\"wp-image-11027\" srcset=\"https:\/\/losperiodistas.com.mx\/portal\/wp-content\/uploads\/2021\/08\/IC3OHPGMSBC2HO24J5MDMUWAOQ-1024x683.jpg 1024w, https:\/\/losperiodistas.com.mx\/portal\/wp-content\/uploads\/2021\/08\/IC3OHPGMSBC2HO24J5MDMUWAOQ-300x200.jpg 300w, https:\/\/losperiodistas.com.mx\/portal\/wp-content\/uploads\/2021\/08\/IC3OHPGMSBC2HO24J5MDMUWAOQ-768x512.jpg 768w, https:\/\/losperiodistas.com.mx\/portal\/wp-content\/uploads\/2021\/08\/IC3OHPGMSBC2HO24J5MDMUWAOQ-1536x1024.jpg 1536w, https:\/\/losperiodistas.com.mx\/portal\/wp-content\/uploads\/2021\/08\/IC3OHPGMSBC2HO24J5MDMUWAOQ.jpg 1960w\" sizes=\"(max-width: 1024px) 100vw, 1024px\" \/><figcaption>Personas emiten su voto en las casillas para la Consulta Popular en la Colonia Centro en Ciudad de M\u00e9xico, M\u00e9xico.  A trav\u00e9s del portal del INE puedes ubicar tu casilla para participar en la consulta popular este 1 de agosto. El proceso de la consulta popular del 1 de agosto para juzgar a los expresidentes.<\/figcaption><\/figure>\n\n\n\n<p class=\"has-vivid-cyan-blue-color has-text-color has-medium-font-size\">LORENA ARROYO \/ M\u00e9xico \/ El Pa\u00eds<\/p>\n\n\n\n<p>La consulta popular promovida por el presidente de M\u00e9xico, Andr\u00e9s Manuel L\u00f3pez Obrador, y que abr\u00eda la puerta a&nbsp;<a href=\"https:\/\/elpais.com\/mexico\/2021-07-31\/lopez-obrador-lleva-a-las-urnas-un-juicio-al-pasado.html\">juzgar a los exgobernantes&nbsp;<\/a>celebrada este domingo ha concluido con varias lecturas: una&nbsp;<a href=\"https:\/\/twitter.com\/lorenzocordovav\/status\/1422015135993024513?s=20\" target=\"_blank\" rel=\"noreferrer noopener\">insignificante participaci\u00f3n<\/a>&nbsp;\u2014del 8%, seg\u00fan las estimaciones de la autoridad electoral\u2014, una abrumadora victoria del \u201cs\u00ed\u201d \u2014la opci\u00f3n elegida por en torno al 90% de los que votaron- y la consolidaci\u00f3n del enfrentamiento entre el Gobierno y Morena, que alent\u00f3 el plebiscito, y el Instituto Nacional Electoral, el organismo aut\u00f3nomo encargado de organizarlo.<\/p>\n\n\n\n<h3 class=\"wp-block-heading\">M\u00c1S NOTICIAS<\/h3>\n\n\n\n<ul class=\"wp-block-list\"><li><a href=\"https:\/\/elpais.com\/opinion\/2021-07-31\/una-consulta-de-si-pero-no.html?rel=listapoyo\">Una consulta de s\u00ed, pero no<\/a><\/li><li><a href=\"https:\/\/elpais.com\/mexico\/opinion\/2021-07-30\/una-consulta-para-convertirnos-en-sus-monstruos.html?rel=listapoyo?rel=listapoyo\">Una consulta para convertirnos en monstruos<\/a><\/li><li><a href=\"https:\/\/elpais.com\/mexico\/2021-07-31\/lopez-obrador-lleva-a-las-urnas-un-juicio-al-pasado.html?rel=listapoyo\">L\u00f3pez Obrador lleva a las urnas un juicio al pasado<\/a><\/li><\/ul>\n\n\n\n<p>Desde primera hora de la ma\u00f1ana, los centros electorales vac\u00edos por todo el pa\u00eds hac\u00edan presagiar una baja participaci\u00f3n en la consulta popular por la que los mexicanos deb\u00edan responder a una&nbsp;<a href=\"https:\/\/elpais.com\/mexico\/2021-07-31\/lopez-obrador-lleva-a-las-urnas-un-juicio-al-pasado.html\" target=\"_blank\" rel=\"noreferrer noopener\">pregunta ambigua<\/a>que abr\u00eda la puerta a juzgar a los cinco gobernantes que precedieron a L\u00f3pez Obrador por sus programas y decisiones. La consulta, que hab\u00eda recibido fuertes cr\u00edticas de la oposici\u00f3n y de diversos sectores por las consecuencias inciertas, acab\u00f3 incrementando la tensi\u00f3n entre el oficialismo y el INE, un organismo al que han acusado de boicotearla. Parad\u00f3jicamente, pese a la baj\u00edsima participaci\u00f3n, tanto Morena como el \u00f3rgano electoral trataron de vender a lo largo de la jornada la votaci\u00f3n como un \u00e9xito por el simple hecho de celebrarse. Por primera vez, los mexicanos ten\u00edan este domingo la oportunidad de opinar en un referendo oficial a escala federal.PUBLICIDAD<\/p>\n\n\n\n<p>Para que fuera vinculante, ten\u00edan que votar el 40% de los ciudadanos elegibles, unos 37,5 millones de votantes, una cifra que parec\u00eda poco probable ante el poco inter\u00e9s de los mexicanos hacia la consulta. Este domingo, mientras se instalaban 57.000 urnas en todo el pa\u00eds, en el Consejo General del INE se escenificaba la tensi\u00f3n entre los miembros de ese ente y el oficialismo. El representante de Morena ante el INE, Sergio Guti\u00e9rrez, acus\u00f3 al presidente de la entidad, Lorenzo C\u00f3rdova, y al consejero Ciro Murayama de sabotear la consulta popular y organizarla \u201cde mala gana\u201d, al instalar solo un tercio de las mesas de votaci\u00f3n respecto a las elecciones legislativas y locales del 6 de junio, donde hubo 160.000 urnas.<\/p>\n\n\n\n<figure class=\"wp-block-embed is-type-rich is-provider-twitter wp-block-embed-twitter\"><div class=\"wp-block-embed__wrapper\">\n<blockquote class=\"twitter-tweet\" data-width=\"500\" data-dnt=\"true\"><p lang=\"es\" dir=\"ltr\">El Consejero Presidente del <a href=\"https:\/\/twitter.com\/INEMexico?ref_src=twsrc%5Etfw\">@INEMexico<\/a>, <a href=\"https:\/\/twitter.com\/lorenzocordovav?ref_src=twsrc%5Etfw\">@lorenzocordovav<\/a>, anunci\u00f3 que el porcentaje estimado de participaci\u00f3n de la <a href=\"https:\/\/twitter.com\/hashtag\/ConsultaPopular?src=hash&amp;ref_src=twsrc%5Etfw\">#ConsultaPopular<\/a> fue de un 7.07-7.74%. <br><br>Rangos de opini\u00f3n:<br>S\u00ed \u27a1\ufe0f 89.36-96.28%<br>No \u27a1\ufe0f 1.38-1.58%<br>Nulos \u27a1\ufe0f 2.19-9.21% <a href=\"https:\/\/t.co\/OhoN88y8Rf\">pic.twitter.com\/OhoN88y8Rf<\/a><\/p>&mdash; @INEMexico (@INEMexico) <a href=\"https:\/\/twitter.com\/INEMexico\/status\/1422013908454453248?ref_src=twsrc%5Etfw\">August 2, 2021<\/a><\/blockquote><script async src=\"https:\/\/platform.twitter.com\/widgets.js\" charset=\"utf-8\"><\/script>\n<\/div><\/figure>\n\n\n\n<p>\u201cMe llama la atenci\u00f3n que una y otra vez vemos mentiras y mentiras que buscan desinformar. Las mentiras a otro lado, no en un contexto democr\u00e1tico. Apostemos a que la jornada sea un \u00e9xito, no la dinamitemos\u201d, declar\u00f3 despu\u00e9s C\u00f3rdova, visiblemente molesto, tras votar en un centro electoral en Coyoac\u00e1n, en el sur de la ciudad de M\u00e9xico. Tanto \u00e9l como los consejeros del INE han multiplicado sus declaraciones p\u00fablicas este domingo para defender el rol de su organismo frente a las cr\u00edticas del oficialismo.<\/p>\n\n\n\n<p>La versi\u00f3n del organismo electoral es que han hecho lo que han podido con los recursos de los que dispon\u00edan, despu\u00e9s de que el Congreso les negara un presupuesto adicional para la consulta. \u201cNo pudimos poner m\u00e1s casillas, como quer\u00edamos, porque nos lo impidieron al no entregarnos m\u00e1s recursos\u201d, ha dicho C\u00f3rdova en una de sus declaraciones.PUBLICIDAD<\/p>\n\n\n\n<p>Entre quienes se han criticado la labor del INE y las trabas que, a su juicio, han puesto para que se alcanzara la participaci\u00f3n necesaria, ha estado la primera dama, Beatriz Guti\u00e9rrez M\u00fcller, quien lament\u00f3 que no hab\u00eda podido votar en una casilla especial (las destinadas a las personas en tr\u00e1nsito). \u201cSiempre he sido muy respetuoso de la se\u00f1ora Guti\u00e9rrez M\u00fcller, a lo mejor no est\u00e1 informada. Su domicilio y el del se\u00f1or presidente se actualiz\u00f3 hace unos meses\u201d, le ha respondido el presidente del INE al mediod\u00eda del domingo y le inst\u00f3 a participar en la consulta en la casilla que le correspond\u00eda por su residencia.<\/p>\n\n\n\n<p>L\u00f3pez Obrador, que en el pasado lleg\u00f3 a acusar al \u00f3rgano electoral de \u201cfraude\u201d, ha dicho de sus responsables que est\u00e1n \u201cen contra de la democracia\u201d. Pero el propio mandatario no ha participado en la consulta que \u00e9l mismo promovi\u00f3. Tras varias idas y venidas sobre su participaci\u00f3n \u2014inicialmente se mostr\u00f3 reacio a hacerlo por su cargo y para que la oposici\u00f3n no le acusara de \u201cvengativo\u201d y luego dijo que, de hacerlo, votar\u00eda en contra\u2014, el s\u00e1bado confirm\u00f3 que no podr\u00eda hacerlo por estar de viaje en la sierra de Nayarit, donde no ten\u00eda acceso a casillas especiales.<\/p>\n\n\n\n<p>En lo que siempre se ha mantenido firme el presidente es en promover la participaci\u00f3n de los mexicanos porque consideraba que ser\u00eda una gran victoria para la aplicaci\u00f3n de justicia y el fortalecimiento de la democracia participativa. L\u00f3pez Obrador ha propuesto tambi\u00e9n una reforma que abra la posibilidad de revocar el mandato de los presidentes y ha dicho que \u00e9l mismo lo har\u00e1 de manera voluntaria el pr\u00f3ximo a\u00f1o, en lo que ser\u00e1 un examen de su labor a dos a\u00f1os de las elecciones presidenciales.<\/p>\n\n\n\n<p>Cuando el presidente promovi\u00f3 la consulta popular, en septiembre pasado, la pregunta propon\u00eda directamente enjuiciar a los expresidentes Carlos Salinas, Ernesto Zedillo, Vicente Fox, Felipe Calder\u00f3n y Enrique Pe\u00f1a Nieto, a quienes L\u00f3pez Obrador achaca los males de M\u00e9xico. Sin embargo, tras una pol\u00e9mica discusi\u00f3n sobre su constitucionalidad, la Suprema Corte de Justicia modific\u00f3 la pregunta para que no estuviera enfocada en personas particulares. Este domingo, los mexicanos tuvieron que responder a esta pregunta: \u201c\u00bfEst\u00e1s de acuerdo o no en que se lleven a cabo las acciones pertinentes con apego al marco constitucional y legal, para emprender un proceso de esclarecimiento de las decisiones pol\u00edticas tomadas en los a\u00f1os pasados por los actores pol\u00edticos, encaminado a garantizar la justicia y los derechos de las posibles v\u00edctimas?\u201d.<\/p>\n\n\n\n<p>Ante el ambiguo texto de la pregunta, el<a href=\"https:\/\/elpais.com\/mexico\/2021-07-11\/en-ningun-sexenio-se-han-dictado-mas-resoluciones-en-contra-de-un-gobierno.html\">&nbsp;presidente del Supremo, Arturo Zald\u00edvar, le dijo a EL PA\u00cdS<\/a>&nbsp;que el objetivo era abrir la puerta a la justicia transicional, a una especie de comisi\u00f3n de la verdad para \u201cgenerar una salida a conflictos y a sucesos dolorosos para el pa\u00eds\u201d. Sin embargo, la consulta ni ha sido tan popular como esperaban sus promotores ni parece que vaya a encaminar a ning\u00fan consenso. Por el contrario, ha agravado la polarizaci\u00f3n y el enfrentamiento entre L\u00f3pez Obrador y el INE, un choque para el que no se vislumbra un final cercano.<\/p>\n\n\n\n<p><a href=\"https:\/\/plus.elpais.com\/newsletters\/lnp\/1\/348\"><strong>Suscr\u00edbase aqu\u00ed<\/strong><\/a><strong>\u00a0<\/strong>a la\u00a0<em>newsletter<\/em>\u00a0de EL PA\u00cdS M\u00e9xico y reciba todas las claves informativas de la actualidad de este pa\u00eds<\/p>\n\n\n\n<p>Fuente: https:\/\/elpais.com\/mexico\/2021-08-02\/la-consulta-para-enjuiciar-a-expresidentes-agudiza-el-enfrentamiento-entre-lopez-obrador-y-el-ine.html<\/p>\n","protected":false},"excerpt":{"rendered":"<p>En torno al 90% se mostr\u00f3 a favor de la iniciativa para juzgar cr\u00edmenes del pasado, pero el resultado no [&hellip;]<\/p>\n","protected":false},"author":1,"featured_media":11027,"comment_status":"open","ping_status":"open","sticky":false,"template":"","format":"standard","meta":{"site-sidebar-layout":"default","site-content-layout":"","ast-site-content-layout":"default","site-content-style":"default","site-sidebar-style":"default","ast-global-header-display":"","ast-banner-title-visibility":"","ast-main-header-display":"","ast-hfb-above-header-display":"","ast-hfb-below-header-display":"","ast-hfb-mobile-header-display":"","site-post-title":"","ast-breadcrumbs-content":"","ast-featured-img":"","footer-sml-layout":"","theme-transparent-header-meta":"","adv-header-id-meta":"","stick-header-meta":"","header-above-stick-meta":"","header-main-stick-meta":"","header-below-stick-meta":"","astra-migrate-meta-layouts":"default","ast-page-background-enabled":"default","ast-page-background-meta":{"desktop":{"background-color":"var(--ast-global-color-4)","background-image":"","background-repeat":"repeat","background-position":"center center","background-size":"auto","background-attachment":"scroll","background-type":"","background-media":"","overlay-type":"","overlay-color":"","overlay-opacity":"","overlay-gradient":""},"tablet":{"background-color":"","background-image":"","background-repeat":"repeat","background-position":"center center","background-size":"auto","background-attachment":"scroll","background-type":"","background-media":"","overlay-type":"","overlay-color":"","overlay-opacity":"","overlay-gradient":""},"mobile":{"background-color":"","background-image":"","background-repeat":"repeat","background-position":"center center","background-size":"auto","background-attachment":"scroll","background-type":"","background-media":"","overlay-type":"","overlay-color":"","overlay-opacity":"","overlay-gradient":""}},"ast-content-background-meta":{"desktop":{"background-color":"var(--ast-global-color-5)","background-image":"","background-repeat":"repeat","background-position":"center center","background-size":"auto","background-attachment":"scroll","background-type":"","background-media":"","overlay-type":"","overlay-color":"","overlay-opacity":"","overlay-gradient":""},"tablet":{"background-color":"var(--ast-global-color-5)","background-image":"","background-repeat":"repeat","background-position":"center center","background-size":"auto","background-attachment":"scroll","background-type":"","background-media":"","overlay-type":"","overlay-color":"","overlay-opacity":"","overlay-gradient":""},"mobile":{"background-color":"var(--ast-global-color-5)","background-image":"","background-repeat":"repeat","background-position":"center center","background-size":"auto","background-attachment":"scroll","background-type":"","background-media":"","overlay-type":"","overlay-color":"","overlay-opacity":"","overlay-gradient":""}},"footnotes":""},"categories":[8],"tags":[2965],"class_list":["post-11026","post","type-post","status-publish","format-standard","has-post-thumbnail","hentry","category-noticias","tag-ine-consulta-respuesta-insignificante"],"_links":{"self":[{"href":"https:\/\/losperiodistas.com.mx\/portal\/wp-json\/wp\/v2\/posts\/11026","targetHints":{"allow":["GET"]}}],"collection":[{"href":"https:\/\/losperiodistas.com.mx\/portal\/wp-json\/wp\/v2\/posts"}],"about":[{"href":"https:\/\/losperiodistas.com.mx\/portal\/wp-json\/wp\/v2\/types\/post"}],"author":[{"embeddable":true,"href":"https:\/\/losperiodistas.com.mx\/portal\/wp-json\/wp\/v2\/users\/1"}],"replies":[{"embeddable":true,"href":"https:\/\/losperiodistas.com.mx\/portal\/wp-json\/wp\/v2\/comments?post=11026"}],"version-history":[{"count":1,"href":"https:\/\/losperiodistas.com.mx\/portal\/wp-json\/wp\/v2\/posts\/11026\/revisions"}],"predecessor-version":[{"id":11028,"href":"https:\/\/losperiodistas.com.mx\/portal\/wp-json\/wp\/v2\/posts\/11026\/revisions\/11028"}],"wp:featuredmedia":[{"embeddable":true,"href":"https:\/\/losperiodistas.com.mx\/portal\/wp-json\/wp\/v2\/media\/11027"}],"wp:attachment":[{"href":"https:\/\/losperiodistas.com.mx\/portal\/wp-json\/wp\/v2\/media?parent=11026"}],"wp:term":[{"taxonomy":"category","embeddable":true,"href":"https:\/\/losperiodistas.com.mx\/portal\/wp-json\/wp\/v2\/categories?post=11026"},{"taxonomy":"post_tag","embeddable":true,"href":"https:\/\/losperiodistas.com.mx\/portal\/wp-json\/wp\/v2\/tags?post=11026"}],"curies":[{"name":"wp","href":"https:\/\/api.w.org\/{rel}","templated":true}]}}