{"id":11017,"date":"2021-08-01T19:50:18","date_gmt":"2021-08-02T00:50:18","guid":{"rendered":"http:\/\/losperiodistas.com.mx\/portal\/?p=11017"},"modified":"2021-08-01T19:50:20","modified_gmt":"2021-08-02T00:50:20","slug":"la-derecha-mino-la-consulta-y-el-ine-puso-muchos-obstaculos-afirman-sus-promotores-sinembargo","status":"publish","type":"post","link":"https:\/\/losperiodistas.com.mx\/portal\/la-derecha-mino-la-consulta-y-el-ine-puso-muchos-obstaculos-afirman-sus-promotores-sinembargo\/","title":{"rendered":"La derecha min\u00f3 la Consulta y el INE puso muchos obst\u00e1culos, afirman sus promotores | SinEmbargo"},"content":{"rendered":"\n<p style=\"font-size:18px\"><em>Con escasa presencia de electores en los centros de votaci\u00f3n, M\u00e9xico llev\u00f3 a cabo un refer\u00e9ndum el domingo para decidir si se debe enjuiciar a cinco expresidentes.&nbsp;<\/em><\/p>\n\n\n\n<p><\/p>\n\n\n\n<figure class=\"wp-block-image size-large\"><img fetchpriority=\"high\" decoding=\"async\" width=\"1024\" height=\"540\" src=\"https:\/\/losperiodistas.com.mx\/portal\/wp-content\/uploads\/2021\/08\/cuartoscuro-826438-digital-1024x540.jpg\" alt=\"\" class=\"wp-image-11018\" srcset=\"https:\/\/losperiodistas.com.mx\/portal\/wp-content\/uploads\/2021\/08\/cuartoscuro-826438-digital-1024x540.jpg 1024w, https:\/\/losperiodistas.com.mx\/portal\/wp-content\/uploads\/2021\/08\/cuartoscuro-826438-digital-300x158.jpg 300w, https:\/\/losperiodistas.com.mx\/portal\/wp-content\/uploads\/2021\/08\/cuartoscuro-826438-digital-768x405.jpg 768w, https:\/\/losperiodistas.com.mx\/portal\/wp-content\/uploads\/2021\/08\/cuartoscuro-826438-digital.jpg 1100w\" sizes=\"(max-width: 1024px) 100vw, 1024px\" \/><\/figure>\n\n\n\n<p><\/p>\n\n\n\n<p class=\"has-vivid-cyan-blue-color has-text-color has-medium-font-size\">REDACCI\u00d3N SIN EMBARGO<\/p>\n\n\n\n<p>Ciudad de M\u00e9xico, 1 de agosto (SinEmbargo).- Integrantes de la&nbsp;<strong>derecha mexicana<\/strong>&nbsp;buscaron minar la&nbsp;<strong>Consulta Popular<\/strong>, mientras que el&nbsp;<strong>Instituto Nacional Electoral<\/strong>&nbsp;(INE), encargado de organizarla, coloc\u00f3 obst\u00e1culos a los que&nbsp;<strong>trataron de votar<\/strong>, dijeron esta tarde los promotores del ejercicio democr\u00e1tico.<\/p>\n\n\n\n<p>\u201cHubo numerosos obst\u00e1culos y dificultades al ser un mecanismo sin antecedentes y los diferentes actores de la derecha buscaron minar y entorpecer el proceso ciudadano, se intent\u00f3 deslegitimar la lucha por la justicia y desinformar a la poblaci\u00f3n ridiculizando nuestro esfuerzo\u201d, dijo Ariadna Bahena, integrante del Comit\u00e9 Nacional Promovente de la Consulta Popular.<\/p>\n\n\n\n<p>\u201cEl INE deb\u00eda encargarse de los trabajos log\u00edsticos de este proceso, pero en lugar de eso dise\u00f1\u00f3 reglas y mecanismos dif\u00edciles de acceder para toda la ciudadan\u00eda, entorpeciendo en todo momento los procesos. Por ejemplo, el cambio de lugares convencionales donde se ubican las casillas y se hicieron modificaciones el mismo d\u00eda de la votaci\u00f3n sin previo aviso. Adem\u00e1s, el sitio para consultar las casillas fue una p\u00e1gina de internet poco accesible para la ciudadan\u00eda\u201d, a\u00f1adi\u00f3 en conferencia de prensa.<\/p>\n\n\n\n<p>Junto a Omar Garc\u00eda, sobreviviente del ataque a normalistas de Ayotzinapa, anunci\u00f3 que adem\u00e1s de impulsar la Comisi\u00f3n de la Verdad, proceder\u00e1n a integrar el cap\u00edtulo M\u00e9xico del Tribunal de los Pueblos para juzgar los cr\u00edmenes del pasado e iniciar\u00e1n la labor convocando a v\u00edctimas, organizaciones e intelectuales par discutir la conformaci\u00f3n de este Tribunal.<\/p>\n\n\n\n<p>Ariadna Bahena afirm\u00f3 que la Consulta Popular es un parteaguas para la democracia mexicana y \u201ces un reflejo de la creciente cultura democr\u00e1tica de M\u00e9xico\u201d.<\/p>\n\n\n\n<p>Bahena, en nombre de todos los impulsores, denunci\u00f3 que la poca participaci\u00f3n en la consulta se deriv\u00f3 de los actos discriminatorios en los que incurri\u00f3 el INE al hacer \u201cinaccesible\u201d a millones de personas su derecho a participar, ya que s\u00f3lo las personas con acceso a internet supieron sobre la ubicaci\u00f3n de sus casillas; la ausencia de casillas especiales y acusaron que no hubo participaci\u00f3n en el extranjero.<\/p>\n\n\n\n<figure class=\"wp-block-image size-large\"><img decoding=\"async\" width=\"1024\" height=\"755\" src=\"https:\/\/losperiodistas.com.mx\/portal\/wp-content\/uploads\/2021\/08\/Captura-de-Pantalla-2021-08-01-a-las-19.46.01-1024x755.png\" alt=\"\" class=\"wp-image-11019\" srcset=\"https:\/\/losperiodistas.com.mx\/portal\/wp-content\/uploads\/2021\/08\/Captura-de-Pantalla-2021-08-01-a-las-19.46.01-1024x755.png 1024w, https:\/\/losperiodistas.com.mx\/portal\/wp-content\/uploads\/2021\/08\/Captura-de-Pantalla-2021-08-01-a-las-19.46.01-300x221.png 300w, https:\/\/losperiodistas.com.mx\/portal\/wp-content\/uploads\/2021\/08\/Captura-de-Pantalla-2021-08-01-a-las-19.46.01-768x566.png 768w, https:\/\/losperiodistas.com.mx\/portal\/wp-content\/uploads\/2021\/08\/Captura-de-Pantalla-2021-08-01-a-las-19.46.01.png 1156w\" sizes=\"(max-width: 1024px) 100vw, 1024px\" \/><\/figure>\n\n\n\n<p>Los colegios electorales de M\u00e9xico comenzaron este domingo a cerrar sus puertas para dar inicio al recuento de resultados de la consulta sobre enjuiciar a los expresidentes del pa\u00eds tras una jornada con baja afluencia de votantes.<\/p>\n\n\n\n<p>El cierre de mesas inici\u00f3 a las 18:00 hora local (23.00 GMT) del centro del pa\u00eds, donde se encuentra la capital, y se ir\u00e1n clausurando progresivamente una y dos horas despu\u00e9s en los estados occidentales con husos horarios diferentes.<\/p>\n\n\n\n<p>El Instituto Nacional Electoral (INE), organizador de la consulta, prev\u00e9 dar a conocer una primera proyecci\u00f3n de resultados y de participaci\u00f3n a partir de las 21.00 horas (2.00 GMT del lunes).<\/p>\n\n\n\n<p>M\u00e1s de 93 millones de mexicanos estaban llamados a las urnas para votar en la consulta popular convocada por el Presidente, Andr\u00e9s Manuel L\u00f3pez Obrador, la primera que se realiza a nivel federal en la historia de M\u00e9xico.<\/p>\n\n\n\n<p>Para que su resultado sea vinculante, se requiere la participaci\u00f3n del 40 por ciento del censo, es decir unos 37 millones de votantes.<\/p>\n\n\n\n<p>Sin embargo, la llegada de personas a los colegios transcurri\u00f3 a cuentagotas, a diferencia de las largas filas que se registraron en las elecciones intermedias del 6 de junio, que tuvieron una participaci\u00f3n hist\u00f3rica del 53 por ciento.<\/p>\n\n\n\n<p>El INE inform\u00f3 a las 16.00 horas (21.00 GMT) que abrieron el 99.98 por ciento de las 57.014 mesas de votaci\u00f3n y que se registraron 476 incidentes, menos de los habituales, como cambios de lugar de las mesas o destrucci\u00f3n anticipada de papeletas no usadas.<\/p>\n\n\n\n<p>A pesar de haber convocado y promovido la consulta, el Presidente Andr\u00e9s Manuel L\u00f3pez Obrador, de gira fuera de la capital, no fue a votar porque, tal y como ya hab\u00eda avisado, su \u201cfuerte no es la venganza\u201d.<\/p>\n\n\n\n<p>La consulta, cuyas consecuencias son inciertas, dividi\u00f3 a los mexicanos entre los que creen que puede acabar con la impunidad y los que consideran absurdo votar para que se aplique la ley.<\/p>\n\n\n\n<p>En un inicio, se propon\u00eda enjuiciar a los expresidentes Carlos Salinas de Gortari (1988-1994), Ernesto Zedillo (1994-2000), Vicente Fox (2000-2006), Felipe Calder\u00f3n (2006-2012) y Enrique Pe\u00f1a Nieto (2012-2018) por corrupci\u00f3n, fraudes electorales y la guerra contra el narcotr\u00e1fico, entre otros males.<\/p>\n\n\n\n<p>Pero el Supremo modific\u00f3 la pregunta para preservar la presunci\u00f3n de inocencia y dej\u00f3 un enunciado muy abierto que plantea a los mexicanos si quieren \u201cemprender un proceso de esclarecimiento de las decisiones pol\u00edticas tomadas en los a\u00f1os pasados\u201d.<\/p>\n\n\n\n<p>Durante la jornada, el oficialista Movimiento Regeneraci\u00f3n Nacional (Morena, izquierda) critic\u00f3 al INE por poner solo un tercio de las mesas electorales que hubo en los \u00faltimos comicios, mientras que el instituto le record\u00f3 que el Congreso le deneg\u00f3 una ampliaci\u00f3n de presupuesto.<\/p>\n\n\n\n<p>Fuente: https:\/\/www.sinembargo.mx\/01-08-2021\/4008742<\/p>\n","protected":false},"excerpt":{"rendered":"<p>Con escasa presencia de electores en los centros de votaci\u00f3n, M\u00e9xico llev\u00f3 a cabo un refer\u00e9ndum el domingo para decidir [&hellip;]<\/p>\n","protected":false},"author":1,"featured_media":11018,"comment_status":"open","ping_status":"open","sticky":false,"template":"","format":"standard","meta":{"site-sidebar-layout":"default","site-content-layout":"","ast-site-content-layout":"default","site-content-style":"default","site-sidebar-style":"default","ast-global-header-display":"","ast-banner-title-visibility":"","ast-main-header-display":"","ast-hfb-above-header-display":"","ast-hfb-below-header-display":"","ast-hfb-mobile-header-display":"","site-post-title":"","ast-breadcrumbs-content":"","ast-featured-img":"","footer-sml-layout":"","theme-transparent-header-meta":"","adv-header-id-meta":"","stick-header-meta":"","header-above-stick-meta":"","header-main-stick-meta":"","header-below-stick-meta":"","astra-migrate-meta-layouts":"default","ast-page-background-enabled":"default","ast-page-background-meta":{"desktop":{"background-color":"var(--ast-global-color-4)","background-image":"","background-repeat":"repeat","background-position":"center center","background-size":"auto","background-attachment":"scroll","background-type":"","background-media":"","overlay-type":"","overlay-color":"","overlay-opacity":"","overlay-gradient":""},"tablet":{"background-color":"","background-image":"","background-repeat":"repeat","background-position":"center center","background-size":"auto","background-attachment":"scroll","background-type":"","background-media":"","overlay-type":"","overlay-color":"","overlay-opacity":"","overlay-gradient":""},"mobile":{"background-color":"","background-image":"","background-repeat":"repeat","background-position":"center center","background-size":"auto","background-attachment":"scroll","background-type":"","background-media":"","overlay-type":"","overlay-color":"","overlay-opacity":"","overlay-gradient":""}},"ast-content-background-meta":{"desktop":{"background-color":"var(--ast-global-color-5)","background-image":"","background-repeat":"repeat","background-position":"center center","background-size":"auto","background-attachment":"scroll","background-type":"","background-media":"","overlay-type":"","overlay-color":"","overlay-opacity":"","overlay-gradient":""},"tablet":{"background-color":"var(--ast-global-color-5)","background-image":"","background-repeat":"repeat","background-position":"center center","background-size":"auto","background-attachment":"scroll","background-type":"","background-media":"","overlay-type":"","overlay-color":"","overlay-opacity":"","overlay-gradient":""},"mobile":{"background-color":"var(--ast-global-color-5)","background-image":"","background-repeat":"repeat","background-position":"center center","background-size":"auto","background-attachment":"scroll","background-type":"","background-media":"","overlay-type":"","overlay-color":"","overlay-opacity":"","overlay-gradient":""}},"footnotes":""},"categories":[8,1],"tags":[2963,2964,885],"class_list":["post-11017","post","type-post","status-publish","format-standard","has-post-thumbnail","hentry","category-noticias","category-sin-categoria","tag-ariadna-bahena","tag-consulta-1-de-agosto-mexico","tag-ine"],"_links":{"self":[{"href":"https:\/\/losperiodistas.com.mx\/portal\/wp-json\/wp\/v2\/posts\/11017","targetHints":{"allow":["GET"]}}],"collection":[{"href":"https:\/\/losperiodistas.com.mx\/portal\/wp-json\/wp\/v2\/posts"}],"about":[{"href":"https:\/\/losperiodistas.com.mx\/portal\/wp-json\/wp\/v2\/types\/post"}],"author":[{"embeddable":true,"href":"https:\/\/losperiodistas.com.mx\/portal\/wp-json\/wp\/v2\/users\/1"}],"replies":[{"embeddable":true,"href":"https:\/\/losperiodistas.com.mx\/portal\/wp-json\/wp\/v2\/comments?post=11017"}],"version-history":[{"count":1,"href":"https:\/\/losperiodistas.com.mx\/portal\/wp-json\/wp\/v2\/posts\/11017\/revisions"}],"predecessor-version":[{"id":11020,"href":"https:\/\/losperiodistas.com.mx\/portal\/wp-json\/wp\/v2\/posts\/11017\/revisions\/11020"}],"wp:featuredmedia":[{"embeddable":true,"href":"https:\/\/losperiodistas.com.mx\/portal\/wp-json\/wp\/v2\/media\/11018"}],"wp:attachment":[{"href":"https:\/\/losperiodistas.com.mx\/portal\/wp-json\/wp\/v2\/media?parent=11017"}],"wp:term":[{"taxonomy":"category","embeddable":true,"href":"https:\/\/losperiodistas.com.mx\/portal\/wp-json\/wp\/v2\/categories?post=11017"},{"taxonomy":"post_tag","embeddable":true,"href":"https:\/\/losperiodistas.com.mx\/portal\/wp-json\/wp\/v2\/tags?post=11017"}],"curies":[{"name":"wp","href":"https:\/\/api.w.org\/{rel}","templated":true}]}}