{"id":109981,"date":"2025-11-07T10:29:21","date_gmt":"2025-11-07T16:29:21","guid":{"rendered":"https:\/\/losperiodistas.com.mx\/portal\/?p=109981"},"modified":"2025-11-07T10:29:22","modified_gmt":"2025-11-07T16:29:22","slug":"codice-borbonico-y-azcatitlan-dos-reclamos-de-mexico-a-francia-excelsior","status":"publish","type":"post","link":"https:\/\/losperiodistas.com.mx\/portal\/codice-borbonico-y-azcatitlan-dos-reclamos-de-mexico-a-francia-excelsior\/","title":{"rendered":"C\u00f3dice Borb\u00f3nico y Azcatitl\u00e1n, dos reclamos de M\u00e9xico a Francia | Exc\u00e9lsior"},"content":{"rendered":"\n<h2 class=\"wp-block-heading\">M\u00e9xico busca la repatriaci\u00f3n de los c\u00f3dices Borb\u00f3nico y Azcatitl\u00e1n, se espera sea uno de los temas centrales en la reuni\u00f3n Sheinbaum-Macron.<\/h2>\n\n\n\n<p><a href=\"https:\/\/www.excelsior.com.mx\/nacional\/codice-borbonico-y-azcatitlan-dos-reclamos-de-mexico-a-francia\/1750265#\"><\/a><\/p>\n\n\n\n<p><a href=\"https:\/\/clck.mgid.com\/ghits\/25253198\/i\/57966180\/0\/pp\/1\/1?h=3d0PCK5-EY0puVno9vba4DNotmedm7C_eoJjGXxEDUGJ35rVtTOhcDEOhiF-4XcAsMgTQ8Z9-W_8VXd_L1Foq3F55J7uAPcPUh84AA-TY5__CsPw3YtthuTCrDBUCQ6i&amp;rid=c00d6e36-bbf4-11f0-af80-c4cbe1e3eca4&amp;ts=excelsior.com.mx&amp;tt=Referral&amp;att=4&amp;cpm=1&amp;abd=1&amp;iv=17&amp;ct=1&amp;gdprApplies=0&amp;st=-360&amp;mp4=1&amp;h2=Y6oRqHVFKM_zhXt5bLip9zotcHMnYqNGVwm8XjpUrIQx5eTfITuFxUljrkUjHkJlGrxdWUGiGjG6noUtY0h3LQ**&amp;muid=p6u6wtGguGn9\" target=\"_blank\" rel=\"noreferrer noopener\"><\/a><a href=\"https:\/\/clck.mgid.com\/dpd\/1132531\/i\/1635267\/0\/p\/3\/1?h=3d0PCK5-EY0puVno9vba4E2bLSG79CMWNhOG7ZY3XXPKK5hVvC4bZ3vUV3RcfNdjVU05noGkRjHZ-5QNrzAwh25KIHVEfXMO4WC_xa51Sqhifq25exYHs7Ih99zoLSKY&amp;ts=excelsior.com.mx&amp;tt=Referral&amp;att=4&amp;abd=1&amp;iv=17&amp;ct=1&amp;gdprApplies=0&amp;st=-360\" target=\"_blank\" rel=\"noreferrer noopener\"><\/a><\/p>\n\n\n\n<figure class=\"wp-block-image\"><img decoding=\"async\" src=\"https:\/\/www.excelsior.com.mx\/770x530\/filters:format(webp):quality(75)\/media\/pictures\/2025\/11\/07\/3413099.jpg\" alt=\"M\u00e9xico historia\"\/><figcaption class=\"wp-element-caption\">Foto Especial<\/figcaption><\/figure>\n\n\n\n<p class=\"has-vivid-red-color has-text-color has-link-color has-medium-font-size wp-elements-483e13c21b3ba7366b73a5b07155672e\"><strong>AFP \/ Exc\u00e9lsior<\/strong><\/p>\n\n\n\n<p>El&nbsp;<strong>\u201cC\u00f3dice Borb\u00f3nico\u00bb<\/strong>&nbsp;y el<strong>&nbsp;\u00abAzcatitl\u00e1n\u00bb,<\/strong>&nbsp;dos manuscritos conservados desde el siglo XIX en instituciones de&nbsp;<a href=\"https:\/\/www.excelsior.com.mx\/francia\" target=\"_blank\" rel=\"noreferrer noopener\"><strong>Francia<\/strong><\/a>, centran la atenci\u00f3n de&nbsp;<strong>M\u00e9xico<\/strong>, que los considera importantes para conocer la historia y cultura de la civilizaci\u00f3n mexica.<\/p>\n\n\n\n<p>Su posible regreso es una de las cuestiones centrales de la reuni\u00f3n este viernes entre la presidenta mexicana,&nbsp;<strong>Claudia Sheinbaum<\/strong>, y su hom\u00f3logo e invitado franc\u00e9s,&nbsp;<strong>Emmanuel Macron<\/strong>.Play Video<\/p>\n\n\n\n<p><\/p>\n\n\n\n<figure class=\"wp-block-image\"><img decoding=\"async\" src=\"https:\/\/www.excelsior.com.mx\/660x495\/filters:format(webp):quality(75)\/\/media\/inside-the-note\/pictures\/2025\/11\/07\/codiceazcatitlan.jpg\" alt=\"Imagen intermedia\" title=\"Imagen Intermedia\"\/><\/figure>\n\n\n\n<blockquote class=\"wp-block-quote is-layout-flow wp-block-quote-is-layout-flow\">\n<p>\u00abNuestro inter\u00e9s mayor es la repatriaci\u00f3n de estos c\u00f3dices que son muy importantes para M\u00e9xico\u00bb, indic\u00f3 el 30 de octubre Sheinbaum al confirmar la visita de Macron.<\/p>\n<\/blockquote>\n\n\n\n<h2 class=\"wp-block-heading\"><strong>&#8211; \u00bfQu\u00e9 es un c\u00f3dice? &#8211;<\/strong><\/h2>\n\n\n\n<blockquote class=\"wp-block-quote is-layout-flow wp-block-quote-is-layout-flow\">\n<p class=\"has-ast-global-color-4-background-color has-background has-medium-font-size\">\u00abLos investigadores hablan de manera general de c\u00f3dices para referirse a los manuscritos mexicanos\u00bb, explica a AFP Olivier Jacquot, encargado de colecci\u00f3n del departamento de Manuscritos de la Biblioteca Nacional de Francia (BnF).<\/p>\n<\/blockquote>\n\n\n\n<p>Estos documentos, que pueden ser&nbsp;<strong>pictogr\u00e1ficos y\/o alfab\u00e9ticos<\/strong>, narran la historia, los ritos y las creencias de los pueblos del actual territorio de M\u00e9xico antes y despu\u00e9s de la llegada de los colonizadores espa\u00f1oles en el siglo XVI.<\/p>\n\n\n\n<p>La BnF conserva el \u00abC\u00f3dice Azcatitl\u00e1n\u00bb, que narra \u00abla historia de M\u00e9xico Tenochtitlan desde la migraci\u00f3n de la m\u00edtica Aztl\u00e1n hasta la ca\u00edda del imperio mexica a manos de espa\u00f1oles y sus aliados ind\u00edgenas en 1521\u00bb, seg\u00fan el sitio Mem\u00f3rica del gobierno mexicano.<\/p>\n\n\n\n<p>El \u00abC\u00f3dice Borb\u00f3nico\u00bb, llamado as\u00ed porque est\u00e1 conservado en el Palacio Borb\u00f3n &#8211;sede de la Asamblea Nacional&#8211;, representa los \u00abcalendarios adivinatorios y solares\u00bb de la civilizaci\u00f3n mexica, se\u00f1ala la web del Ministerio de Cultura franc\u00e9s.<\/p>\n\n\n\n<p>Ambos datar\u00edan del siglo XVI, aunque algunos expertos consideran que el \u00abBorb\u00f3nico\u00bb podr\u00eda ser anterior, de finales del siglo XV.<\/p>\n\n\n\n<h2 class=\"wp-block-heading\"><strong>&#8211; \u00bfC\u00f3mo llegaron a Francia? &#8211;<\/strong><\/h2>\n\n\n\n<p>\u00abLa Biblioteca de la Asamblea Nacional adquiri\u00f3 el &#8216;Codex Borbonicus&#8217; durante una subasta en 1826\u00bb, explica la instituci\u00f3n, aunque se cree que fue robado de la biblioteca del El Escorial en Espa\u00f1a a\u00f1os antes durante la \u00e9poca napole\u00f3nica.<\/p>\n\n\n\n<p>Respecto al \u00abC\u00f3dice Azcatitl\u00e1n\u00bb, fue donado a la Biblioteca Nacional en 1898 por Augustine Goupil, viuda del coleccionista de origen franco-mexicano Eug\u00e8ne Goupil, junto a otros manuscritos, explica Jacquot.<\/p>\n\n\n\n<p>Y a condici\u00f3n de que \u00abesta colecci\u00f3n deber\u00e1 siempre conservarse en su integridad en la Biblioteca\u00bb, precisa Marie de Laubier, directora de Colecciones de la instituci\u00f3n.<\/p>\n\n\n\n<p><a href=\"https:\/\/www.excelsior.com.mx\/nacional\/codice-borbonico-y-azcatitlan-dos-reclamos-de-mexico-a-francia\/1750265#\"><\/a><\/p>\n\n\n\n<p><a href=\"https:\/\/clck.mgid.com\/ghits\/23023861\/i\/58132576\/0\/pp\/1\/1?h=3d0PCK5-EY0puVno9vba4LtFeJiyHvKWOkHfSEPXd2cuVB2pEFY1jz3mlToiLK2msMgTQ8Z9-W_8VXd_L1Foq_-jY6JQj69IoHcdJ_vfFUL-lbTglaTkkiIbAf1QFGjn&amp;rid=c0112101-bbf4-11f0-af80-c4cbe1e3eca4&amp;ts=excelsior.com.mx&amp;tt=Referral&amp;att=4&amp;cpm=1&amp;abd=1&amp;iv=17&amp;ct=1&amp;gdprApplies=0&amp;st=-360&amp;mp4=1&amp;h2=Y6oRqHVFKM_zhXt5bLip94NLSG4UbKMGxZxPQBEUpqYWlZs-Pp-ADGKPKcfxDhysLS85nygPkcnOLFXZKaE43w**&amp;k=1802588fc*f!fZp.GH0AfZp.I1ZMfMTIyYjc2NDAyMzgwZTJhOTk4ZWUyM2NkNDExM2Q0Mzk%3DfNjQ2*DIwNg%3D%3Df!ffW%3Dff!ff%2C*f%2C*ffYf*faHR0cHM6Ly93d3cuZXhjZWxzaW9yLmNvb%245teC9uYWNpb25hbC9jb2RpY2UtYm9yYm9uaWNvLXktYXpjYXRpdGxhbi1kb3MtcmVjbGFtb3MtZGUtbWV4aWNvLWEtZnJhbmNpY%248xNzUwMjY1fOzsvbmFjaW9uYWw%3DfKysvf~fNjQ2*DQzMTJ8NjMy*DQyMDg%3DfMg%3D%3Df%3Bf!fcfMjE2*DM4NHw0NDB8MTAyfjAfTsff!fTW96aWxsY%2481LjAgKE1hY2ludG9zaDsg%24W50ZWwgTWFjIE9TIFggMTB*MTV*NykgQXBwbGVXZWJLaXQvNTM3LjM2IChL%24FRNTCwgbGlrZ%24BHZWNrbykgQ2hyb21lLzE0Mi4wLjAuMCBTYWZhcmkvNTM3LjM2fUERGVmlld2Vy*ENocm9tZVBERlZpZXdlcnxDaHJvbWl1bVBERlZpZXdlcnxNaWNyb3NvZnRFZGdlUERGVmlld2Vy*FdlYktpdGJ1aWx0LWluUERGf!fTWFj%24W50ZWw%3DfLTM2MA%3D%3DfMXwxMDA%3DfMjI0MHwxMTM2fdW5rbm93bnw0Z3wwfK!f5fYfTViVQ%3Aff*(aAr2g%3B&amp;wrst=1762532726&amp;muid=p6u6wtGguGn9\" target=\"_blank\" rel=\"noreferrer noopener\"><\/a><\/p>\n\n\n\n<h2 class=\"wp-block-heading\"><strong>&#8211; \u00bfPor qu\u00e9 los reclama M\u00e9xico? &#8211;<\/strong><\/h2>\n\n\n\n<p>Desde el gobierno de Andr\u00e9s Manuel L\u00f3pez Obrador (2018-2024), predecesor de Sheinbaum, M\u00e9xico ha intensificado sus esfuerzos para recuperar patrimonio hist\u00f3rico y cultural que, por diversas causas, est\u00e1 fuera del pa\u00eds.<\/p>\n\n\n\n<blockquote class=\"wp-block-quote has-ast-global-color-4-background-color has-background has-medium-font-size is-layout-flow wp-block-quote-is-layout-flow\">\n<p>\u00abEl tr\u00e1fico de bienes culturales lastima a los pueblos\u00bb, declar\u00f3 en mayo el director del Instituto Nacional de Antropolog\u00eda e Historia (INAH), Diego Prieto, al informar de la repatriaci\u00f3n de 16.200 bienes culturales desde 2018.<\/p>\n<\/blockquote>\n\n\n\n<p>El jueves,&nbsp;<strong>Jos\u00e9 Alfonso Su\u00e1rez del Real<\/strong>, asesor de Sheinbaum, explic\u00f3 que abordar\u00e1n especialmente con Macron el env\u00edo del \u00abC\u00f3dice Azcatitl\u00e1n\u00bb en el marco de la pr\u00f3xima conmemoraci\u00f3n del bicentenario de las relaciones entre M\u00e9xico y Francia.<\/p>\n\n\n\n<p>Este manuscrito \u00abes fundamental para conocer el desarrollo de lo que fue M\u00e9xico Tenochtitlan desde su fundaci\u00f3n hasta principios del siglo XVII\u00bb y \u00abde enorme inter\u00e9s para el pueblo mexicano\u00bb, subray\u00f3 el funcionario.<\/p>\n\n\n\n<p>Sobre el&nbsp;<strong>\u00abBorb\u00f3nico<\/strong>\u00ab, Su\u00e1rez del Real explic\u00f3 en mayo que M\u00e9xico lo reclama desde el siglo XIX. En 2024, el pueblo h\u00f1\u00e4h\u00f1u insisti\u00f3 en su restituci\u00f3n porque contiene las \u00abf\u00f3rmulas\u00bb del ritual mexica del Fuego Nuevo \u00abque se conmemora en 2027\u00bb.<\/p>\n\n\n\n<p>El pueblo h\u00f1\u00e4h\u00f1u es uno de los grupos que conforman la naci\u00f3n ind\u00edgena otom\u00ed, y se localiza en el valle del Mezquital, en el central estado de Hidalgo. Su nombre viene de la variable ling\u00fc\u00edstica de su lengua nativa, caracterizada por su sonido nasal.<\/p>\n\n\n\n<h2 class=\"wp-block-heading\"><strong>&#8211; \u00bfQu\u00e9 responde Francia? &#8211;<\/strong><\/h2>\n\n\n\n<p>La presidencia francesa asegur\u00f3 que tienen \u00abun&nbsp;<strong>di\u00e1logo muy abierto<\/strong>&nbsp;con los mexicanos\u00bb sobre la cuesti\u00f3n de los c\u00f3dices, pero no siempre fue as\u00ed.<\/p>\n\n\n\n<p>Las relaciones se tensaron en 1982 cuando un abogado mexicano Jos\u00e9 Luis Casta\u00f1eda rob\u00f3 de la BnF el&nbsp;<strong>\u00abC\u00f3dice Tonal\u00e1matl<\/strong>\u00ab, que ahora se conserva en M\u00e9xico.<\/p>\n\n\n\n<p>Tanto la Asamblea Nacional como la Biblioteca Nacional de Francia defienden la legalidad de la posesi\u00f3n de los c\u00f3dices y subrayan el principio de \u00abinalienabilidad de las colecciones p\u00fablicas\u00bb.<\/p>\n\n\n\n<p>Diputados opositores de izquierda radical presentaron una proposici\u00f3n de ley en abril para derogar a ese principio y permitir ambas \u00abrestituciones\u00bb, pero esta iniciativa tiene pocos visos de prosperar.<\/p>\n\n\n\n<blockquote class=\"wp-block-quote is-layout-flow wp-block-quote-is-layout-flow\">\n<p class=\"has-ast-global-color-4-background-color has-background has-medium-font-size\">\u00abLa mesa de la Asamblea Nacional es el \u00fanico \u00f3rgano competente para decidir sobre [sus] colecciones\u00bb, explica a AFP su oficina de prensa.<\/p>\n<\/blockquote>\n\n\n\n<p>En octubre, la instituci\u00f3n acept\u00f3 as\u00ed participar en un grupo de&nbsp;<strong>expertos francomexicano<\/strong>&nbsp;\u00absobre los c\u00f3dices Borb\u00f3nico y Azcatitl\u00e1n\u00bb, agrega esta fuente.<\/p>\n\n\n\n<p>La conservaci\u00f3n de los manuscritos, que s\u00f3lo pueden exponerse de forma temporal vista su fragilidad, es otro de los argumentos.<\/p>\n\n\n\n<p>*bb<\/p>\n\n\n\n<p><\/p>\n\n\n\n<p>Fuente: <a href=\"https:\/\/www.excelsior.com.mx\/nacional\/codice-borbonico-y-azcatitlan-dos-reclamos-de-mexico-a-francia\/1750265\">https:\/\/www.excelsior.com.mx\/nacional\/codice-borbonico-y-azcatitlan-dos-reclamos-de-mexico-a-francia\/1750265<\/a><\/p>\n\n\n\n<p><\/p>\n","protected":false},"excerpt":{"rendered":"<p>M\u00e9xico busca la repatriaci\u00f3n de los c\u00f3dices Borb\u00f3nico y Azcatitl\u00e1n, se espera sea uno de los temas centrales en la [&hellip;]<\/p>\n","protected":false},"author":1,"featured_media":109982,"comment_status":"open","ping_status":"open","sticky":false,"template":"","format":"standard","meta":{"site-sidebar-layout":"default","site-content-layout":"","ast-site-content-layout":"default","site-content-style":"default","site-sidebar-style":"default","ast-global-header-display":"","ast-banner-title-visibility":"","ast-main-header-display":"","ast-hfb-above-header-display":"","ast-hfb-below-header-display":"","ast-hfb-mobile-header-display":"","site-post-title":"","ast-breadcrumbs-content":"","ast-featured-img":"","footer-sml-layout":"","theme-transparent-header-meta":"","adv-header-id-meta":"","stick-header-meta":"","header-above-stick-meta":"","header-main-stick-meta":"","header-below-stick-meta":"","astra-migrate-meta-layouts":"default","ast-page-background-enabled":"default","ast-page-background-meta":{"desktop":{"background-color":"var(--ast-global-color-4)","background-image":"","background-repeat":"repeat","background-position":"center center","background-size":"auto","background-attachment":"scroll","background-type":"","background-media":"","overlay-type":"","overlay-color":"","overlay-opacity":"","overlay-gradient":""},"tablet":{"background-color":"","background-image":"","background-repeat":"repeat","background-position":"center center","background-size":"auto","background-attachment":"scroll","background-type":"","background-media":"","overlay-type":"","overlay-color":"","overlay-opacity":"","overlay-gradient":""},"mobile":{"background-color":"","background-image":"","background-repeat":"repeat","background-position":"center center","background-size":"auto","background-attachment":"scroll","background-type":"","background-media":"","overlay-type":"","overlay-color":"","overlay-opacity":"","overlay-gradient":""}},"ast-content-background-meta":{"desktop":{"background-color":"var(--ast-global-color-5)","background-image":"","background-repeat":"repeat","background-position":"center center","background-size":"auto","background-attachment":"scroll","background-type":"","background-media":"","overlay-type":"","overlay-color":"","overlay-opacity":"","overlay-gradient":""},"tablet":{"background-color":"var(--ast-global-color-5)","background-image":"","background-repeat":"repeat","background-position":"center center","background-size":"auto","background-attachment":"scroll","background-type":"","background-media":"","overlay-type":"","overlay-color":"","overlay-opacity":"","overlay-gradient":""},"mobile":{"background-color":"var(--ast-global-color-5)","background-image":"","background-repeat":"repeat","background-position":"center center","background-size":"auto","background-attachment":"scroll","background-type":"","background-media":"","overlay-type":"","overlay-color":"","overlay-opacity":"","overlay-gradient":""}},"footnotes":""},"categories":[8],"tags":[25659,43048],"class_list":["post-109981","post","type-post","status-publish","format-standard","has-post-thumbnail","hentry","category-noticias","tag-codice-azcatitlan","tag-codice-borbonico"],"_links":{"self":[{"href":"https:\/\/losperiodistas.com.mx\/portal\/wp-json\/wp\/v2\/posts\/109981","targetHints":{"allow":["GET"]}}],"collection":[{"href":"https:\/\/losperiodistas.com.mx\/portal\/wp-json\/wp\/v2\/posts"}],"about":[{"href":"https:\/\/losperiodistas.com.mx\/portal\/wp-json\/wp\/v2\/types\/post"}],"author":[{"embeddable":true,"href":"https:\/\/losperiodistas.com.mx\/portal\/wp-json\/wp\/v2\/users\/1"}],"replies":[{"embeddable":true,"href":"https:\/\/losperiodistas.com.mx\/portal\/wp-json\/wp\/v2\/comments?post=109981"}],"version-history":[{"count":1,"href":"https:\/\/losperiodistas.com.mx\/portal\/wp-json\/wp\/v2\/posts\/109981\/revisions"}],"predecessor-version":[{"id":109983,"href":"https:\/\/losperiodistas.com.mx\/portal\/wp-json\/wp\/v2\/posts\/109981\/revisions\/109983"}],"wp:featuredmedia":[{"embeddable":true,"href":"https:\/\/losperiodistas.com.mx\/portal\/wp-json\/wp\/v2\/media\/109982"}],"wp:attachment":[{"href":"https:\/\/losperiodistas.com.mx\/portal\/wp-json\/wp\/v2\/media?parent=109981"}],"wp:term":[{"taxonomy":"category","embeddable":true,"href":"https:\/\/losperiodistas.com.mx\/portal\/wp-json\/wp\/v2\/categories?post=109981"},{"taxonomy":"post_tag","embeddable":true,"href":"https:\/\/losperiodistas.com.mx\/portal\/wp-json\/wp\/v2\/tags?post=109981"}],"curies":[{"name":"wp","href":"https:\/\/api.w.org\/{rel}","templated":true}]}}