{"id":109978,"date":"2025-11-07T10:18:30","date_gmt":"2025-11-07T16:18:30","guid":{"rendered":"https:\/\/losperiodistas.com.mx\/portal\/?p=109978"},"modified":"2025-11-07T10:18:31","modified_gmt":"2025-11-07T16:18:31","slug":"opinion-premios-de-la-ampep-renace-fuerza-x-mexico","status":"publish","type":"post","link":"https:\/\/losperiodistas.com.mx\/portal\/opinion-premios-de-la-ampep-renace-fuerza-x-mexico\/","title":{"rendered":"Opini\u00f3n | Premios de la AMPEP; renace Fuerza X M\u00e9xico"},"content":{"rendered":"\n<p class=\"has-medium-font-size\">*Ceremonia en el Congreso del Estado; FXM afiliar\u00e1 principalmente a mujeres<\/p>\n\n\n\n<figure class=\"wp-block-image size-large\"><img fetchpriority=\"high\" decoding=\"async\" width=\"1024\" height=\"576\" src=\"https:\/\/losperiodistas.com.mx\/portal\/wp-content\/uploads\/2025\/11\/PREMIOS-DE-LA-AMPEP-1024x576.jpg\" alt=\"\" class=\"wp-image-109979\" srcset=\"https:\/\/losperiodistas.com.mx\/portal\/wp-content\/uploads\/2025\/11\/PREMIOS-DE-LA-AMPEP-1024x576.jpg 1024w, https:\/\/losperiodistas.com.mx\/portal\/wp-content\/uploads\/2025\/11\/PREMIOS-DE-LA-AMPEP-300x169.jpg 300w, https:\/\/losperiodistas.com.mx\/portal\/wp-content\/uploads\/2025\/11\/PREMIOS-DE-LA-AMPEP-768x432.jpg 768w, https:\/\/losperiodistas.com.mx\/portal\/wp-content\/uploads\/2025\/11\/PREMIOS-DE-LA-AMPEP-1536x864.jpg 1536w, https:\/\/losperiodistas.com.mx\/portal\/wp-content\/uploads\/2025\/11\/PREMIOS-DE-LA-AMPEP.jpg 1600w\" sizes=\"(max-width: 1024px) 100vw, 1024px\" \/><\/figure>\n\n\n\n<p class=\"has-vivid-red-color has-text-color has-link-color has-medium-font-size wp-elements-1b1ce3f984c10224e0fe7e26b00bd74a\"><strong>Por Ra\u00fal Torres Salmer\u00f3n \/ Sin L\u00edmites<\/strong><\/p>\n\n\n\n<p>Con la presencia de destacadas personalidades del \u00e1mbito period\u00edstico, pol\u00edtico y acad\u00e9mico, la Asociaci\u00f3n de Mujeres Periodistas y Escritoras de Puebla (AMPEP), hizo la entrega del Premio Estatal de Periodismo AMPEP 2025, en el Auditorio del Congreso del Estado de Puebla.<\/p>\n\n\n\n<p>La ceremonia fue presidida por la Maestra Isabella Zozoaga Mu\u00f1oz, Presidenta de la AMPEP, quien destac\u00f3 que este premio \u201creconoce la \u00e9tica, el compromiso social y la calidad del periodismo poblano, en un momento en que la palabra veraz y responsable resulta indispensable para fortalecer la democracia y la convivencia\u201d.<\/p>\n\n\n\n<p>Durante su mensaje, el Diputado Local Pavel Gaspar Ram\u00edrez, Presidente de la Junta de Gobierno y Coordinaci\u00f3n Pol\u00edtica del Congreso del Estado y anfitri\u00f3n de esta ceremonia, reconoci\u00f3 el trabajo que realizan los periodistas poblanos, el papel de la AMPEP como referente de \u00e9tica, profesionalismo y compromiso social.<\/p>\n\n\n\n<p>Por su parte, Teodoro Renter\u00eda Arr\u00f3yave, Presidente de CONALIPE y Presidente Fundador y Vitalicio Honorario de FAPERMEX, dirigi\u00f3 un mensaje de reconocimiento a la AMPEP por su labor constante.<\/p>\n\n\n\n<p>En ese marco, FAPERMEX ofreci\u00f3 a Isabella Zozoaga integrarse a la planilla \u00fanica de renovaci\u00f3n de la Mesa Directiva Nacional, como Secretaria General, en reconocimiento a su liderazgo y trayectoria al frente de la organizaci\u00f3n poblana.<\/p>\n\n\n\n<p>Los ganadores del Premio Estatal de Periodismo AMPEP 2025, son:<\/p>\n\n\n\n<p>En Noticia, Jes\u00fas Kevin Casildo V\u00e1zquez y Juan Alvarado de TV Azteca; en Reportaje, Samantha P\u00e1ez Guzm\u00e1n de Manat\u00ed; en Entrevista, Andrea de Jes\u00fas Espinoza Morales de \u00c1ngulo 7; en Articulo de Opini\u00f3n, Adela Ram\u00edrez P\u00e9rez de Urbe Econ\u00f3mica; en Cr\u00f3nica, Hugo de la Cruz S\u00e1nchez de Primera L\u00ednea y en Periodismo de Investigaci\u00f3n, Carlos Moreno Parraguirre de e consulta.<\/p>\n\n\n\n<p>Entre los asistentes estuvieron Fernando Aguilar Robles, Secretario General de la FOTRAM; Blanca Alcal\u00e1 Ruiz, ex Diputada Federal; Javier Hern\u00e1ndez de Periodistas Unidos de Oaxaca; Margarita Palomino, Magistrada y Presidenta de 50+1 Puebla; Teodoro Renter\u00eda, Presidente de CONALIPE y fundador de FAPERMEX; Francisco Fraile Garc\u00eda, ex Diputado Federal y Ana Montero de Tribuna Comunicaci\u00f3n, entre otras personalidades.<\/p>\n\n\n\n<p>La AMPEP reafirma su misi\u00f3n de reconocer la excelencia period\u00edstica, fortalecer la libertad de expresi\u00f3n y promover la participaci\u00f3n de las mujeres en los medios y la cultura.<\/p>\n\n\n\n<p>IMPULSO A FUERZA X M\u00c9XICO<\/p>\n\n\n\n<p>Con un lleno total en el Auditorio de la Reforma y como testigo de honor al Gobernador Alejandro Armenta; el partido Fuerza X M\u00e9xico Puebla mostr\u00f3 su crecimiento, fortaleza y capacidad de convocatoria durante el arranque de la campa\u00f1a de afiliaci\u00f3n Puebla Rosa, Puebla Fuerte, encabezado por su Presidenta Estatal Maiella G\u00f3mez Maldonado, quien destac\u00f3 que el partido vive una nueva etapa de consolidaci\u00f3n. La campa\u00f1a se llama Se Buscan Mujeres.<\/p>\n\n\n\n<p>Durante su mensaje, la Presidenta manifest\u00f3 que Fuerza X M\u00e9xico Puebla ser\u00e1 el partido con el mayor crecimiento en el 2027 y como parte del encuentro, se tom\u00f3 protesta a las Embajadoras Rosas, que ser\u00e1n mujeres l\u00edderes que llevar\u00e1n el mensaje del partido a todo el territorio poblano, comprometi\u00e9ndose a contar con una Embajadora Rosa en cada secci\u00f3n electoral.<\/p>\n\n\n\n<p>Armenta asegur\u00f3 a todos los presentes que \u00abfuimos juntos en la elecci\u00f3n de 2024 y si Maiella, yo soy parte, me siento parte de Fuerza X M\u00e9xico, es una realidad pol\u00edtica en Puebla y en M\u00e9xico,&nbsp; un partido que est\u00e1 naciendo, que no tiene desprestigio hist\u00f3rico, por eso hay que cuidarlo\u00bb.<\/p>\n\n\n\n<p>El evento cont\u00f3 con la participaci\u00f3n de presidentes municipales, diputadas y diputados locales, regidoras y regidores emanados de Fuerza x M\u00e9xico Puebla, adem\u00e1s de invitados especiales y liderazgos provenientes de los 217 municipios.<\/p>\n\n\n\n<p>\u201cHoy Puebla se pinta de rosa, encabezado por mujeres y hombres reconocidos en sus comunidades, con principios y con talento\u201d expuso Maiella G\u00f3mez al final de su mensaje.<\/p>\n\n\n\n<p>Maiella G\u00f3mez, es Diputada Federal y Presidenta de la Comisi\u00f3n de Trabajo y Previsi\u00f3n Social de la C\u00e1mara de Diputados y hace poco, con el objetivo de saldar una deuda hist\u00f3rica con quienes viven del mar y la pesca, las Comisiones Unidas de Seguridad Social y de Trabajoputados, aprobaron el dictamen que reforma la Ley Federal del Trabajo y la Ley del Seguro Social para reconocer expresamente a las personas pescadoras como parte del sector agr\u00edcola y, por tanto, con derecho a seguridad social.<\/p>\n\n\n\n<p>La propuesta, presentada originalmente por la diputada Azucena Arreola Trinidad e integrantes de la Comisi\u00f3n de Pesca, modifica los art\u00edculos 279 de la Ley Federal del Trabajo y 5-A fracci\u00f3n XIX y 235 de la Ley del Seguro Social, incorporando el t\u00e9rmino \u201cpesqueras\u201d para eliminar vac\u00edos legales y garantizar la protecci\u00f3n laboral y m\u00e9dica de miles de trabajadores que, hasta ahora, permanec\u00edan en la informalidad.<\/p>\n\n\n\n<p>De acuerdo con datos del INEGI, en M\u00e9xico existen m\u00e1s de 216 mil personas ocupadas en el sector pesquero, de las cuales el 92.9 % son hombres y el 7.1 % mujeres, con un salario promedio de 7 mil pesos mensuales y el 86 por ciento labora en la informalidad, sin acceso a servicios m\u00e9dicos, pensiones o incapacidades, pese a que su labor es esencial para la alimentaci\u00f3n y el desarrollo regional.<\/p>\n\n\n\n<p>En fin, como escribi\u00f3 Francisco de Quevedo (Espa\u00f1a, 1580-1645), en su poema A Lope de Vega:<\/p>\n\n\n\n<p>Las fuerzas, Peregrino celebrado,<\/p>\n\n\n\n<p>afrentar\u00e1 del tiempo y del olvido<\/p>\n\n\n\n<p>el libro que, por tuyo, ha merecido<\/p>\n\n\n\n<p>ser del uno y del otro respetado.<\/p>\n\n\n\n<p>Con lazos de oro y yedra acompa\u00f1ado,<\/p>\n\n\n\n<p>el laurel con tu frente est\u00e1 corrido<\/p>\n\n\n\n<p>de ver que tus escritos han podido<\/p>\n\n\n\n<p>hacer cortos los premios que te ha dado.<\/p>\n\n\n\n<p>raultorress@hotmail.com<\/p>\n\n\n\n<hr class=\"wp-block-separator has-alpha-channel-opacity\"\/>\n\n\n\n<p><strong>+ OPINI\u00d3N : Las opiniones expresadas son responsabilidad del autor<\/strong><\/p>\n","protected":false},"excerpt":{"rendered":"<p>*Ceremonia en el Congreso del Estado; FXM afiliar\u00e1 principalmente a mujeres Por Ra\u00fal Torres Salmer\u00f3n \/ Sin L\u00edmites Con la [&hellip;]<\/p>\n","protected":false},"author":1,"featured_media":109979,"comment_status":"open","ping_status":"open","sticky":false,"template":"","format":"standard","meta":{"site-sidebar-layout":"default","site-content-layout":"","ast-site-content-layout":"default","site-content-style":"default","site-sidebar-style":"default","ast-global-header-display":"","ast-banner-title-visibility":"","ast-main-header-display":"","ast-hfb-above-header-display":"","ast-hfb-below-header-display":"","ast-hfb-mobile-header-display":"","site-post-title":"","ast-breadcrumbs-content":"","ast-featured-img":"","footer-sml-layout":"","theme-transparent-header-meta":"","adv-header-id-meta":"","stick-header-meta":"","header-above-stick-meta":"","header-main-stick-meta":"","header-below-stick-meta":"","astra-migrate-meta-layouts":"default","ast-page-background-enabled":"default","ast-page-background-meta":{"desktop":{"background-color":"var(--ast-global-color-4)","background-image":"","background-repeat":"repeat","background-position":"center center","background-size":"auto","background-attachment":"scroll","background-type":"","background-media":"","overlay-type":"","overlay-color":"","overlay-opacity":"","overlay-gradient":""},"tablet":{"background-color":"","background-image":"","background-repeat":"repeat","background-position":"center center","background-size":"auto","background-attachment":"scroll","background-type":"","background-media":"","overlay-type":"","overlay-color":"","overlay-opacity":"","overlay-gradient":""},"mobile":{"background-color":"","background-image":"","background-repeat":"repeat","background-position":"center center","background-size":"auto","background-attachment":"scroll","background-type":"","background-media":"","overlay-type":"","overlay-color":"","overlay-opacity":"","overlay-gradient":""}},"ast-content-background-meta":{"desktop":{"background-color":"var(--ast-global-color-5)","background-image":"","background-repeat":"repeat","background-position":"center center","background-size":"auto","background-attachment":"scroll","background-type":"","background-media":"","overlay-type":"","overlay-color":"","overlay-opacity":"","overlay-gradient":""},"tablet":{"background-color":"var(--ast-global-color-5)","background-image":"","background-repeat":"repeat","background-position":"center center","background-size":"auto","background-attachment":"scroll","background-type":"","background-media":"","overlay-type":"","overlay-color":"","overlay-opacity":"","overlay-gradient":""},"mobile":{"background-color":"var(--ast-global-color-5)","background-image":"","background-repeat":"repeat","background-position":"center center","background-size":"auto","background-attachment":"scroll","background-type":"","background-media":"","overlay-type":"","overlay-color":"","overlay-opacity":"","overlay-gradient":""}},"footnotes":""},"categories":[8,19],"tags":[4000,28274],"class_list":["post-109978","post","type-post","status-publish","format-standard","has-post-thumbnail","hentry","category-noticias","category-sin-limites-2","tag-ampep","tag-fxm"],"_links":{"self":[{"href":"https:\/\/losperiodistas.com.mx\/portal\/wp-json\/wp\/v2\/posts\/109978","targetHints":{"allow":["GET"]}}],"collection":[{"href":"https:\/\/losperiodistas.com.mx\/portal\/wp-json\/wp\/v2\/posts"}],"about":[{"href":"https:\/\/losperiodistas.com.mx\/portal\/wp-json\/wp\/v2\/types\/post"}],"author":[{"embeddable":true,"href":"https:\/\/losperiodistas.com.mx\/portal\/wp-json\/wp\/v2\/users\/1"}],"replies":[{"embeddable":true,"href":"https:\/\/losperiodistas.com.mx\/portal\/wp-json\/wp\/v2\/comments?post=109978"}],"version-history":[{"count":1,"href":"https:\/\/losperiodistas.com.mx\/portal\/wp-json\/wp\/v2\/posts\/109978\/revisions"}],"predecessor-version":[{"id":109980,"href":"https:\/\/losperiodistas.com.mx\/portal\/wp-json\/wp\/v2\/posts\/109978\/revisions\/109980"}],"wp:featuredmedia":[{"embeddable":true,"href":"https:\/\/losperiodistas.com.mx\/portal\/wp-json\/wp\/v2\/media\/109979"}],"wp:attachment":[{"href":"https:\/\/losperiodistas.com.mx\/portal\/wp-json\/wp\/v2\/media?parent=109978"}],"wp:term":[{"taxonomy":"category","embeddable":true,"href":"https:\/\/losperiodistas.com.mx\/portal\/wp-json\/wp\/v2\/categories?post=109978"},{"taxonomy":"post_tag","embeddable":true,"href":"https:\/\/losperiodistas.com.mx\/portal\/wp-json\/wp\/v2\/tags?post=109978"}],"curies":[{"name":"wp","href":"https:\/\/api.w.org\/{rel}","templated":true}]}}