{"id":10993,"date":"2021-08-01T08:59:24","date_gmt":"2021-08-01T13:59:24","guid":{"rendered":"http:\/\/losperiodistas.com.mx\/portal\/?p=10993"},"modified":"2021-08-01T08:59:25","modified_gmt":"2021-08-01T13:59:25","slug":"ine-da-inicio-a-consulta-popular-sobre-expresidentes-excelsior","status":"publish","type":"post","link":"https:\/\/losperiodistas.com.mx\/portal\/ine-da-inicio-a-consulta-popular-sobre-expresidentes-excelsior\/","title":{"rendered":"INE da inicio a consulta popular sobre expresidentes | Exc\u00e9lsior"},"content":{"rendered":"\n<p style=\"font-size:18px\"><em>Con la ceremonia de honores a la Bandera, el Instituto comenz\u00f3 la jornada para este ejercicio democr\u00e1tico; a partir de este momento la ciudadan\u00eda ya puede ejercer su voto<\/em><\/p>\n\n\n\n<figure class=\"wp-block-image size-large\"><img fetchpriority=\"high\" decoding=\"async\" width=\"800\" height=\"600\" src=\"https:\/\/losperiodistas.com.mx\/portal\/wp-content\/uploads\/2021\/08\/2619766-1.jpg\" alt=\"\" class=\"wp-image-10995\" srcset=\"https:\/\/losperiodistas.com.mx\/portal\/wp-content\/uploads\/2021\/08\/2619766-1.jpg 800w, https:\/\/losperiodistas.com.mx\/portal\/wp-content\/uploads\/2021\/08\/2619766-1-300x225.jpg 300w, https:\/\/losperiodistas.com.mx\/portal\/wp-content\/uploads\/2021\/08\/2619766-1-768x576.jpg 768w\" sizes=\"(max-width: 800px) 100vw, 800px\" \/><figcaption>Con una ceremonia de honores a la Bandera, el INE dio inicio a la consulta popular sobre expresidentes. Imagen: Captura de video<\/figcaption><\/figure>\n\n\n\n<p><\/p>\n\n\n\n<p class=\"has-vivid-cyan-blue-color has-text-color has-medium-font-size\">REDACCI\u00d3N EXCELSIOR<\/p>\n\n\n\n<p><strong>CIUDAD DE M\u00c9XICO.&nbsp;<\/strong>Con la ceremonia de honores a la Bandera, el Instituto Nacional Electoral (INE) dio inicio a la consulta popular sobre los expresidentes Carlos Salinas de Gortari, Ernesto Zedillo, Vicente Fox, Felipe Calder\u00f3n y Enrique Pe\u00f1a Nieto.<\/p>\n\n\n\n<p>En las casillas instaladas en el pa\u00eds, los ciudadanos podr\u00e1n participar en este acto democr\u00e1tico impulsado por el presidente Andr\u00e9s Manuel L\u00f3pez Obrador para emprender o no un proceso de esclarecimiento contra los \u201cactores pol\u00edticos del pasado\u201d.<\/p>\n\n\n\n<p>Te puede interesar:\u00a0<a href=\"https:\/\/www.excelsior.com.mx\/nacional\/resultados-de-consulta-ciudadana-estaran-disponibles-la-noche-del-domingo-ine\/1463280\" target=\"_blank\" rel=\"noreferrer noopener\"><strong>Resultados de consulta ciudadana estar\u00e1n disponibles la noche del domingo: INE<\/strong><\/a><\/p>\n\n\n\n<p>La pregunta que fue aprobada por la Suprema Corte de Justicia de la Naci\u00f3n y la cual ser\u00e1 votada por un \u201cs\u00ed\u201d o un \u201cno\u201d, es la siguiente:<\/p>\n\n\n\n<p>\u201c\u00bfEst\u00e1s de acuerdo o no en que se lleven a cabo las acciones pertinentes con apego al marco constitucional y legal, para emprender un proceso de esclarecimiento de las decisiones pol\u00edticas tomadas en los a\u00f1os pasados por los actores pol\u00edticos, encaminado a garantizar la justicia y los derechos de las posibles v\u00edctimas?\u201d.<\/p>\n\n\n\n<p>Para que el resultado de la consulta sea vinculante, es necesario que el 40 por ciento de los ciudadanos inscritos en el padr\u00f3n electoral ejerzan su derecho al voto; es decir, deber\u00edan hacerlo al menos 37 millones 439 mil 23 personas.<\/p>\n\n\n\n<figure class=\"wp-block-embed is-type-rich is-provider-twitter wp-block-embed-twitter\"><div class=\"wp-block-embed__wrapper\">\n<blockquote class=\"twitter-tweet\" data-width=\"500\" data-dnt=\"true\"><p lang=\"es\" dir=\"ltr\">Recuerda llevar tu cubrebocas, mantener la sana distancia y aplicar gel antibacterial para participar en la <a href=\"https:\/\/twitter.com\/hashtag\/ConsultaPopular?src=hash&amp;ref_src=twsrc%5Etfw\">#ConsultaPopular<\/a>.<br><br>\u00a1Haz valer tu voz! Porque te vamos a cuidar y nos vamos a cuidar. <a href=\"https:\/\/t.co\/odJ6xz0bak\">https:\/\/t.co\/odJ6xz0bak<\/a> <a href=\"https:\/\/t.co\/vXGRSROb0y\">pic.twitter.com\/vXGRSROb0y<\/a><\/p>&mdash; @INEMexico (@INEMexico) <a href=\"https:\/\/twitter.com\/INEMexico\/status\/1421820006069772294?ref_src=twsrc%5Etfw\">August 1, 2021<\/a><\/blockquote><script async src=\"https:\/\/platform.twitter.com\/widgets.js\" charset=\"utf-8\"><\/script>\n<\/div><\/figure>\n\n\n\n<p>Tras la ceremonia, el Consejo General del INE sesiona por la consulta popular para la cual se instalar\u00e1n m\u00e1s de 57 mil mesas receptoras, de acuerdo con el presidente consejero, Lorenzo C\u00f3rdova.<\/p>\n\n\n\n<p>Cabe destacar que con el objetivo de salvaguardar a la ciudadan\u00eda ante la pandemia por Covid-19, se aplicar\u00e1n medidas sanitarias en las mesas receptoras.<\/p>\n\n\n\n<h3 class=\"wp-block-heading\"><strong>\u00bfEn d\u00f3nde puedes votar en la consulta popular?<\/strong><\/h3>\n\n\n\n<p>La consulta se llevar\u00e1 a cabo en un horario de entre las 08:00 y las 18:00 horas.PUBLICIDAD<\/p>\n\n\n\n<p>Lo que necesitas llevar es tu credencial del INE vigente. Es importante que sepas que si no renovaste tu credencial en 2019 o 2020 tambi\u00e9n podr\u00e1s participar, pues el INE extendi\u00f3 su vigencia hasta el 1 de agosto con el fin de maximizar los derechos de los ciudadanos.<\/p>\n\n\n\n<p>Te puede interesar:&nbsp;<a href=\"https:\/\/www.excelsior.com.mx\/nacional\/lanzaron-al-cesto-cuatro-consultas-ciudadanas-la-consulta-popular-de-hoy-es-la-unica-que-ve\" target=\"_blank\" rel=\"noreferrer noopener\"><strong>Lanzaron al cesto cuatro consultas ciudadanas<\/strong><\/a><\/p>\n\n\n\n<p>Para consultar tu casilla debes entrar a la p\u00e1gina que puso a disposici\u00f3n el INE.&nbsp;<a href=\"https:\/\/ubicatumesa.ine.mx\/\" target=\"_blank\" rel=\"noreferrer noopener\">Dale click aqu\u00ed.<\/a><\/p>\n\n\n\n<p>La instalaci\u00f3n de las mesas tendr\u00e1 como base los domicilios que se utilizaron el pasado 6 de junio, y estar\u00e1n conformadas para recibir hasta dos mil personas.<\/p>\n\n\n\n<p>El INE aprovech\u00f3 la capacitaci\u00f3n de los funcionarios de casilla e invit\u00f3 otra vez a quienes lo fueron para as\u00ed integrar las mesas receptoras.<\/p>\n\n\n\n<p>Fuente: https:\/\/www.excelsior.com.mx\/nacional\/ine-da-inicio-a-consulta-popular-sobre-expresidentes\/1463390<\/p>\n","protected":false},"excerpt":{"rendered":"<p>Con la ceremonia de honores a la Bandera, el Instituto comenz\u00f3 la jornada para este ejercicio democr\u00e1tico; a partir de [&hellip;]<\/p>\n","protected":false},"author":1,"featured_media":10995,"comment_status":"open","ping_status":"open","sticky":false,"template":"","format":"standard","meta":{"site-sidebar-layout":"default","site-content-layout":"","ast-site-content-layout":"default","site-content-style":"default","site-sidebar-style":"default","ast-global-header-display":"","ast-banner-title-visibility":"","ast-main-header-display":"","ast-hfb-above-header-display":"","ast-hfb-below-header-display":"","ast-hfb-mobile-header-display":"","site-post-title":"","ast-breadcrumbs-content":"","ast-featured-img":"","footer-sml-layout":"","theme-transparent-header-meta":"","adv-header-id-meta":"","stick-header-meta":"","header-above-stick-meta":"","header-main-stick-meta":"","header-below-stick-meta":"","astra-migrate-meta-layouts":"default","ast-page-background-enabled":"default","ast-page-background-meta":{"desktop":{"background-color":"var(--ast-global-color-4)","background-image":"","background-repeat":"repeat","background-position":"center center","background-size":"auto","background-attachment":"scroll","background-type":"","background-media":"","overlay-type":"","overlay-color":"","overlay-opacity":"","overlay-gradient":""},"tablet":{"background-color":"","background-image":"","background-repeat":"repeat","background-position":"center center","background-size":"auto","background-attachment":"scroll","background-type":"","background-media":"","overlay-type":"","overlay-color":"","overlay-opacity":"","overlay-gradient":""},"mobile":{"background-color":"","background-image":"","background-repeat":"repeat","background-position":"center center","background-size":"auto","background-attachment":"scroll","background-type":"","background-media":"","overlay-type":"","overlay-color":"","overlay-opacity":"","overlay-gradient":""}},"ast-content-background-meta":{"desktop":{"background-color":"var(--ast-global-color-5)","background-image":"","background-repeat":"repeat","background-position":"center center","background-size":"auto","background-attachment":"scroll","background-type":"","background-media":"","overlay-type":"","overlay-color":"","overlay-opacity":"","overlay-gradient":""},"tablet":{"background-color":"var(--ast-global-color-5)","background-image":"","background-repeat":"repeat","background-position":"center center","background-size":"auto","background-attachment":"scroll","background-type":"","background-media":"","overlay-type":"","overlay-color":"","overlay-opacity":"","overlay-gradient":""},"mobile":{"background-color":"var(--ast-global-color-5)","background-image":"","background-repeat":"repeat","background-position":"center center","background-size":"auto","background-attachment":"scroll","background-type":"","background-media":"","overlay-type":"","overlay-color":"","overlay-opacity":"","overlay-gradient":""}},"footnotes":""},"categories":[8],"tags":[],"class_list":["post-10993","post","type-post","status-publish","format-standard","has-post-thumbnail","hentry","category-noticias"],"_links":{"self":[{"href":"https:\/\/losperiodistas.com.mx\/portal\/wp-json\/wp\/v2\/posts\/10993","targetHints":{"allow":["GET"]}}],"collection":[{"href":"https:\/\/losperiodistas.com.mx\/portal\/wp-json\/wp\/v2\/posts"}],"about":[{"href":"https:\/\/losperiodistas.com.mx\/portal\/wp-json\/wp\/v2\/types\/post"}],"author":[{"embeddable":true,"href":"https:\/\/losperiodistas.com.mx\/portal\/wp-json\/wp\/v2\/users\/1"}],"replies":[{"embeddable":true,"href":"https:\/\/losperiodistas.com.mx\/portal\/wp-json\/wp\/v2\/comments?post=10993"}],"version-history":[{"count":1,"href":"https:\/\/losperiodistas.com.mx\/portal\/wp-json\/wp\/v2\/posts\/10993\/revisions"}],"predecessor-version":[{"id":10996,"href":"https:\/\/losperiodistas.com.mx\/portal\/wp-json\/wp\/v2\/posts\/10993\/revisions\/10996"}],"wp:featuredmedia":[{"embeddable":true,"href":"https:\/\/losperiodistas.com.mx\/portal\/wp-json\/wp\/v2\/media\/10995"}],"wp:attachment":[{"href":"https:\/\/losperiodistas.com.mx\/portal\/wp-json\/wp\/v2\/media?parent=10993"}],"wp:term":[{"taxonomy":"category","embeddable":true,"href":"https:\/\/losperiodistas.com.mx\/portal\/wp-json\/wp\/v2\/categories?post=10993"},{"taxonomy":"post_tag","embeddable":true,"href":"https:\/\/losperiodistas.com.mx\/portal\/wp-json\/wp\/v2\/tags?post=10993"}],"curies":[{"name":"wp","href":"https:\/\/api.w.org\/{rel}","templated":true}]}}