{"id":10990,"date":"2021-08-01T08:50:08","date_gmt":"2021-08-01T13:50:08","guid":{"rendered":"http:\/\/losperiodistas.com.mx\/portal\/?p=10990"},"modified":"2021-08-01T08:50:09","modified_gmt":"2021-08-01T13:50:09","slug":"f1-checo-perez-queda-fuera-del-gran-premio-de-hungria-tras-choque-con-valtteri-bottas-infobae","status":"publish","type":"post","link":"https:\/\/losperiodistas.com.mx\/portal\/f1-checo-perez-queda-fuera-del-gran-premio-de-hungria-tras-choque-con-valtteri-bottas-infobae\/","title":{"rendered":"F1: Checo P\u00e9rez queda fuera del Gran Premio de Hungr\u00eda tras choque con Valtteri Bottas | Infobae"},"content":{"rendered":"\n<p style=\"font-size:18px\">El mexicano se despide del podio del GP de Hungr\u00eda luego que su unidad presentara severos da\u00f1os a causa del accidente provocado por el Mercedes Benz, Valtteri Bottas.<\/p>\n\n\n\n<p><\/p>\n\n\n\n<figure class=\"wp-block-image size-large\"><img fetchpriority=\"high\" decoding=\"async\" width=\"1024\" height=\"686\" src=\"https:\/\/losperiodistas.com.mx\/portal\/wp-content\/uploads\/2021\/08\/Captura-de-Pantalla-2021-08-01-a-las-8.37.41-1024x686.png\" alt=\"\" class=\"wp-image-10991\" srcset=\"https:\/\/losperiodistas.com.mx\/portal\/wp-content\/uploads\/2021\/08\/Captura-de-Pantalla-2021-08-01-a-las-8.37.41-1024x686.png 1024w, https:\/\/losperiodistas.com.mx\/portal\/wp-content\/uploads\/2021\/08\/Captura-de-Pantalla-2021-08-01-a-las-8.37.41-300x201.png 300w, https:\/\/losperiodistas.com.mx\/portal\/wp-content\/uploads\/2021\/08\/Captura-de-Pantalla-2021-08-01-a-las-8.37.41-768x515.png 768w, https:\/\/losperiodistas.com.mx\/portal\/wp-content\/uploads\/2021\/08\/Captura-de-Pantalla-2021-08-01-a-las-8.37.41.png 1310w\" sizes=\"(max-width: 1024px) 100vw, 1024px\" \/><figcaption>(Foto: REUTERS\/Christian Bruna)<\/figcaption><\/figure>\n\n\n\n<p class=\"has-vivid-cyan-blue-color has-text-color has-medium-font-size\">INFOBAE<\/p>\n\n\n\n<p>Este domingo,&nbsp;<strong>Sergio&nbsp;<\/strong><em><strong>Checo&nbsp;<\/strong><\/em><strong>P\u00e9rez de RedBull&nbsp;<\/strong>sostendr\u00e1 una fuerte pelea con los Mercedes Bens,&nbsp;<strong>Lewis Hamilton y Valtteri Bottas<\/strong>, en la&nbsp;<em>pole position&nbsp;<\/em>y segundo puesto respectivamente, por un lugar en el podio del&nbsp;<strong>Gran Premio de Hungr\u00eda 2021.<\/strong><\/p>\n\n\n\n<p>Para la carrera en el circuito de Hungaroring, el mexicano largar\u00e1 desde&nbsp;<strong>la cuarta posici\u00f3n&nbsp;<\/strong>por detr\u00e1s de la dupla Mercedes y de su compa\u00f1ero y&nbsp;<strong>l\u00edder del campeonato de pilotos, Max Verstappen.<\/strong>PUBLICIDAD<\/p>\n\n\n\n<p>Este resultado fue favorable para el tapat\u00edo, ya que tambi\u00e9n<strong>&nbsp;tendr\u00e1 la oportunidad de mejorar su posici\u00f3n en el campeonato de pilotos&nbsp;<\/strong>(5to lugar),luego que&nbsp;<strong>Lando Norris,&nbsp;<\/strong>de Mc Laren, quedar\u00e1 en el sexto puesto de la parrilla.<\/p>\n\n\n\n<p>Para antes de la carrera de este domingo, el tablero de la calsificaci\u00f3n de pilotos refleja las siguientes posiciones:<\/p>\n\n\n\n<p>1. Max Verstappen &#8211; 185 puntos<\/p>\n\n\n\n<p>2. Lewis Hamilton &#8211; 177<\/p>\n\n\n\n<p>3. Lando Norriz &#8211; 113<\/p>\n\n\n\n<p>4. Valtteri Bottas &#8211; 109<\/p>\n\n\n\n<p><strong>5. Sergio P\u00e9rez &#8211; 104<\/strong><\/p>\n\n\n\n<p><strong>\u00bfCu\u00e1ndo y donde ver el Gran Premio de Hungr\u00eda?<\/strong><\/p>\n\n\n\n<p>&#8211;&nbsp;<strong>D\u00eda<\/strong>: Domingo 1 de agosto<\/p>\n\n\n\n<p>&#8211;&nbsp;<strong>Hora<\/strong>: 08:00 horas tiempo centro de M\u00e9xico \/ 08:00 horas Colombia \/ 10:00 horas Argentina<\/p>\n\n\n\n<p>&#8211;<strong>Transmisi\u00f3n<\/strong>: La contienda se podr\u00e1 seguir a trav\u00e9s de Fox Sports 3, la aplicaci\u00f3n de F\u00f3rmula 1 o la se\u00f1al de Star Action Este (435 Sky)<\/p>\n\n\n\n<p><strong>MINUTO A MINUTO.<\/strong><\/p>\n\n\n\n<p><strong>08:21&nbsp;<\/strong>El Gran Premio de Hungr\u00eda reanudar\u00e1 a las&nbsp;<strong>08:32<\/strong><\/p>\n\n\n\n<p><strong>08:14&nbsp;<\/strong>Accidente en la vuelta 1 bajo investigaci\u00f3n; F1 informa: \u201c<strong>Bottas fue el primer culpable,<\/strong>&nbsp;frenando demasiado tarde despu\u00e9s de una escapada lenta. Entr\u00f3 en Norris, que entr\u00f3 en Verstappen. El propio finland\u00e9s en ese momento era un pasajero en un autom\u00f3vil da\u00f1ado, ya que tambi\u00e9n golpe\u00f3 a P\u00e9rez\u201d.<\/p>\n\n\n\n<p><strong>08.12 Bandera Roja,&nbsp;<\/strong>se suspende la carrera para remoci\u00f3n de escombros<img decoding=\"async\" alt=\"(Foto: F1)\" height=\"563\" width=\"1000\" src=\"https:\/\/www.infobae.com\/new-resizer\/IzSr40Y8yYpkh6VijM4mLlp91_c=\/420x236\/filters:format(jpg):quality(85)\/cloudfront-us-east-1.images.arcpublishing.com\/infobae\/I45JYCTQTBCRREVCASCZLLJII4.jpg%20420w\" srcset=\"https:\/\/www.infobae.com\/new-resizer\/IzSr40Y8yYpkh6VijM4mLlp91_c=\/420x236\/filters:format(jpg):quality(85)\/cloudfront-us-east-1.images.arcpublishing.com\/infobae\/I45JYCTQTBCRREVCASCZLLJII4.jpg 420w, https:\/\/www.infobae.com\/new-resizer\/9E4r5PCJHHAKm3P5TB42SJA5OIk=\/768x432\/filters:format(jpg):quality(85)\/cloudfront-us-east-1.images.arcpublishing.com\/infobae\/I45JYCTQTBCRREVCASCZLLJII4.jpg 768w, https:\/\/www.infobae.com\/new-resizer\/ecwFsNgkl6kIDlSdyNxd_yqaCgQ=\/992x558\/filters:format(jpg):quality(85)\/cloudfront-us-east-1.images.arcpublishing.com\/infobae\/I45JYCTQTBCRREVCASCZLLJII4.jpg 992w, https:\/\/www.infobae.com\/new-resizer\/WfVQ2IqWoGEc-0sC4Jc5qKK7QLc=\/1200x675\/filters:format(jpg):quality(85)\/cloudfront-us-east-1.images.arcpublishing.com\/infobae\/I45JYCTQTBCRREVCASCZLLJII4.jpg 1200w\">(Foto: F1)<\/p>\n\n\n\n<p><strong>08:10 Checo P\u00e9rez queda fuera de la carrera tras altercado en la vuelta 1<\/strong><\/p>\n\n\n\n<p><strong>08:08&nbsp;<\/strong>Checo P\u00e9rez desciende hasta la&nbsp;<strong>12 posici\u00f3n&nbsp;<\/strong>tras<strong>&nbsp;<\/strong>mal arranque de Valtteri Bottas que desencaden\u00f3 en una carambola que sac\u00f3 al Mercedes, Leclerc, Norris, Verstappen y P\u00e9rez del circuito.&nbsp;<strong>RedBull reporta da\u00f1os en el carro de Verstappen.<\/strong><\/p>\n\n\n\n<p><strong>08:04\u00a0<\/strong>Inicia Gran Premio de Hungr\u00eda<\/p>\n\n\n\n<p>Fuente: https:\/\/www.infobae.com\/america\/mexico\/2021\/08\/01\/f1-minuto-a-minuto-checo-perez-en-el-gran-premio-de-hungria\/<\/p>\n\n\n\n<p><\/p>\n","protected":false},"excerpt":{"rendered":"<p>El mexicano se despide del podio del GP de Hungr\u00eda luego que su unidad presentara severos da\u00f1os a causa del [&hellip;]<\/p>\n","protected":false},"author":1,"featured_media":10991,"comment_status":"open","ping_status":"open","sticky":false,"template":"","format":"standard","meta":{"site-sidebar-layout":"default","site-content-layout":"","ast-site-content-layout":"default","site-content-style":"default","site-sidebar-style":"default","ast-global-header-display":"","ast-banner-title-visibility":"","ast-main-header-display":"","ast-hfb-above-header-display":"","ast-hfb-below-header-display":"","ast-hfb-mobile-header-display":"","site-post-title":"","ast-breadcrumbs-content":"","ast-featured-img":"","footer-sml-layout":"","theme-transparent-header-meta":"","adv-header-id-meta":"","stick-header-meta":"","header-above-stick-meta":"","header-main-stick-meta":"","header-below-stick-meta":"","astra-migrate-meta-layouts":"default","ast-page-background-enabled":"default","ast-page-background-meta":{"desktop":{"background-color":"var(--ast-global-color-4)","background-image":"","background-repeat":"repeat","background-position":"center center","background-size":"auto","background-attachment":"scroll","background-type":"","background-media":"","overlay-type":"","overlay-color":"","overlay-opacity":"","overlay-gradient":""},"tablet":{"background-color":"","background-image":"","background-repeat":"repeat","background-position":"center center","background-size":"auto","background-attachment":"scroll","background-type":"","background-media":"","overlay-type":"","overlay-color":"","overlay-opacity":"","overlay-gradient":""},"mobile":{"background-color":"","background-image":"","background-repeat":"repeat","background-position":"center center","background-size":"auto","background-attachment":"scroll","background-type":"","background-media":"","overlay-type":"","overlay-color":"","overlay-opacity":"","overlay-gradient":""}},"ast-content-background-meta":{"desktop":{"background-color":"var(--ast-global-color-5)","background-image":"","background-repeat":"repeat","background-position":"center center","background-size":"auto","background-attachment":"scroll","background-type":"","background-media":"","overlay-type":"","overlay-color":"","overlay-opacity":"","overlay-gradient":""},"tablet":{"background-color":"var(--ast-global-color-5)","background-image":"","background-repeat":"repeat","background-position":"center center","background-size":"auto","background-attachment":"scroll","background-type":"","background-media":"","overlay-type":"","overlay-color":"","overlay-opacity":"","overlay-gradient":""},"mobile":{"background-color":"var(--ast-global-color-5)","background-image":"","background-repeat":"repeat","background-position":"center center","background-size":"auto","background-attachment":"scroll","background-type":"","background-media":"","overlay-type":"","overlay-color":"","overlay-opacity":"","overlay-gradient":""}},"footnotes":""},"categories":[8],"tags":[2955],"class_list":["post-10990","post","type-post","status-publish","format-standard","has-post-thumbnail","hentry","category-noticias","tag-checo-perez-gp-hungria"],"_links":{"self":[{"href":"https:\/\/losperiodistas.com.mx\/portal\/wp-json\/wp\/v2\/posts\/10990","targetHints":{"allow":["GET"]}}],"collection":[{"href":"https:\/\/losperiodistas.com.mx\/portal\/wp-json\/wp\/v2\/posts"}],"about":[{"href":"https:\/\/losperiodistas.com.mx\/portal\/wp-json\/wp\/v2\/types\/post"}],"author":[{"embeddable":true,"href":"https:\/\/losperiodistas.com.mx\/portal\/wp-json\/wp\/v2\/users\/1"}],"replies":[{"embeddable":true,"href":"https:\/\/losperiodistas.com.mx\/portal\/wp-json\/wp\/v2\/comments?post=10990"}],"version-history":[{"count":1,"href":"https:\/\/losperiodistas.com.mx\/portal\/wp-json\/wp\/v2\/posts\/10990\/revisions"}],"predecessor-version":[{"id":10992,"href":"https:\/\/losperiodistas.com.mx\/portal\/wp-json\/wp\/v2\/posts\/10990\/revisions\/10992"}],"wp:featuredmedia":[{"embeddable":true,"href":"https:\/\/losperiodistas.com.mx\/portal\/wp-json\/wp\/v2\/media\/10991"}],"wp:attachment":[{"href":"https:\/\/losperiodistas.com.mx\/portal\/wp-json\/wp\/v2\/media?parent=10990"}],"wp:term":[{"taxonomy":"category","embeddable":true,"href":"https:\/\/losperiodistas.com.mx\/portal\/wp-json\/wp\/v2\/categories?post=10990"},{"taxonomy":"post_tag","embeddable":true,"href":"https:\/\/losperiodistas.com.mx\/portal\/wp-json\/wp\/v2\/tags?post=10990"}],"curies":[{"name":"wp","href":"https:\/\/api.w.org\/{rel}","templated":true}]}}