{"id":10987,"date":"2021-08-01T08:28:42","date_gmt":"2021-08-01T13:28:42","guid":{"rendered":"http:\/\/losperiodistas.com.mx\/portal\/?p=10987"},"modified":"2021-08-01T08:28:47","modified_gmt":"2021-08-01T13:28:47","slug":"el-papa-advierte-contra-la-tentacion-de-una-fe-idolatrica-y-milagrera-aci","status":"publish","type":"post","link":"https:\/\/losperiodistas.com.mx\/portal\/el-papa-advierte-contra-la-tentacion-de-una-fe-idolatrica-y-milagrera-aci\/","title":{"rendered":"El Papa advierte contra la tentaci\u00f3n de una fe idol\u00e1trica y \u201cmilagrera\u201d | ACI"},"content":{"rendered":"\n<figure class=\"wp-block-image size-large\"><img fetchpriority=\"high\" decoding=\"async\" width=\"1024\" height=\"570\" src=\"https:\/\/losperiodistas.com.mx\/portal\/wp-content\/uploads\/2021\/08\/Captura-de-Pantalla-2021-08-01-a-las-8.25.18-1024x570.png\" alt=\"\" class=\"wp-image-10988\" srcset=\"https:\/\/losperiodistas.com.mx\/portal\/wp-content\/uploads\/2021\/08\/Captura-de-Pantalla-2021-08-01-a-las-8.25.18-1024x570.png 1024w, https:\/\/losperiodistas.com.mx\/portal\/wp-content\/uploads\/2021\/08\/Captura-de-Pantalla-2021-08-01-a-las-8.25.18-300x167.png 300w, https:\/\/losperiodistas.com.mx\/portal\/wp-content\/uploads\/2021\/08\/Captura-de-Pantalla-2021-08-01-a-las-8.25.18-768x427.png 768w, https:\/\/losperiodistas.com.mx\/portal\/wp-content\/uploads\/2021\/08\/Captura-de-Pantalla-2021-08-01-a-las-8.25.18.png 1520w\" sizes=\"(max-width: 1024px) 100vw, 1024px\" \/><figcaption>El Papa saluda a los fieles que asisten al \u00c1ngelus dominical. Foto: Vatican Media<\/figcaption><\/figure>\n\n\n\n<p><\/p>\n\n\n\n<p class=\"has-vivid-cyan-blue-color has-text-color has-medium-font-size\">MIGUEL P\u00c9REZ PICHEL \/ ACI PRENSA<\/p>\n\n\n\n<p>El Papa Francisco advirti\u00f3 contra la tentaci\u00f3n de una fe idol\u00e1trica, una fe que se quede en lo superficial, una fe \u2018milagrera\u2019, es decir, que s\u00f3lo busca el milagro, una fe m\u00e1gica, una fe inmadura puesta en las necesidades humanas y no en Dios.<\/p>\n\n\n\n<p>Durante el rezo del \u00c1ngelus dominical este 1 de agosto, el Pont\u00edfice reflexion\u00f3 sobre la reacci\u00f3n de la multitud que segu\u00eda a Jes\u00fas tras el milagro de la multiplicaci\u00f3n de los panes y los peces.<\/p>\n\n\n\n<p>Jes\u00fas se sube a una barca para dirigirse hacia Cafarna\u00fam y la gente lo sigue tambi\u00e9n desde unas embarcaciones.<\/p>\n\n\n\n<p>El Pont\u00edfice explic\u00f3 que esta escena podr\u00eda parecer que est\u00e1 sucediendo algo bueno, pues la gente se pone en movimiento para buscar a Jes\u00fas. \u201cSin embargo, el Evangelio nos ense\u00f1a que no basta con buscar a Dios, es necesario preguntarse tambi\u00e9n el motivo por el que se le busca\u201d, subray\u00f3 el Papa.<\/p>\n\n\n\n<p>De hecho, \u201cJes\u00fas dice: \u2018Vosotros me busc\u00e1is, no porque hab\u00e9is visto se\u00f1ales, sino porque hab\u00e9is comido de los panes y os hab\u00e9is saciado\u2019\u201d.<\/p>\n\n\n\n<p>\u201cLa gente, efectivamente, hab\u00eda asistido al milagro de la multiplicaci\u00f3n de los panes, pero no hab\u00eda captado el significado de aquel gesto: se hab\u00eda quedado en el milagro externo, se hab\u00eda quedado en el pan material. S\u00f3lo ah\u00ed, sin ir m\u00e1s all\u00e1, hacia el significado de esto\u201d, afirm\u00f3 Francisco.<\/p>\n\n\n\n<p>Por ello, el Papa invit\u00f3 a hacerse una serie de preguntas: \u201c\u00bfPor qu\u00e9 buscamos al Se\u00f1or? \u00bfPor qu\u00e9 busco yo al Se\u00f1or? \u00bfCu\u00e1les son las motivaciones de mi fe, de nuestra fe?\u201d.<\/p>\n\n\n\n<p>\u201cNecesitamos discernirlo porque entre las muchas tentaciones, que tenemos en la vida, hay una que podr\u00edamos llamar la tentaci\u00f3n idol\u00e1trica\u201d, insisti\u00f3.<\/p>\n\n\n\n<p>Esa tentaci\u00f3n idol\u00e1trica \u201ces la que nos impulsa a buscar a Dios para nuestro uso y consumo, para resolver los problemas, para tener gracias a \u00c9l lo que no podemos conseguir por nosotros mismos\u201d.<\/p>\n\n\n\n<p>Es decir, \u201cpor inter\u00e9s. Pero de este modo, la fe se queda en lo superficial, y tambi\u00e9n, me permito la palabra, la fe se queda \u2018milagrera\u2019: buscamos a Dios para que nos alimente y luego nos olvidamos de \u00c9l cuando estamos satisfechos\u201d.<\/p>\n\n\n\n<p>\u201cEn el centro de esta fe inmadura no est\u00e1 Dios, sino nuestras necesidades, nuestros intereses y tantas cosas\u201d.<\/p>\n\n\n\n<p>El Santo Padre reconoci\u00f3 que \u201ces justo presentar nuestras necesidades al coraz\u00f3n de Dios, pero el Se\u00f1or, que act\u00faa mucho m\u00e1s all\u00e1 de nuestras expectativas, desea vivir con nosotros ante todo en una relaci\u00f3n de amor, y el verdadero amor es desinteresado, es gratuito: \u00a1no se ama para recibir un favor a cambio! Eso es inter\u00e9s, y muchas veces en la vida somos unos interesados\u201d.<\/p>\n\n\n\n<p>\u201cNos puede ayudar una segunda pregunta que la multitud dirige a Jes\u00fas: \u2018\u00bfQu\u00e9 hemos de hacer para obrar las obras de Dios?\u2019. Es como si la gente, provocada por Jes\u00fas, dijera: \u2018\u00bfC\u00f3mo podemos purificar nuestra b\u00fasqueda de Dios? \u00bfC\u00f3mo pasar de una fe m\u00e1gica, que s\u00f3lo piensa en las propias necesidades, a la fe que agrada a Dios?\u2019\u201d.<\/p>\n\n\n\n<p>El Papa invit\u00f3 a escuchar las palabras de Jes\u00fas en el Evangelio para encontrar el camino: \u201cresponde que la obra de Dios es acoger a quien el Padre ha enviado, es decir, a \u00c9l mismo, a Jes\u00fas\u201d.<\/p>\n\n\n\n<p>Por el contrario, la obra de Dios \u201cno es a\u00f1adir pr\u00e1cticas religiosas u observar preceptos especiales; es acoger a Jes\u00fas en nuestras vidas, vivir una historia de amor con \u00c9l. Ser\u00e1 \u00c9l quien purifique nuestra fe. No podemos hacerlo por nosotros mismos\u201d.<\/p>\n\n\n\n<p>\u201cEl Se\u00f1or desea una relaci\u00f3n de amor con nosotros: antes de las cosas que recibimos y hacemos, est\u00e1 \u00c9l para amar. Hay una relaci\u00f3n con \u00c9l que va m\u00e1s all\u00e1 de la l\u00f3gica del inter\u00e9s y del c\u00e1lculo\u201d.<\/p>\n\n\n\n<p>El Papa Francisco hizo hincapi\u00e9 en que esta relaci\u00f3n de amor que supera la l\u00f3gica del inter\u00e9s es tambi\u00e9n aplicable a las relaciones humanas y sociales: \u201cCuando buscamos sobre todo la satisfacci\u00f3n de nuestras necesidades, corremos el riesgo de utilizar a las personas y explotar las situaciones para nuestros fines. Cu\u00e1ntas veces hemos escuchado decir de una persona que \u2018\u00e9ste usa a la gente y luego se olvida\u2019. Usar a las personas para el propio beneficio. Es feo eso\u201d.<\/p>\n\n\n\n<p>En ese sentido, advirti\u00f3 que \u201cuna sociedad cuyo centro sean los intereses en lugar de las personas es una sociedad que no genera vida\u201d.<\/p>\n\n\n\n<p>En definitiva, \u201cla invitaci\u00f3n del Evangelio es \u00e9sta: en lugar de preocuparnos s\u00f3lo por el pan material que nos quita el hambre, acojamos a Jes\u00fas como pan de vida y, a partir de nuestra amistad con \u00c9l, aprendamos a amarnos entre nosotros. Con gratuidad y sin c\u00e1lculo. Amor gratuito y sin c\u00e1lculos. Sin usar a la gente, con gratuidad, con generosidad, con magnanimidad\u201d.<\/p>\n\n\n\n<p>Fuente: https:\/\/www.aciprensa.com\/noticias\/el-papa-advierte-contra-la-tentacion-de-una-fe-idolatrica-y-milagrista-89659<\/p>\n","protected":false},"excerpt":{"rendered":"<p>MIGUEL P\u00c9REZ PICHEL \/ ACI PRENSA El Papa Francisco advirti\u00f3 contra la tentaci\u00f3n de una fe idol\u00e1trica, una fe que [&hellip;]<\/p>\n","protected":false},"author":1,"featured_media":10988,"comment_status":"open","ping_status":"open","sticky":false,"template":"","format":"standard","meta":{"site-sidebar-layout":"default","site-content-layout":"","ast-site-content-layout":"default","site-content-style":"default","site-sidebar-style":"default","ast-global-header-display":"","ast-banner-title-visibility":"","ast-main-header-display":"","ast-hfb-above-header-display":"","ast-hfb-below-header-display":"","ast-hfb-mobile-header-display":"","site-post-title":"","ast-breadcrumbs-content":"","ast-featured-img":"","footer-sml-layout":"","theme-transparent-header-meta":"","adv-header-id-meta":"","stick-header-meta":"","header-above-stick-meta":"","header-main-stick-meta":"","header-below-stick-meta":"","astra-migrate-meta-layouts":"default","ast-page-background-enabled":"default","ast-page-background-meta":{"desktop":{"background-color":"var(--ast-global-color-4)","background-image":"","background-repeat":"repeat","background-position":"center center","background-size":"auto","background-attachment":"scroll","background-type":"","background-media":"","overlay-type":"","overlay-color":"","overlay-opacity":"","overlay-gradient":""},"tablet":{"background-color":"","background-image":"","background-repeat":"repeat","background-position":"center center","background-size":"auto","background-attachment":"scroll","background-type":"","background-media":"","overlay-type":"","overlay-color":"","overlay-opacity":"","overlay-gradient":""},"mobile":{"background-color":"","background-image":"","background-repeat":"repeat","background-position":"center center","background-size":"auto","background-attachment":"scroll","background-type":"","background-media":"","overlay-type":"","overlay-color":"","overlay-opacity":"","overlay-gradient":""}},"ast-content-background-meta":{"desktop":{"background-color":"var(--ast-global-color-5)","background-image":"","background-repeat":"repeat","background-position":"center center","background-size":"auto","background-attachment":"scroll","background-type":"","background-media":"","overlay-type":"","overlay-color":"","overlay-opacity":"","overlay-gradient":""},"tablet":{"background-color":"var(--ast-global-color-5)","background-image":"","background-repeat":"repeat","background-position":"center center","background-size":"auto","background-attachment":"scroll","background-type":"","background-media":"","overlay-type":"","overlay-color":"","overlay-opacity":"","overlay-gradient":""},"mobile":{"background-color":"var(--ast-global-color-5)","background-image":"","background-repeat":"repeat","background-position":"center center","background-size":"auto","background-attachment":"scroll","background-type":"","background-media":"","overlay-type":"","overlay-color":"","overlay-opacity":"","overlay-gradient":""}},"footnotes":""},"categories":[8],"tags":[2954,2952,2953,196],"class_list":["post-10987","post","type-post","status-publish","format-standard","has-post-thumbnail","hentry","category-noticias","tag-angelus","tag-idolatria","tag-milagreria","tag-papa-francisco"],"_links":{"self":[{"href":"https:\/\/losperiodistas.com.mx\/portal\/wp-json\/wp\/v2\/posts\/10987","targetHints":{"allow":["GET"]}}],"collection":[{"href":"https:\/\/losperiodistas.com.mx\/portal\/wp-json\/wp\/v2\/posts"}],"about":[{"href":"https:\/\/losperiodistas.com.mx\/portal\/wp-json\/wp\/v2\/types\/post"}],"author":[{"embeddable":true,"href":"https:\/\/losperiodistas.com.mx\/portal\/wp-json\/wp\/v2\/users\/1"}],"replies":[{"embeddable":true,"href":"https:\/\/losperiodistas.com.mx\/portal\/wp-json\/wp\/v2\/comments?post=10987"}],"version-history":[{"count":1,"href":"https:\/\/losperiodistas.com.mx\/portal\/wp-json\/wp\/v2\/posts\/10987\/revisions"}],"predecessor-version":[{"id":10989,"href":"https:\/\/losperiodistas.com.mx\/portal\/wp-json\/wp\/v2\/posts\/10987\/revisions\/10989"}],"wp:featuredmedia":[{"embeddable":true,"href":"https:\/\/losperiodistas.com.mx\/portal\/wp-json\/wp\/v2\/media\/10988"}],"wp:attachment":[{"href":"https:\/\/losperiodistas.com.mx\/portal\/wp-json\/wp\/v2\/media?parent=10987"}],"wp:term":[{"taxonomy":"category","embeddable":true,"href":"https:\/\/losperiodistas.com.mx\/portal\/wp-json\/wp\/v2\/categories?post=10987"},{"taxonomy":"post_tag","embeddable":true,"href":"https:\/\/losperiodistas.com.mx\/portal\/wp-json\/wp\/v2\/tags?post=10987"}],"curies":[{"name":"wp","href":"https:\/\/api.w.org\/{rel}","templated":true}]}}