{"id":109833,"date":"2025-11-05T17:46:38","date_gmt":"2025-11-05T23:46:38","guid":{"rendered":"https:\/\/losperiodistas.com.mx\/portal\/?p=109833"},"modified":"2025-11-05T17:46:40","modified_gmt":"2025-11-05T23:46:40","slug":"cjng-esta-detras-del-asesinato-del-alcalde-de-uruapan-hay-varios-elementos-revela-fiscal-de-michoacan-el-financiero","status":"publish","type":"post","link":"https:\/\/losperiodistas.com.mx\/portal\/cjng-esta-detras-del-asesinato-del-alcalde-de-uruapan-hay-varios-elementos-revela-fiscal-de-michoacan-el-financiero\/","title":{"rendered":"CJNG est\u00e1 detr\u00e1s del asesinato del alcalde de Uruapan: \u2018Hay varios elementos\u2019, revela fiscal de Michoac\u00e1n | El Financiero"},"content":{"rendered":"\n<h2 class=\"wp-block-heading\">El fiscal de Michoac\u00e1n no descarta que el homicidio se deba a la captura de \u2018El Rino\u2019, l\u00edder regional del CJNG.<\/h2>\n\n\n\n<figure class=\"wp-block-image size-large\"><img fetchpriority=\"high\" decoding=\"async\" width=\"1024\" height=\"576\" src=\"https:\/\/losperiodistas.com.mx\/portal\/wp-content\/uploads\/2025\/11\/MP3JUZ2PBJAZBIY2HOZS7FXBFY-1024x576.avif\" alt=\"\" class=\"wp-image-109834\" srcset=\"https:\/\/losperiodistas.com.mx\/portal\/wp-content\/uploads\/2025\/11\/MP3JUZ2PBJAZBIY2HOZS7FXBFY-1024x576.avif 1024w, https:\/\/losperiodistas.com.mx\/portal\/wp-content\/uploads\/2025\/11\/MP3JUZ2PBJAZBIY2HOZS7FXBFY-300x169.avif 300w, https:\/\/losperiodistas.com.mx\/portal\/wp-content\/uploads\/2025\/11\/MP3JUZ2PBJAZBIY2HOZS7FXBFY-768x432.avif 768w, https:\/\/losperiodistas.com.mx\/portal\/wp-content\/uploads\/2025\/11\/MP3JUZ2PBJAZBIY2HOZS7FXBFY.avif 1200w\" sizes=\"(max-width: 1024px) 100vw, 1024px\" \/><figcaption class=\"wp-element-caption\">Uruapan es una de las ciudades michoacanas que est\u00e1 en disputa entre el CJNG y la organizaci\u00f3n Los Caballeros Templarios. Foto: Cuartoscuro&nbsp;(Andrea Murcia Monsivais)<\/figcaption><\/figure>\n\n\n\n<p class=\"has-vivid-red-color has-text-color has-link-color has-medium-font-size wp-elements-6f0a687e2e774ef1bf1cd0d3bfd3b20d\"><strong>Por\u00a0Sa\u00fal David Vela \/ El Financiero<\/strong><\/p>\n\n\n\n<p><\/p>\n\n\n\n<p>El&nbsp;<a href=\"https:\/\/www.elfinanciero.com.mx\/nacional\/2025\/11\/04\/carlos-manzo-iba-a-ser-el-proximo-presidente-de-mexico-amigo-de-alcalde-asesinado-comparte-su-reaccion\/\" target=\"_blank\" rel=\"noreferrer noopener\">homicidio de Carlos Alberto Manzo Rodr\u00edguez<\/a>,&nbsp;<strong>alcalde de Uruapan<\/strong>, el 1 de noviembre pasado, apunta al&nbsp;<strong>C\u00e1rtel Jalisco Nueva Generaci\u00f3n (CJNG)<\/strong>, dijo a&nbsp;<em>El Financiero&nbsp;<\/em>el fiscal general de Michoac\u00e1n,&nbsp;<strong>Carlos Torres Pi\u00f1a.<\/strong><\/p>\n\n\n\n<p>En entrevista telef\u00f3nica, advirti\u00f3 que hay elementos para consolidar dicha hip\u00f3tesis, como el hecho de que el arma utilizada en el&nbsp;<a href=\"https:\/\/www.elfinanciero.com.mx\/estados\/2025\/11\/01\/atentado-contra-carlos-manzo-asi-fue-el-ataque-donde-murio-el-alcalde-de-uruapan\/\" target=\"_blank\" rel=\"noreferrer noopener\">asesinato del alcalde Manzo Rodr\u00edguez<\/a>&nbsp;se utiliz\u00f3 en dos ocasiones anteriores para&nbsp;<strong>asesinar a rivales de dicho c\u00e1rtel.<\/strong><\/p>\n\n\n\n<p>Una fue el 16 de octubre cuando asesinaron a dos personas, y otra el 23 de octubre en un bar donde asesinaron a una persona y otra result\u00f3 herida. Ambos casos ocurrieron en&nbsp;<strong>Uruapan<\/strong>&nbsp;y las v\u00edctimas presuntamente est\u00e1n relacionadas con la&nbsp;<a href=\"https:\/\/www.elfinanciero.com.mx\/nacional\/2025\/11\/03\/la-sombra-del-cjng-planea-sobre-el-caso-de-carlos-manzo-que-sabemos-de-el-cuate\/\" target=\"_blank\" rel=\"noreferrer noopener\">organizaci\u00f3n antag\u00f3nica al CJNG<\/a>.<\/p>\n\n\n\n<p>De acuerdo con informes de autoridades locales y federales, Uruapan es una de las ciudades michoacanas que est\u00e1 en&nbsp;<a href=\"https:\/\/www.elfinanciero.com.mx\/nacional\/2025\/11\/04\/carlos-manzo-denuncio-violencia-en-uruapan-como-inicio-la-guerra-contra-el-narco-de-calderon-en-michoacan\/\" target=\"_blank\" rel=\"noreferrer noopener\">disputa entre el CJNG<\/a>&nbsp;y la&nbsp;<strong>organizaci\u00f3n Los Caballeros Templarios.<\/strong><\/p>\n\n\n\n<h2 class=\"wp-block-heading\">Homicidio de Carlos Manzo se relacionar\u00eda con detenci\u00f3n de \u2018El Rino\u2019<\/h2>\n\n\n\n<p>El fiscal Torres dijo que no se descarta, incluso, que el homicidio del presidente municipal est\u00e9 relacionado con la reciente detenci\u00f3n de&nbsp;<strong>Ren\u00e9 Belmonte Aguilar<\/strong>, \u2018El Rino\u2019,&nbsp;<a href=\"https:\/\/www.elfinanciero.com.mx\/estados\/2025\/11\/04\/manzo-sabia-que-asumia-un-riesgo-gobernador-de-michoacan-asegura-que-el-narco-esta-detras-del-crimen\/\" target=\"_blank\" rel=\"noreferrer noopener\">l\u00edder regional del CJNG<\/a>&nbsp;y cuya captura estuvo a cargo de la polic\u00eda municipal de Uruapan.<\/p>\n\n\n\n<p>\u201cS\u00ed, fue un hecho que el alcalde publicit\u00f3 mucho y no se descarta ninguna posibilidad, ninguna l\u00ednea de investigaci\u00f3n, incluso esta, como m\u00f3vil del crimen\u201d, dijo el funcionario.<\/p>\n\n\n\n<p><a href=\"https:\/\/www.elfinanciero.com.mx\/estados\/2025\/11\/04\/grecia-quiroz-gobernara-uruapan-congreso-de-michoacan-votara-si-viuda-de-carlos-manzo-asume-el-cargo\/\"><\/a><a href=\"https:\/\/www.elfinanciero.com.mx\/estados\/2025\/11\/04\/grecia-quiroz-gobernara-uruapan-congreso-de-michoacan-votara-si-viuda-de-carlos-manzo-asume-el-cargo\/\"><\/a><\/p>\n\n\n\n<h2 class=\"wp-block-heading has-medium-font-size\"><a href=\"https:\/\/www.elfinanciero.com.mx\/estados\/2025\/11\/04\/grecia-quiroz-gobernara-uruapan-congreso-de-michoacan-votara-si-viuda-de-carlos-manzo-asume-el-cargo\/\">\u00bfGrecia Quiroz gobernar\u00e1 Uruapan? Congreso de Michoac\u00e1n votar\u00e1 si viuda de Carlos Manzo asume el cargo<\/a><\/h2>\n\n\n\n<hr class=\"wp-block-separator has-alpha-channel-opacity\"\/>\n\n\n\n<p>Destac\u00f3 que la muerte del&nbsp;<strong>sicario<\/strong>&nbsp;ha dificultado las investigaciones, pero explic\u00f3 que se est\u00e1 en proceso de identificar a dos personas m\u00e1s como c\u00f3mplices en este hecho.<\/p>\n\n\n\n<p>Una de ellas habr\u00eda proporcionado ropa al joven sicario y la otra estuvo con \u00e9l durante alg\u00fan tiempo, incluso haciendo compras en tiendas de conveniencia.<\/p>\n\n\n\n<p>Puntualiz\u00f3 que entre los testigos de los hechos ya comparecieron los 14 elementos de la&nbsp;<strong>Guardia Nacional<\/strong>&nbsp;que estaban asignados a la escolta del alcalde, as\u00ed como los ocho polic\u00edas municipales que ten\u00edan a su cargo la seguridad en el primer c\u00edrculo del funcionario.<\/p>\n\n\n\n<p>Record\u00f3 que pese a las&nbsp;<a href=\"https:\/\/www.elfinanciero.com.mx\/estados\/2025\/11\/03\/estudiantes-de-morelia-y-uruapan-marchan-para-exigir-justicia-por-el-asesinato-del-alcalde-carlos-manzo\/\" target=\"_blank\" rel=\"noreferrer noopener\">manifestaciones hechas por Manzo Rodr\u00edguez<\/a>, nunca se present\u00f3 a la fiscal\u00eda estatal a denunciar alg\u00fan tipo de amenaza.<\/p>\n\n\n\n<p>Tecate Pa\u2019l Norte 2026 revela cartel con Guns N\u2019 Roses y 31 Minutos: Line up completo, fechas, preventa y m\u00e1s<\/p>\n\n\n\n<p>Dijo que tampoco se tiene denuncias formales de amenazas contra alg\u00fan otro alcalde de Michoac\u00e1n, incluido el de P\u00e1tzcuaro, que recientemente ha hecho manifestaciones p\u00fablicas de amenazas contra su persona.<\/p>\n\n\n\n<p>Fuente: <a href=\"https:\/\/www.elfinanciero.com.mx\/nacional\/2025\/11\/05\/cjng-esta-detras-del-asesinato-del-alcalde-de-uruapan-hay-varios-elementos-revela-fiscal-de-michoacan\/\">https:\/\/www.elfinanciero.com.mx\/nacional\/2025\/11\/05\/cjng-esta-detras-del-asesinato-del-alcalde-de-uruapan-hay-varios-elementos-revela-fiscal-de-michoacan\/<\/a><\/p>\n","protected":false},"excerpt":{"rendered":"<p>El fiscal de Michoac\u00e1n no descarta que el homicidio se deba a la captura de \u2018El Rino\u2019, l\u00edder regional del [&hellip;]<\/p>\n","protected":false},"author":1,"featured_media":109834,"comment_status":"open","ping_status":"open","sticky":false,"template":"","format":"standard","meta":{"site-sidebar-layout":"default","site-content-layout":"","ast-site-content-layout":"default","site-content-style":"default","site-sidebar-style":"default","ast-global-header-display":"","ast-banner-title-visibility":"","ast-main-header-display":"","ast-hfb-above-header-display":"","ast-hfb-below-header-display":"","ast-hfb-mobile-header-display":"","site-post-title":"","ast-breadcrumbs-content":"","ast-featured-img":"","footer-sml-layout":"","theme-transparent-header-meta":"","adv-header-id-meta":"","stick-header-meta":"","header-above-stick-meta":"","header-main-stick-meta":"","header-below-stick-meta":"","astra-migrate-meta-layouts":"default","ast-page-background-enabled":"default","ast-page-background-meta":{"desktop":{"background-color":"var(--ast-global-color-4)","background-image":"","background-repeat":"repeat","background-position":"center center","background-size":"auto","background-attachment":"scroll","background-type":"","background-media":"","overlay-type":"","overlay-color":"","overlay-opacity":"","overlay-gradient":""},"tablet":{"background-color":"","background-image":"","background-repeat":"repeat","background-position":"center center","background-size":"auto","background-attachment":"scroll","background-type":"","background-media":"","overlay-type":"","overlay-color":"","overlay-opacity":"","overlay-gradient":""},"mobile":{"background-color":"","background-image":"","background-repeat":"repeat","background-position":"center center","background-size":"auto","background-attachment":"scroll","background-type":"","background-media":"","overlay-type":"","overlay-color":"","overlay-opacity":"","overlay-gradient":""}},"ast-content-background-meta":{"desktop":{"background-color":"var(--ast-global-color-5)","background-image":"","background-repeat":"repeat","background-position":"center center","background-size":"auto","background-attachment":"scroll","background-type":"","background-media":"","overlay-type":"","overlay-color":"","overlay-opacity":"","overlay-gradient":""},"tablet":{"background-color":"var(--ast-global-color-5)","background-image":"","background-repeat":"repeat","background-position":"center center","background-size":"auto","background-attachment":"scroll","background-type":"","background-media":"","overlay-type":"","overlay-color":"","overlay-opacity":"","overlay-gradient":""},"mobile":{"background-color":"var(--ast-global-color-5)","background-image":"","background-repeat":"repeat","background-position":"center center","background-size":"auto","background-attachment":"scroll","background-type":"","background-media":"","overlay-type":"","overlay-color":"","overlay-opacity":"","overlay-gradient":""}},"footnotes":""},"categories":[8],"tags":[42982,372,25885],"class_list":["post-109833","post","type-post","status-publish","format-standard","has-post-thumbnail","hentry","category-noticias","tag-carlos-alberto-manzo-rodriguez","tag-cjng","tag-uruapan"],"_links":{"self":[{"href":"https:\/\/losperiodistas.com.mx\/portal\/wp-json\/wp\/v2\/posts\/109833","targetHints":{"allow":["GET"]}}],"collection":[{"href":"https:\/\/losperiodistas.com.mx\/portal\/wp-json\/wp\/v2\/posts"}],"about":[{"href":"https:\/\/losperiodistas.com.mx\/portal\/wp-json\/wp\/v2\/types\/post"}],"author":[{"embeddable":true,"href":"https:\/\/losperiodistas.com.mx\/portal\/wp-json\/wp\/v2\/users\/1"}],"replies":[{"embeddable":true,"href":"https:\/\/losperiodistas.com.mx\/portal\/wp-json\/wp\/v2\/comments?post=109833"}],"version-history":[{"count":1,"href":"https:\/\/losperiodistas.com.mx\/portal\/wp-json\/wp\/v2\/posts\/109833\/revisions"}],"predecessor-version":[{"id":109835,"href":"https:\/\/losperiodistas.com.mx\/portal\/wp-json\/wp\/v2\/posts\/109833\/revisions\/109835"}],"wp:featuredmedia":[{"embeddable":true,"href":"https:\/\/losperiodistas.com.mx\/portal\/wp-json\/wp\/v2\/media\/109834"}],"wp:attachment":[{"href":"https:\/\/losperiodistas.com.mx\/portal\/wp-json\/wp\/v2\/media?parent=109833"}],"wp:term":[{"taxonomy":"category","embeddable":true,"href":"https:\/\/losperiodistas.com.mx\/portal\/wp-json\/wp\/v2\/categories?post=109833"},{"taxonomy":"post_tag","embeddable":true,"href":"https:\/\/losperiodistas.com.mx\/portal\/wp-json\/wp\/v2\/tags?post=109833"}],"curies":[{"name":"wp","href":"https:\/\/api.w.org\/{rel}","templated":true}]}}