{"id":10970,"date":"2021-07-31T19:18:11","date_gmt":"2021-08-01T00:18:11","guid":{"rendered":"http:\/\/losperiodistas.com.mx\/portal\/?p=10970"},"modified":"2021-07-31T19:18:13","modified_gmt":"2021-08-01T00:18:13","slug":"un-perturbador-don-giovanni-conmociona-el-centenario-de-salzburgo-el-confidencial","status":"publish","type":"post","link":"https:\/\/losperiodistas.com.mx\/portal\/un-perturbador-don-giovanni-conmociona-el-centenario-de-salzburgo-el-confidencial\/","title":{"rendered":"Un perturbador &#8216;Don Giovanni&#8217; conmociona el centenario de Salzburgo | El Confidencial"},"content":{"rendered":"\n<p style=\"font-size:18px\"><em>En medio de estrictas medidas sanitarias, el maestro Teodor Currentzis y el director italiano Romeo Castelucci sacuden el Festival con un planteamiento radical y est\u00e9tico de la \u00f3pera<\/em><\/p>\n\n\n\n<p><\/p>\n\n\n\n<figure class=\"wp-block-image size-large\"><img fetchpriority=\"high\" decoding=\"async\" width=\"1024\" height=\"767\" src=\"https:\/\/losperiodistas.com.mx\/portal\/wp-content\/uploads\/2021\/07\/Captura-de-Pantalla-2021-07-31-a-las-19.08.58-1024x767.png\" alt=\"\" class=\"wp-image-10971\" srcset=\"https:\/\/losperiodistas.com.mx\/portal\/wp-content\/uploads\/2021\/07\/Captura-de-Pantalla-2021-07-31-a-las-19.08.58-1024x767.png 1024w, https:\/\/losperiodistas.com.mx\/portal\/wp-content\/uploads\/2021\/07\/Captura-de-Pantalla-2021-07-31-a-las-19.08.58-300x225.png 300w, https:\/\/losperiodistas.com.mx\/portal\/wp-content\/uploads\/2021\/07\/Captura-de-Pantalla-2021-07-31-a-las-19.08.58-768x575.png 768w, https:\/\/losperiodistas.com.mx\/portal\/wp-content\/uploads\/2021\/07\/Captura-de-Pantalla-2021-07-31-a-las-19.08.58.png 1108w\" sizes=\"(max-width: 1024px) 100vw, 1024px\" \/><figcaption>Nadezhda Pavlova en el &#8216;Don Giovanni&#8217;. (c)<\/figcaption><\/figure>\n\n\n\n<p><\/p>\n\n\n\n<p class=\"has-vivid-cyan-blue-color has-text-color has-medium-font-size\">RUB\u00c9N AMON \/ Salzburgo \/ EL CONFIDENCIAL<\/p>\n\n\n\n<p>No se puede acceder a los teatros del&nbsp;<strong><a href=\"https:\/\/www.elconfidencial.com\/cultura\/2007-07-26\/el-festival-de-salzburgo-con-poco-mozart-busca-el-lado-nocturno-de-la-razon_370764\/\">Festival de Salzburgo<\/a><\/strong>&nbsp;sin la acreditaci\u00f3n de la vacuna o del test negativo. La formalidad se plantea al ense\u00f1ar la entrada nominal. Y garantiza el&nbsp;<strong>control de la pandemia<\/strong>&nbsp;en los espacios l\u00fadicos y multitudinarios, igual que sucede con la obligaci\u00f3n de llevar puesta una mascarilla FP2. Nada de arbitrariedades est\u00e9ticas.&nbsp;<\/p>\n\n\n\n<p>Semejante&nbsp;<strong>compromiso c\u00edvico&nbsp;<\/strong>contribuye a comprender las diferencias de contagios con Espa\u00f1a.&nbsp;<a href=\"https:\/\/www.elconfidencial.com\/tags\/lugares\/austria-3123\/\">Austria<\/a>&nbsp;expone una incidencia acumulada de 57 casos por 100.000 habitantes frente a los casi 700 que retratan la anomal\u00eda celtib\u00e9rica. Y que justifican la declaraci\u00f3n de Espa\u00f1a como territorio rojo.&nbsp;<\/p>\n\n\n\n<p>Tranquilidad. En las puertas del\u00a0<strong>Grosses Festspielhaus<\/strong>\u00a0no se pide el pasaporte ni otro salvoconducto diferente al sanitario, aunque el impacto del coronavirus en un acontecimiento de tales proporciones sociales y culturales sobrentiende un ejercicio de sugesti\u00f3n y hasta de conmoci\u00f3n. Parece que estamos en un<strong>baile de m\u00e1scaras<\/strong>. Y que la disciplina de las medidas preventivas ha malogrado el gran sarao sociol\u00f3gico de los entreactos, aunque los espectadores se resarcen con champ\u00e1n y aperitivos en la gran avenida de asfalto que flanquea la casa madre del\u00a0<a href=\"https:\/\/www.elconfidencial.com\/tags\/temas\/festivales-musica-19555\/\">Festival<\/a>.\u00a0<\/p>\n\n\n\n<figure class=\"wp-block-image size-large\"><img decoding=\"async\" width=\"1024\" height=\"575\" src=\"https:\/\/losperiodistas.com.mx\/portal\/wp-content\/uploads\/2021\/07\/Captura-de-Pantalla-2021-07-31-a-las-19.14.47-1024x575.png\" alt=\"\" class=\"wp-image-10974\" srcset=\"https:\/\/losperiodistas.com.mx\/portal\/wp-content\/uploads\/2021\/07\/Captura-de-Pantalla-2021-07-31-a-las-19.14.47-1024x575.png 1024w, https:\/\/losperiodistas.com.mx\/portal\/wp-content\/uploads\/2021\/07\/Captura-de-Pantalla-2021-07-31-a-las-19.14.47-300x169.png 300w, https:\/\/losperiodistas.com.mx\/portal\/wp-content\/uploads\/2021\/07\/Captura-de-Pantalla-2021-07-31-a-las-19.14.47-768x432.png 768w, https:\/\/losperiodistas.com.mx\/portal\/wp-content\/uploads\/2021\/07\/Captura-de-Pantalla-2021-07-31-a-las-19.14.47.png 1274w\" sizes=\"(max-width: 1024px) 100vw, 1024px\" \/><figcaption>Vito Priante, Mika Kares y Davide Luciano. (Festival de Salzburgo\/ Ruth Walz)<\/figcaption><\/figure>\n\n\n\n<p>Los turistas observan el espect\u00e1culo entre at\u00f3nitos y entretenidos. No se acercan a las puertas del templo. Se ubican en la otra acera \u2014en la otra orilla\u2014 de la avenida como si hubiera entre medias un&nbsp;<strong>r\u00edo de alquitr\u00e1n<\/strong>. Las entradas alcanzan los 445 euros, aunque el acontecimiento de &#8216;<strong>Don Giovanni&#8217;<\/strong>&nbsp;los justifica en tiempo \u2014casi cuatro horas\u2014 y en abrumadora intensidad.&nbsp;<\/p>\n\n\n\n<p id=\"sc_ending_message\">Thank you for watching<\/p>\n\n\n\n<p>Ten\u00eda que ser&nbsp;<strong>Mozart<\/strong>&nbsp;el gran art\u00edfice del Festival del centenario. Porque naci\u00f3 en esta&nbsp;<strong>ambigua ciudad<\/strong>. Y porque el destierro forzoso a Viena no ha resuelto todav\u00eda la deuda de&nbsp;<a href=\"https:\/\/www.elconfidencial.com\/tags\/otros\/salzburgo-14230\/2\/\">Salzburgo<\/a>&nbsp;hacia el compositor. Todo lo contrario: su imagen y su marca se expolian en un<strong>&nbsp;aquelarre de bombones<\/strong>, peluches, conciertos basura y profanaciones indecorosas: la casa en que naci\u00f3, la casa donde vivi\u00f3, el cementerio donde yace su padre.&nbsp;<\/p>\n\n\n\n<p>Es el motivo que convierte al<strong>&nbsp;centenario Festival de Salzburgo<\/strong>&nbsp;\u2014la conmemoraci\u00f3n fue el a\u00f1o pasado, pero no pudo consumarse en condiciones\u2014 en el depositario de las obligaciones del<strong>&nbsp;canon mozartiano<\/strong>. Aqu\u00ed se fija la doctrina. Se homologan los criterios de interpretaci\u00f3n.&nbsp;<\/p>\n\n\n\n<h2 class=\"wp-block-heading\">En deuda con Mozart<\/h2>\n\n\n\n<p>Y no puede decirse que se haga desde posiciones conservadoras. La mera decisi\u00f3n de encomendar la nueva producci\u00f3n de &#8216;Don Giovanni&#8217; al maestro griego<strong>&nbsp;Teodor Currentzis<\/strong>&nbsp;y al director de escena italiano&nbsp;<strong>Romeo Castelucci&nbsp;<\/strong>implica unos riesgos y una controversia que ambos se preocuparon de confirmar en el consenso de un montaje perturbador y conmovedor, pero tambi\u00e9n radical y extremo, tanto en las arbitrariedades musicales como en las ambiciones de una dramaturgia de poderoso estupor est\u00e9tico.&nbsp;<\/p>\n\n\n\n<p>Castelucci convierte la forma en el fondo. Y concibe una trama teatral de acongojante belleza que transforma las arias en grandes\u00a0<strong>cuadros pict\u00f3ricos<\/strong>\u00a0y que explora la plasticidad en la puerta de acceso a las angustias de la \u00f3pera de Mozart: la identidad, el\u00a0<strong>erotismo como escapatoria de la muerte<\/strong>, la vacuidad, y la soledad a la que termina condenado el protagonista.\u00a0<\/p>\n\n\n\n<figure class=\"wp-block-image size-large\"><img decoding=\"async\" width=\"1024\" height=\"575\" src=\"https:\/\/losperiodistas.com.mx\/portal\/wp-content\/uploads\/2021\/07\/Captura-de-Pantalla-2021-07-31-a-las-19.13.49-1024x575.png\" alt=\"\" class=\"wp-image-10973\" srcset=\"https:\/\/losperiodistas.com.mx\/portal\/wp-content\/uploads\/2021\/07\/Captura-de-Pantalla-2021-07-31-a-las-19.13.49-1024x575.png 1024w, https:\/\/losperiodistas.com.mx\/portal\/wp-content\/uploads\/2021\/07\/Captura-de-Pantalla-2021-07-31-a-las-19.13.49-300x169.png 300w, https:\/\/losperiodistas.com.mx\/portal\/wp-content\/uploads\/2021\/07\/Captura-de-Pantalla-2021-07-31-a-las-19.13.49-768x432.png 768w, https:\/\/losperiodistas.com.mx\/portal\/wp-content\/uploads\/2021\/07\/Captura-de-Pantalla-2021-07-31-a-las-19.13.49.png 1274w\" sizes=\"(max-width: 1024px) 100vw, 1024px\" \/><figcaption>Otro momento de &#8216;Don Giovanni&#8217;. (Festival de Salzburgo\/ Monika Ritterhaus)<\/figcaption><\/figure>\n\n\n\n<p>Es<strong>&nbsp;Davide Luciano<\/strong>&nbsp;quien interpreta al libertino. Y quien accede a&nbsp;<strong>desnudarse integralmente<\/strong>&nbsp;en la escena justiciera del \u00faltimo acto, por mucho que recubra su cuerpo un engrudo de color blanco que termina embadurn\u00e1ndolo hasta degradarlo al aspecto de una estatua de cal. Es el castigo con que exp\u00eda no ya su inmoralidad y su libertinaje, sino la transgresi\u00f3n de las leyes superiores. Empezando por la ejecuci\u00f3n del Comendador. Que es el homicidio a la autoridad. Y el principio del fin. Castelucci condena a Don Giovanni retorci\u00e9ndolo de dolor. Y otorg\u00e1ndole el aspecto de los cuerpos que aparecieron en&nbsp;<a href=\"https:\/\/www.elconfidencial.com\/cultura\/2021-06-15\/pompeya-miniatura-verona_3132940\/\">Pompeya<\/a>: desgarrados en la impotencia.&nbsp;<\/p>\n\n\n\n<p>Lo transforman en un espacio ambiguo e inquietante lejos de los l\u00edmites de la realidad<\/p>\n\n\n\n<p><strong>No hay Dios<\/strong>&nbsp;en el Don Giovanni de Castelucci. Por eso la \u00f3pera comienza con la intervenci\u00f3n de unos operarios en un templo religioso. Lo despojan del Cristo y de los \u00e1ngeles y de las estatuas. Y lo transforman en un espacio ambiguo e inquietante&nbsp;<strong>lejos de los l\u00edmites<\/strong>&nbsp;de la realidad y de la narrativa.&nbsp;<\/p>\n\n\n\n<p>Conviene tenerlo en cuenta porque la creaci\u00f3n de un territorio<strong>&nbsp;fuera del espacio y del tiempo&nbsp;<\/strong>tanto permite tutear las claves metaf\u00edsicas de la \u00f3pera de&nbsp;<a href=\"https:\/\/www.elconfidencial.com\/cultura\/2019-12-06\/mozart-leopold-salzburgo-paris-opera_2364531\/\">Mozart<\/a>como predisponen una atm\u00f3sfera de fantas\u00eda y de enso\u00f1aciones. Se percibe la&nbsp;<strong>raigambre grecolatina<\/strong>&nbsp;de la cultura de Castelucci. Y se multiplican las escenas aleg\u00f3ricas. Todo el segundo acto transcurre en un escenario vaporoso y on\u00edrico que parece el subconsciente de Don Giovanni. Y que traslada el dolor de sus&nbsp;<strong>v\u00edctimas femeninas<\/strong>. Cientos de ellas aparecen sobre el escenario, como si dieran cuerpo y cara al famoso cat\u00e1logo de conquistas. Y como si predispusieran el camino a la condena del libertino.&nbsp;<\/p>\n\n\n\n<h2 class=\"wp-block-heading\">\u00bfQui\u00e9n es Don Giovanni?<\/h2>\n\n\n\n<p>La pregunta es el&nbsp;<strong>gran misterio<\/strong>&nbsp;de la \u00f3pera. Nada dice el \u00abmatador\u00bb de s\u00ed mismo. Nunca. Lo conocemos desde el trastorno de los dem\u00e1s y desde la sumisi\u00f3n oportunista de su escudero,<strong>&nbsp;Leporello<\/strong>.&nbsp;<\/p>\n\n\n\n<p>La inc\u00f3gnita permite a Castelucci un<strong>\u00a0planteamiento dramat\u00fargico radical<\/strong>\u00a0y audaz. O sea, confundirlo Don Giovanni con Leporello mismo. No hay manera de distinguirlos formalmente en escena. Visten igual. Tienen la misma barba, la misma altura. Y hasta parece haberse escogido un timbre de voz similar, de tal manera que la mistificaci\u00f3n del amo y el criado tanto concierne a la cuesti\u00f3n identitaria del depredador como sacude el suelo de todos los dem\u00e1s personajes. \u00bfQui\u00e9nes son realmente unos y otros?\u00a0<\/p>\n\n\n\n<figure class=\"wp-block-image size-large\"><img loading=\"lazy\" decoding=\"async\" width=\"1024\" height=\"575\" src=\"https:\/\/losperiodistas.com.mx\/portal\/wp-content\/uploads\/2021\/07\/Captura-de-Pantalla-2021-07-31-a-las-19.12.36-1024x575.png\" alt=\"\" class=\"wp-image-10972\" srcset=\"https:\/\/losperiodistas.com.mx\/portal\/wp-content\/uploads\/2021\/07\/Captura-de-Pantalla-2021-07-31-a-las-19.12.36-1024x575.png 1024w, https:\/\/losperiodistas.com.mx\/portal\/wp-content\/uploads\/2021\/07\/Captura-de-Pantalla-2021-07-31-a-las-19.12.36-300x169.png 300w, https:\/\/losperiodistas.com.mx\/portal\/wp-content\/uploads\/2021\/07\/Captura-de-Pantalla-2021-07-31-a-las-19.12.36-768x432.png 768w, https:\/\/losperiodistas.com.mx\/portal\/wp-content\/uploads\/2021\/07\/Captura-de-Pantalla-2021-07-31-a-las-19.12.36.png 1274w\" sizes=\"(max-width: 1024px) 100vw, 1024px\" \/><figcaption>Anna Lucia Richter (Zerlina) y Davide Luciano (Don Giovanni). (Ruth Walz)<\/figcaption><\/figure>\n\n\n\n<p>Las&nbsp;<strong>reflexiones filos\u00f3ficas&nbsp;<\/strong>de Castelucci no contradicen el predominio de la est\u00e9tica, el pasmo de la plasticidad. El &#8216;regista&#8217; italiano es un esteta. No desde la superficialidad, sino desde la armon\u00eda y desde la sinestesia. Pocas escenas m\u00e1s bellas hemos visto en un teatro que el duo de&nbsp;<strong>&#8216;La ci darem la mano&#8217;<\/strong>&nbsp;o que el aria final de Donna Anna, aunque la versi\u00f3n teatral de Castelucci tambi\u00e9n tiene en cuenta los&nbsp;<strong>pasajes c\u00f3micos<\/strong>, muchos de ellos depositados en la grotesca pusilanimidad de&nbsp;<strong>Don Ottavio<\/strong>, un impostor al que disfraza de dictador bananero y al que provee de un caniche gigante como met\u00e1fora de un poder amanerado, decadente y f\u00fatil.&nbsp;<\/p>\n\n\n\n<p>Las reflexiones filos\u00f3ficas de Castelucci no contradicen el predominio de la est\u00e9tica, el pasmo de la plasticidad<\/p>\n\n\n\n<p>Se antoja muy exigente el montaje de Castelucci. Caro, costos\u00edsimo. Acaso el&nbsp;<strong>principal defecto<\/strong>&nbsp;de su &#8216;Don Giovanni&#8217; consista en la&nbsp;<strong>distracci\u00f3n de la m\u00fasica<\/strong>&nbsp;a prop\u00f3sito de tantas subtramas y elementos perturbadores \u2014llueven objetos del cielo como un cuadro de Dal\u00ed en movimiento\u2014, pero es cierto que Teodor Currentzis mantiene el foso en permanente estado de incandescencia. Compareci\u00f3 el maestro griego con su propia orquesta \u2014&#8217;musicaAeterna&#8217;\u2014, una especie de prolongaci\u00f3n org\u00e1nica y musical que le consiente &#8216;tocar&#8217; la m\u00fasica como si realmente discurriera entre sus manos.&nbsp;<\/p>\n\n\n\n<p>Recurre Currentzis a los&nbsp;<strong>instrumentos de \u00e9poca<\/strong>&nbsp;\u2014maderas, viento, percusi\u00f3n\u2026\u2014, pero no tanto por razones filol\u00f3gicas como por las<strong>&nbsp;facultades crom\u00e1ticas&nbsp;<\/strong>que conlleva la experiencia. Su &#8216;Don Giovanni&#8217; es arrebatador, voluptuoso, pero tambi\u00e9n extremadamente&nbsp;<strong>sensible y emotivo<\/strong>. Acompa\u00f1a a los cantantes como si respirara con ellos. Y concibe en el foso un fabuloso ejercicio de intensidad y de emociones.<strong>&nbsp;Parece un cham\u00e1n.<\/strong>&nbsp;Un personaje de ultratumba. Un director arbitrario, pero no caprichoso si superficial. Currentzis nos traslada la luz y la oscuridad, el estupor y la penumbra. Y consuma un prodigio art\u00edstico y mist\u00e9rico al que respondieron con clamor los espectadores salzburgueses.&nbsp;<\/p>\n\n\n\n<p>Era la manera de homologar una nueva frontera en la traves\u00eda de\u00a0<a href=\"https:\/\/www.elconfidencial.com\/cultura\/2019-12-06\/mozart-leopold-salzburgo-paris-opera_2364531\/\">Mozart<\/a>. De reconocerle y de identificarlo como el\u00a0<strong>nuevo hechicero de la tribu<\/strong>, aunque las ovaciones tambi\u00e9n premiaron la cualificaci\u00f3n de los cantantes. Porque fue imponente la Donna Anna de\u00a0<strong>Nadezhda Pavlova<\/strong>. Porque\u00a0<strong>Michael Spyres<\/strong>\u00a0aport\u00f3 valent\u00eda y refinamiento al papel de Don Ottavio. Porque\u00a0<strong>Federica Lombardi<\/strong>interpret\u00f3 con gran personalidad el personaje de Donna Elvira. Y porque\u00a0<strong>Davide Luciano y Vito Priante<\/strong>\u00a0fueron capaces de confundirnos sobre la identidad de Don Giovanni. \u00ab\u00bfQui\u00e9n soy yo?\u00bb, se pregunta en alto el personaje de Mozart. Nunca lo sabremos.<\/p>\n\n\n\n<p>Fuente: https:\/\/www.elconfidencial.com\/cultura\/2021-07-31\/perturbador-don-giovanni-centenario-salzburgo_3210176\/<\/p>\n","protected":false},"excerpt":{"rendered":"<p>En medio de estrictas medidas sanitarias, el maestro Teodor Currentzis y el director italiano Romeo Castelucci sacuden el Festival con [&hellip;]<\/p>\n","protected":false},"author":1,"featured_media":10971,"comment_status":"open","ping_status":"open","sticky":false,"template":"","format":"standard","meta":{"site-sidebar-layout":"default","site-content-layout":"","ast-site-content-layout":"default","site-content-style":"default","site-sidebar-style":"default","ast-global-header-display":"","ast-banner-title-visibility":"","ast-main-header-display":"","ast-hfb-above-header-display":"","ast-hfb-below-header-display":"","ast-hfb-mobile-header-display":"","site-post-title":"","ast-breadcrumbs-content":"","ast-featured-img":"","footer-sml-layout":"","theme-transparent-header-meta":"","adv-header-id-meta":"","stick-header-meta":"","header-above-stick-meta":"","header-main-stick-meta":"","header-below-stick-meta":"","astra-migrate-meta-layouts":"default","ast-page-background-enabled":"default","ast-page-background-meta":{"desktop":{"background-color":"var(--ast-global-color-4)","background-image":"","background-repeat":"repeat","background-position":"center center","background-size":"auto","background-attachment":"scroll","background-type":"","background-media":"","overlay-type":"","overlay-color":"","overlay-opacity":"","overlay-gradient":""},"tablet":{"background-color":"","background-image":"","background-repeat":"repeat","background-position":"center center","background-size":"auto","background-attachment":"scroll","background-type":"","background-media":"","overlay-type":"","overlay-color":"","overlay-opacity":"","overlay-gradient":""},"mobile":{"background-color":"","background-image":"","background-repeat":"repeat","background-position":"center center","background-size":"auto","background-attachment":"scroll","background-type":"","background-media":"","overlay-type":"","overlay-color":"","overlay-opacity":"","overlay-gradient":""}},"ast-content-background-meta":{"desktop":{"background-color":"var(--ast-global-color-5)","background-image":"","background-repeat":"repeat","background-position":"center center","background-size":"auto","background-attachment":"scroll","background-type":"","background-media":"","overlay-type":"","overlay-color":"","overlay-opacity":"","overlay-gradient":""},"tablet":{"background-color":"var(--ast-global-color-5)","background-image":"","background-repeat":"repeat","background-position":"center center","background-size":"auto","background-attachment":"scroll","background-type":"","background-media":"","overlay-type":"","overlay-color":"","overlay-opacity":"","overlay-gradient":""},"mobile":{"background-color":"var(--ast-global-color-5)","background-image":"","background-repeat":"repeat","background-position":"center center","background-size":"auto","background-attachment":"scroll","background-type":"","background-media":"","overlay-type":"","overlay-color":"","overlay-opacity":"","overlay-gradient":""}},"footnotes":""},"categories":[8],"tags":[2947,2817,2949,2948],"class_list":["post-10970","post","type-post","status-publish","format-standard","has-post-thumbnail","hentry","category-noticias","tag-don-giovanni","tag-festival-de-salzburgo","tag-grosses-festspielhaus","tag-nadezhda-pavlova"],"_links":{"self":[{"href":"https:\/\/losperiodistas.com.mx\/portal\/wp-json\/wp\/v2\/posts\/10970","targetHints":{"allow":["GET"]}}],"collection":[{"href":"https:\/\/losperiodistas.com.mx\/portal\/wp-json\/wp\/v2\/posts"}],"about":[{"href":"https:\/\/losperiodistas.com.mx\/portal\/wp-json\/wp\/v2\/types\/post"}],"author":[{"embeddable":true,"href":"https:\/\/losperiodistas.com.mx\/portal\/wp-json\/wp\/v2\/users\/1"}],"replies":[{"embeddable":true,"href":"https:\/\/losperiodistas.com.mx\/portal\/wp-json\/wp\/v2\/comments?post=10970"}],"version-history":[{"count":1,"href":"https:\/\/losperiodistas.com.mx\/portal\/wp-json\/wp\/v2\/posts\/10970\/revisions"}],"predecessor-version":[{"id":10975,"href":"https:\/\/losperiodistas.com.mx\/portal\/wp-json\/wp\/v2\/posts\/10970\/revisions\/10975"}],"wp:featuredmedia":[{"embeddable":true,"href":"https:\/\/losperiodistas.com.mx\/portal\/wp-json\/wp\/v2\/media\/10971"}],"wp:attachment":[{"href":"https:\/\/losperiodistas.com.mx\/portal\/wp-json\/wp\/v2\/media?parent=10970"}],"wp:term":[{"taxonomy":"category","embeddable":true,"href":"https:\/\/losperiodistas.com.mx\/portal\/wp-json\/wp\/v2\/categories?post=10970"},{"taxonomy":"post_tag","embeddable":true,"href":"https:\/\/losperiodistas.com.mx\/portal\/wp-json\/wp\/v2\/tags?post=10970"}],"curies":[{"name":"wp","href":"https:\/\/api.w.org\/{rel}","templated":true}]}}