{"id":10948,"date":"2021-07-31T08:49:34","date_gmt":"2021-07-31T13:49:34","guid":{"rendered":"http:\/\/losperiodistas.com.mx\/portal\/?p=10948"},"modified":"2021-07-31T08:49:36","modified_gmt":"2021-07-31T13:49:36","slug":"que-fue-la-gran-renuncia-masculina-una-peculiar-consecuencia-de-la-revolucion-francesa-bbc","status":"publish","type":"post","link":"https:\/\/losperiodistas.com.mx\/portal\/que-fue-la-gran-renuncia-masculina-una-peculiar-consecuencia-de-la-revolucion-francesa-bbc\/","title":{"rendered":"Qu\u00e9 fue \u201cla gran renuncia masculina\u201d, una peculiar consecuencia de la Revoluci\u00f3n Francesa | BBC"},"content":{"rendered":"\n<figure class=\"wp-block-image size-large\"><img fetchpriority=\"high\" decoding=\"async\" width=\"1024\" height=\"700\" src=\"https:\/\/losperiodistas.com.mx\/portal\/wp-content\/uploads\/2021\/07\/Captura-de-Pantalla-2021-07-31-a-las-8.46.18-1024x700.jpg\" alt=\"\" class=\"wp-image-10949\" srcset=\"https:\/\/losperiodistas.com.mx\/portal\/wp-content\/uploads\/2021\/07\/Captura-de-Pantalla-2021-07-31-a-las-8.46.18-1024x700.jpg 1024w, https:\/\/losperiodistas.com.mx\/portal\/wp-content\/uploads\/2021\/07\/Captura-de-Pantalla-2021-07-31-a-las-8.46.18-300x205.jpg 300w, https:\/\/losperiodistas.com.mx\/portal\/wp-content\/uploads\/2021\/07\/Captura-de-Pantalla-2021-07-31-a-las-8.46.18-768x525.jpg 768w, https:\/\/losperiodistas.com.mx\/portal\/wp-content\/uploads\/2021\/07\/Captura-de-Pantalla-2021-07-31-a-las-8.46.18.jpg 1264w\" sizes=\"(max-width: 1024px) 100vw, 1024px\" \/><figcaption>\u00ab\u00a1Ah, qu\u00e9 antig\u00fcedad!\u00bb, dicen los de la izquierda. \u00ab\u00a1Oh, qu\u00e9 locura esa novedad!\u00bb, dicen los de la derecha, en esta ilustraci\u00f3n sat\u00edrica de Alexis Chataignier (1797).<\/figcaption><\/figure>\n\n\n\n<p><\/p>\n\n\n\n<p class=\"has-vivid-cyan-blue-color has-text-color has-medium-font-size\">BBC NEWS MUNDO<\/p>\n\n\n\n<p><strong>Libertad, igualdad, fraternidad&#8230; y una gran renuncia, en un aspecto de la vida cotidiana que no siempre se asocia inmediatamente con la Revoluci\u00f3n Francesa.<\/strong><\/p>\n\n\n\n<p>Sin embargo, dado que Par\u00eds fue el epicentro de ese terremoto social, no extra\u00f1a que las ondas s\u00edsmicas sacudieran un mundo en el que sol\u00eda dictar las reglas: el de la moda.<\/p>\n\n\n\n<p>A lo largo de la historia, los hombres y las mujeres en Occidente hab\u00edan usado ropa y accesorios esplendorosos para denotar su estatus.<\/p>\n\n\n\n<p>Telas fastuosas, colores brillantes, joyas relucientes, pelucas enormes, polvos en el pelo y rostros y dise\u00f1os extravagantes e impr\u00e1cticos para mostrar cu\u00e1n ricos eran y cu\u00e1n poco trabajo manual ten\u00edan que hacer.<\/p>\n\n\n\n<p>Pero de repente, estall\u00f3 la Revoluci\u00f3n y todo cambi\u00f3, incluso en sociedades como la brit\u00e1nica, donde la aristocracia rechazaba horrorizada la destrucci\u00f3n de su forma de vida al otro lado del Canal de la Mancha.<\/p>\n\n\n\n<h2 class=\"wp-block-heading\" id=\"Ni-en-estilo-ni-en-sustancia\">Ni en estilo ni en sustancia<\/h2>\n\n\n\n<p>El cambio ya hab\u00eda empezado con el movimiento intelectual que lleg\u00f3 a conocerse como la Ilustraci\u00f3n, que trajo consigo un nuevo respeto por lo racional y \u00fatil, y un \u00e9nfasis en la educaci\u00f3n en lugar de los privilegios.<\/p>\n\n\n\n<p>La moda masculina se inclin\u00f3 hacia&nbsp;<strong>prendas m\u00e1s pr\u00e1cticas<\/strong>, y hasta los arist\u00f3cratas ingleses hab\u00edan comenzado a usar ropa simplificada m\u00e1s a tono con su trabajo de gesti\u00f3n de sus grandes propiedades en el campo.<\/p>\n\n\n\n<p>La Revoluci\u00f3n reforz\u00f3 esa tendencia hacia la sencillez y fue m\u00e1s all\u00e1.<\/p>\n\n\n\n<p>En su fervor, hasta los objetos y costumbres m\u00e1s comunes se convirtieron en emblemas pol\u00edticos y fuentes potenciales de conflicto pol\u00edtico y social, y&nbsp;<strong>la vestimenta pas\u00f3 a ser una forma de expresar simpat\u00edas pol\u00edticas<\/strong>.<\/p>\n\n\n\n<figure class=\"wp-block-image\"><img decoding=\"async\" src=\"https:\/\/ichef.bbci.co.uk\/news\/640\/cpsprodpb\/1204\/production\/_119621640_gettyimages-625398078-1.jpg\" alt=\"Moda en Francia durante la pen\u00faltima etapa de la Revoluci\u00f3n Francesa. Directorio de disfraces de \u00e9poca. 1795-1799. Grabado del siglo XIX, coloreado.\"\/><figcaption>Pie de foto,No exactamente jeans y camiseta, pero esta era la moda \u00absencilla\u00bb en Francia durante la pen\u00faltima etapa de la Revoluci\u00f3n Francesa (1795-1799).<\/figcaption><\/figure>\n\n\n\n<p><strong>La vestimenta masculina se volvi\u00f3 particularmente emblem\u00e1tica<\/strong>; el traje distintivo de los partidarios m\u00e1s militantes de ese movimiento, los&nbsp;<em>sans-culottes<\/em>, -pantalones largos con doblez abajo, as\u00ed como el&nbsp;<em>carmagnole<\/em>&nbsp;(chaqueta corta) y el gorro frigio de la libertad-, se convirti\u00f3 en s\u00edmbolo del igualitarismo jacobino.<\/p>\n\n\n\n<p>A medida que los radicales y los jacobinos se hicieron m\u00e1s poderosos, creci\u00f3 la repulsi\u00f3n contra la alta costura debido a su extravagancia y su asociaci\u00f3n con la realeza y las aristocracia.<\/p>\n\n\n\n<p>Los caballeros ten\u00edan que parecer como si fueran&nbsp;<strong>hombres de acci\u00f3n y resoluci\u00f3n<\/strong>, nada parecidos a la odiada nobleza, ni en estilo ni en sustancia.<\/p>\n\n\n\n<p>As\u00ed, los pantalones largos desplazaron a los bombachos de seda hasta la rodilla que usaban las clases altas, y detalles como las grandes y elaboradas hebillas de metal cortado con joyas falsas \u00abal estilo Par\u00eds\u00bb fueron abandonadas, as\u00ed como los colores brillantes. Y aunque la alta moda y la extravagancia regresaron a Francia durante la \u00e9poca del Directorio, (1795-1799),&nbsp;<strong>la forma de vestir de los hombres hab\u00eda cambiado para siempre<\/strong>.<\/p>\n\n\n\n<h2 class=\"wp-block-heading\" id=\"El-influencer\">El \u00abinfluencer\u00bb<\/h2>\n\n\n\n<p>En Inglaterra, el joven George \u00abBeau\u00bb Brummell, amigo del pr\u00edncipe de Gales y \u00e1rbitro de la moda masculina, not\u00f3 que el cambio ten\u00eda mucho en com\u00fan con varios de los valores tradicionales ingleses, como la modestia y la templanza.<\/p>\n\n\n\n<p>Desarroll\u00f3 entonces un estilo que era enteramente nuevo y discreto.<\/p>\n\n\n\n<figure class=\"wp-block-image\"><img decoding=\"async\" src=\"https:\/\/ichef.bbci.co.uk\/news\/640\/cpsprodpb\/11DB9\/production\/_119654137_gettyimages-79108932-1.jpg\" alt=\"George &quot;Beau&quot; Brummell\"\/><figcaption>Pie de foto,Todo un influencer.<\/figcaption><\/figure>\n\n\n\n<p>Un caballero, insisti\u00f3, debe estar fastidiosamente limpio, delgado y elegante.<\/p>\n\n\n\n<p>Su ropa deb\u00eda ser admirada por la perfecci\u00f3n de su corte y ajuste, y deb\u00eda estar hecha en tonos sutiles y tenues.<\/p>\n\n\n\n<p>En resumen, los hombres deb\u00edan mostrar su val\u00eda a trav\u00e9s de su atenci\u00f3n a los detalles, sus conocimientos y sus obras, y no sencillamente cubri\u00e9ndose de s\u00edmbolos de riqueza.<\/p>\n\n\n\n<p>En detalle, su uniforme era un abrigo azul con un chaleco de ante, camisa de lino blanquecino con una corbata blanca, pantalones de ante y botas de montar oscuras. Por la noche, el chaleco era blanco, el pantal\u00f3n negro, con calcetines de seda a rayas y zapatillas negras.<\/p>\n\n\n\n<p>Adem\u00e1s,&nbsp;<strong>reemplaz\u00f3 la dependencia de perfumes y polvos para la higiene personal por el concepto de un ba\u00f1o diario<\/strong>.<\/p>\n\n\n\n<p>Su estilo se extendi\u00f3 de una manera parecida a lo que ocurre de hoy: alguien influyente innova y todos en su c\u00edrculo -que gracias a su amistad con la realeza y su encanto era el 1% de la sociedad brit\u00e1nica- lo imitan.<\/p>\n\n\n\n<p>Su ropa representaba una elegancia discreta que inclu\u00eda un&nbsp;<strong>desd\u00e9n por todo lo \u00abexagerado\u00bb<\/strong>, y lo que hizo a principios del siglo XIX todav\u00eda conforma el consenso de muchos sobre c\u00f3mo se ve el buen gusto en la moda masculina.<\/p>\n\n\n\n<h2 class=\"wp-block-heading\" id=\"Atroz\">Atroz<\/h2>\n\n\n\n<p>El cambio no complaci\u00f3 a todos, por supuesto.<\/p>\n\n\n\n<p>A algunos les pareci\u00f3 tan atroz que en 1929, en Reino Unido, surgi\u00f3 el&nbsp;<em>Men&#8217;s Dress Reform Party (MDRP)<\/em>, o el Partido por la reforma de la vestimanta masculina, para el que movimientos como la Revoluci\u00f3n Francesa hab\u00edan propiciado una manera de vestir aburrida que era \u00abdeprimente\u00bb y carente de creatividad que imped\u00eda la individualidad.<\/p>\n\n\n\n<figure class=\"wp-block-image\"><img decoding=\"async\" src=\"https:\/\/ichef.bbci.co.uk\/news\/640\/cpsprodpb\/1469C\/production\/_119621638_gettyimages-3431330.jpg\" alt=\"Retrato del poeta Lord Byron\"\/><figcaption>Pie de foto,Entre los objetivos del MDRP estaba \u00abliberar el cuello\u00bb usando el \u00abestilo Byron\u00bb (como el poeta), as\u00ed como la de las partes nobles, con la falda escocesa.<\/figcaption><\/figure>\n\n\n\n<p>Abogaban por mejorar la salud y la higiene de los hombres cambiando los estilos y materiales t\u00edpicos de la vestimenta masculina, que cada vez eran m\u00e1s restrictivos y da\u00f1inos, en contraste con la \u00abemancipadora\u00bb ropa de las mujeres.<\/p>\n\n\n\n<p>El psic\u00f3logo John Carl Flugel, uno de sus miembros, sosten\u00eda que, desde el final del siglo XVIII, los hombres hab\u00edan dejado progresivamente de usar formas de ornamentaci\u00f3n m\u00e1s brillantes, elaboradas y variadas, \u00abhaciendo de su propia sastrer\u00eda la m\u00e1s austera y asc\u00e9tica de las artes\u00bb.<\/p>\n\n\n\n<p>Fue \u00e9l quien le dio a ese evento el nombre de \u00abla gran renuncia masculina\u00bb, o la ocasi\u00f3n en la que\u00a0<strong>los hombres \u00ababandonaron su pretensi\u00f3n a ser considerados hermosos\u00bb y \u00abdesde entonces\u00a0aspiraron solamente a ser \u00fatiles\u00bb<\/strong>.<\/p>\n\n\n\n<p>Fuente: https:\/\/www.bbc.com\/mundo\/noticias-57991758<\/p>\n","protected":false},"excerpt":{"rendered":"<p>BBC NEWS MUNDO Libertad, igualdad, fraternidad&#8230; y una gran renuncia, en un aspecto de la vida cotidiana que no siempre [&hellip;]<\/p>\n","protected":false},"author":1,"featured_media":10949,"comment_status":"open","ping_status":"open","sticky":false,"template":"","format":"standard","meta":{"site-sidebar-layout":"default","site-content-layout":"","ast-site-content-layout":"default","site-content-style":"default","site-sidebar-style":"default","ast-global-header-display":"","ast-banner-title-visibility":"","ast-main-header-display":"","ast-hfb-above-header-display":"","ast-hfb-below-header-display":"","ast-hfb-mobile-header-display":"","site-post-title":"","ast-breadcrumbs-content":"","ast-featured-img":"","footer-sml-layout":"","theme-transparent-header-meta":"","adv-header-id-meta":"","stick-header-meta":"","header-above-stick-meta":"","header-main-stick-meta":"","header-below-stick-meta":"","astra-migrate-meta-layouts":"default","ast-page-background-enabled":"default","ast-page-background-meta":{"desktop":{"background-color":"var(--ast-global-color-4)","background-image":"","background-repeat":"repeat","background-position":"center center","background-size":"auto","background-attachment":"scroll","background-type":"","background-media":"","overlay-type":"","overlay-color":"","overlay-opacity":"","overlay-gradient":""},"tablet":{"background-color":"","background-image":"","background-repeat":"repeat","background-position":"center center","background-size":"auto","background-attachment":"scroll","background-type":"","background-media":"","overlay-type":"","overlay-color":"","overlay-opacity":"","overlay-gradient":""},"mobile":{"background-color":"","background-image":"","background-repeat":"repeat","background-position":"center center","background-size":"auto","background-attachment":"scroll","background-type":"","background-media":"","overlay-type":"","overlay-color":"","overlay-opacity":"","overlay-gradient":""}},"ast-content-background-meta":{"desktop":{"background-color":"var(--ast-global-color-5)","background-image":"","background-repeat":"repeat","background-position":"center center","background-size":"auto","background-attachment":"scroll","background-type":"","background-media":"","overlay-type":"","overlay-color":"","overlay-opacity":"","overlay-gradient":""},"tablet":{"background-color":"var(--ast-global-color-5)","background-image":"","background-repeat":"repeat","background-position":"center center","background-size":"auto","background-attachment":"scroll","background-type":"","background-media":"","overlay-type":"","overlay-color":"","overlay-opacity":"","overlay-gradient":""},"mobile":{"background-color":"var(--ast-global-color-5)","background-image":"","background-repeat":"repeat","background-position":"center center","background-size":"auto","background-attachment":"scroll","background-type":"","background-media":"","overlay-type":"","overlay-color":"","overlay-opacity":"","overlay-gradient":""}},"footnotes":""},"categories":[8],"tags":[2163,2934],"class_list":["post-10948","post","type-post","status-publish","format-standard","has-post-thumbnail","hentry","category-noticias","tag-moda","tag-revolucion-francesa-moda"],"_links":{"self":[{"href":"https:\/\/losperiodistas.com.mx\/portal\/wp-json\/wp\/v2\/posts\/10948","targetHints":{"allow":["GET"]}}],"collection":[{"href":"https:\/\/losperiodistas.com.mx\/portal\/wp-json\/wp\/v2\/posts"}],"about":[{"href":"https:\/\/losperiodistas.com.mx\/portal\/wp-json\/wp\/v2\/types\/post"}],"author":[{"embeddable":true,"href":"https:\/\/losperiodistas.com.mx\/portal\/wp-json\/wp\/v2\/users\/1"}],"replies":[{"embeddable":true,"href":"https:\/\/losperiodistas.com.mx\/portal\/wp-json\/wp\/v2\/comments?post=10948"}],"version-history":[{"count":1,"href":"https:\/\/losperiodistas.com.mx\/portal\/wp-json\/wp\/v2\/posts\/10948\/revisions"}],"predecessor-version":[{"id":10950,"href":"https:\/\/losperiodistas.com.mx\/portal\/wp-json\/wp\/v2\/posts\/10948\/revisions\/10950"}],"wp:featuredmedia":[{"embeddable":true,"href":"https:\/\/losperiodistas.com.mx\/portal\/wp-json\/wp\/v2\/media\/10949"}],"wp:attachment":[{"href":"https:\/\/losperiodistas.com.mx\/portal\/wp-json\/wp\/v2\/media?parent=10948"}],"wp:term":[{"taxonomy":"category","embeddable":true,"href":"https:\/\/losperiodistas.com.mx\/portal\/wp-json\/wp\/v2\/categories?post=10948"},{"taxonomy":"post_tag","embeddable":true,"href":"https:\/\/losperiodistas.com.mx\/portal\/wp-json\/wp\/v2\/tags?post=10948"}],"curies":[{"name":"wp","href":"https:\/\/api.w.org\/{rel}","templated":true}]}}