{"id":10935,"date":"2021-07-30T18:35:25","date_gmt":"2021-07-30T23:35:25","guid":{"rendered":"http:\/\/losperiodistas.com.mx\/portal\/?p=10935"},"modified":"2021-07-30T18:37:53","modified_gmt":"2021-07-30T23:37:53","slug":"la-vida-no-es-una-mercancia-se-trata-de-personas-4-videos-aleteia","status":"publish","type":"post","link":"https:\/\/losperiodistas.com.mx\/portal\/la-vida-no-es-una-mercancia-se-trata-de-personas-4-videos-aleteia\/","title":{"rendered":"\u00abLa Vida no es una mercanc\u00eda, se trata de personas\u00bb (4 videos) | Aleteia"},"content":{"rendered":"\n<p style=\"font-size:18px\"><em>Este 30 de julio se recuerda el D\u00eda Mundial contra la Trata de Personas. Aqu\u00ed la campa\u00f1a continental de la Iglesia de Am\u00e9rica Latina presentada a trav\u00e9s de Red Clamor, Celam y C\u00e1ritas Ecuador<\/em><\/p>\n\n\n\n<p><\/p>\n\n\n\n<figure class=\"wp-block-image size-large\"><img fetchpriority=\"high\" decoding=\"async\" width=\"1024\" height=\"573\" src=\"https:\/\/losperiodistas.com.mx\/portal\/wp-content\/uploads\/2021\/07\/Captura-de-Pantalla-2021-07-30-a-las-18.27.06-1024x573.png\" alt=\"\" class=\"wp-image-10936\" srcset=\"https:\/\/losperiodistas.com.mx\/portal\/wp-content\/uploads\/2021\/07\/Captura-de-Pantalla-2021-07-30-a-las-18.27.06-1024x573.png 1024w, https:\/\/losperiodistas.com.mx\/portal\/wp-content\/uploads\/2021\/07\/Captura-de-Pantalla-2021-07-30-a-las-18.27.06-300x168.png 300w, https:\/\/losperiodistas.com.mx\/portal\/wp-content\/uploads\/2021\/07\/Captura-de-Pantalla-2021-07-30-a-las-18.27.06-768x429.png 768w, https:\/\/losperiodistas.com.mx\/portal\/wp-content\/uploads\/2021\/07\/Captura-de-Pantalla-2021-07-30-a-las-18.27.06.png 1234w\" sizes=\"(max-width: 1024px) 100vw, 1024px\" \/><figcaption>\u00a9 sammisreachers<\/figcaption><\/figure>\n\n\n\n<p><\/p>\n\n\n\n<p class=\"has-vivid-cyan-blue-color has-text-color has-medium-font-size\">ALETEIA<\/p>\n\n\n\n<p>\u201cLa vida no es una mercanc\u00eda<em>, se trata de personas\u201d.<\/em>&nbsp;Aqu\u00ed el lema de una campa\u00f1a continental a trav\u00e9s de algunos de los t\u00f3picos que m\u00e1s se vinculan a un delito que no se ha detenido con la pandemia del coronavirus.<\/p>\n\n\n\n<p>Detr\u00e1s de la iniciativa se encuentran la&nbsp;<strong>Red Clamor<\/strong>, el&nbsp;<strong>Celam&nbsp;<\/strong>y&nbsp;<strong>C\u00e1ritas Ecuador.<\/strong>&nbsp;A trav\u00e9s de cuatro videos se intenta crear conciencia sobre la magnitud de este problema. Los mismos hacen \u00e9nfasis en temas como la explotaci\u00f3n sexual, el reclutamiento forzoso, el trabajo esclavo y el tr\u00e1fico de personas.<\/p>\n\n\n\n<p><em>A continuaci\u00f3n los cuatro videos publicados por C\u00e1ritas Ecuador (<a href=\"http:\/\/conferenciaepiscopal.ec\/campana-continental-la-vida-no-es-una-mercancia-se-trata-de-personas\/\" target=\"_blank\" rel=\"noreferrer noopener\">reproducidos por la Iglesia de Ecuador<\/a>) y sus explicaciones:<\/em><\/p>\n\n\n\n<h3 class=\"wp-block-heading\" id=\"h-explotaci-n-sexual\"><strong><em>Explotaci\u00f3n sexual<\/em><\/strong><\/h3>\n\n\n\n<p>\u201cDe todas las v\u00edctimas de trata, el 80% es&nbsp;<strong><em>con fines de explotaci\u00f3n sexual<\/em><\/strong>, la mayor\u00eda mujeres y ni\u00f1as\u201d.<\/p>\n\n\n\n<figure class=\"wp-block-embed is-type-video is-provider-youtube wp-block-embed-youtube wp-embed-aspect-16-9 wp-has-aspect-ratio\"><div class=\"wp-block-embed__wrapper\">\n<iframe title=\"La vida no es una mercanc\u00eda, se trata de personas\" width=\"500\" height=\"281\" src=\"https:\/\/www.youtube.com\/embed\/SxeC7NscOj0?feature=oembed\" frameborder=\"0\" allow=\"accelerometer; autoplay; clipboard-write; encrypted-media; gyroscope; picture-in-picture; web-share\" referrerpolicy=\"strict-origin-when-cross-origin\" allowfullscreen><\/iframe>\n<\/div><\/figure>\n\n\n\n<h3 class=\"wp-block-heading\"><strong><em>Reclutamiento forzoso<\/em><\/strong><\/h3>\n\n\n\n<p>\u201cLos tratantes y sus redes se aprovechan de la desprotecci\u00f3n y de las necesidades econ\u00f3micas, afectivas y laborales de las v\u00edctimas; us\u00e1ndolas como objetos para la guerra, poni\u00e9ndolas en riesgo, despoj\u00e1ndolas de sus proyectos de vida y de su capacidad de decisi\u00f3n\u201d.<\/p>\n\n\n\n<figure class=\"wp-block-embed is-type-video is-provider-youtube wp-block-embed-youtube wp-embed-aspect-16-9 wp-has-aspect-ratio\"><div class=\"wp-block-embed__wrapper\">\n<iframe title=\"Trata de personas con fines de reclutamiento forzoso\" width=\"500\" height=\"281\" src=\"https:\/\/www.youtube.com\/embed\/EMfMMEkLgmc?feature=oembed\" frameborder=\"0\" allow=\"accelerometer; autoplay; clipboard-write; encrypted-media; gyroscope; picture-in-picture; web-share\" referrerpolicy=\"strict-origin-when-cross-origin\" allowfullscreen><\/iframe>\n<\/div><\/figure>\n\n\n\n<p><\/p>\n\n\n\n<h3 class=\"wp-block-heading\"><strong><em>Trabajo esclavo<\/em><\/strong><\/h3>\n\n\n\n<p>\u201cLas v\u00edctimas son mujeres, hombres y menores de edad que d\u00eda a d\u00eda son explotados con fines de trabajo forzoso, servidumbre dom\u00e9stica, mendicidad infantil, entre otros\u201d.<\/p>\n\n\n\n<figure class=\"wp-block-embed is-type-video is-provider-youtube wp-block-embed-youtube wp-embed-aspect-16-9 wp-has-aspect-ratio\"><div class=\"wp-block-embed__wrapper\">\n<iframe title=\"Trata con fines de trabajo esclavo\" width=\"500\" height=\"281\" src=\"https:\/\/www.youtube.com\/embed\/VNgBiEBPRFM?feature=oembed\" frameborder=\"0\" allow=\"accelerometer; autoplay; clipboard-write; encrypted-media; gyroscope; picture-in-picture; web-share\" referrerpolicy=\"strict-origin-when-cross-origin\" allowfullscreen><\/iframe>\n<\/div><\/figure>\n\n\n\n<h3 class=\"wp-block-heading\"><strong><em>Tr\u00e1fico de \u00f3rganos<\/em><\/strong><\/h3>\n\n\n\n<p>&nbsp;\u201cLas personas son llevadas a lugares clandestinos para la extracci\u00f3n de sus \u00f3rganos, donde las condiciones son insalubres e inseguras\u201d.<\/p>\n\n\n\n<figure class=\"wp-block-embed is-type-video is-provider-youtube wp-block-embed-youtube wp-embed-aspect-16-9 wp-has-aspect-ratio\"><div class=\"wp-block-embed__wrapper\">\n<iframe title=\"Trata de personas con fines de tr\u00e1fico de \u00f3rganos\" width=\"500\" height=\"281\" src=\"https:\/\/www.youtube.com\/embed\/gouMsqjTDas?feature=oembed\" frameborder=\"0\" allow=\"accelerometer; autoplay; clipboard-write; encrypted-media; gyroscope; picture-in-picture; web-share\" referrerpolicy=\"strict-origin-when-cross-origin\" allowfullscreen><\/iframe>\n<\/div><\/figure>\n\n\n\n<p>Fuente: https:\/\/es.aleteia.org\/2021\/07\/30\/la-vida-no-es-una-mercancia-se-trata-de-personas-4-videos\/<\/p>\n","protected":false},"excerpt":{"rendered":"<p>Este 30 de julio se recuerda el D\u00eda Mundial contra la Trata de Personas. Aqu\u00ed la campa\u00f1a continental de la [&hellip;]<\/p>\n","protected":false},"author":1,"featured_media":10936,"comment_status":"open","ping_status":"open","sticky":false,"template":"","format":"standard","meta":{"site-sidebar-layout":"default","site-content-layout":"","ast-site-content-layout":"default","site-content-style":"default","site-sidebar-style":"default","ast-global-header-display":"","ast-banner-title-visibility":"","ast-main-header-display":"","ast-hfb-above-header-display":"","ast-hfb-below-header-display":"","ast-hfb-mobile-header-display":"","site-post-title":"","ast-breadcrumbs-content":"","ast-featured-img":"","footer-sml-layout":"","theme-transparent-header-meta":"","adv-header-id-meta":"","stick-header-meta":"","header-above-stick-meta":"","header-main-stick-meta":"","header-below-stick-meta":"","astra-migrate-meta-layouts":"default","ast-page-background-enabled":"default","ast-page-background-meta":{"desktop":{"background-color":"var(--ast-global-color-4)","background-image":"","background-repeat":"repeat","background-position":"center center","background-size":"auto","background-attachment":"scroll","background-type":"","background-media":"","overlay-type":"","overlay-color":"","overlay-opacity":"","overlay-gradient":""},"tablet":{"background-color":"","background-image":"","background-repeat":"repeat","background-position":"center center","background-size":"auto","background-attachment":"scroll","background-type":"","background-media":"","overlay-type":"","overlay-color":"","overlay-opacity":"","overlay-gradient":""},"mobile":{"background-color":"","background-image":"","background-repeat":"repeat","background-position":"center center","background-size":"auto","background-attachment":"scroll","background-type":"","background-media":"","overlay-type":"","overlay-color":"","overlay-opacity":"","overlay-gradient":""}},"ast-content-background-meta":{"desktop":{"background-color":"var(--ast-global-color-5)","background-image":"","background-repeat":"repeat","background-position":"center center","background-size":"auto","background-attachment":"scroll","background-type":"","background-media":"","overlay-type":"","overlay-color":"","overlay-opacity":"","overlay-gradient":""},"tablet":{"background-color":"var(--ast-global-color-5)","background-image":"","background-repeat":"repeat","background-position":"center center","background-size":"auto","background-attachment":"scroll","background-type":"","background-media":"","overlay-type":"","overlay-color":"","overlay-opacity":"","overlay-gradient":""},"mobile":{"background-color":"var(--ast-global-color-5)","background-image":"","background-repeat":"repeat","background-position":"center center","background-size":"auto","background-attachment":"scroll","background-type":"","background-media":"","overlay-type":"","overlay-color":"","overlay-opacity":"","overlay-gradient":""}},"footnotes":""},"categories":[8],"tags":[2930,2929,2931,2927,2928,2909],"class_list":["post-10935","post","type-post","status-publish","format-standard","has-post-thumbnail","hentry","category-noticias","tag-caritas","tag-celam","tag-esclavitud","tag-la-vida-no-es-una-mercancia","tag-red-clamor","tag-trata-de-personas"],"_links":{"self":[{"href":"https:\/\/losperiodistas.com.mx\/portal\/wp-json\/wp\/v2\/posts\/10935","targetHints":{"allow":["GET"]}}],"collection":[{"href":"https:\/\/losperiodistas.com.mx\/portal\/wp-json\/wp\/v2\/posts"}],"about":[{"href":"https:\/\/losperiodistas.com.mx\/portal\/wp-json\/wp\/v2\/types\/post"}],"author":[{"embeddable":true,"href":"https:\/\/losperiodistas.com.mx\/portal\/wp-json\/wp\/v2\/users\/1"}],"replies":[{"embeddable":true,"href":"https:\/\/losperiodistas.com.mx\/portal\/wp-json\/wp\/v2\/comments?post=10935"}],"version-history":[{"count":2,"href":"https:\/\/losperiodistas.com.mx\/portal\/wp-json\/wp\/v2\/posts\/10935\/revisions"}],"predecessor-version":[{"id":10938,"href":"https:\/\/losperiodistas.com.mx\/portal\/wp-json\/wp\/v2\/posts\/10935\/revisions\/10938"}],"wp:featuredmedia":[{"embeddable":true,"href":"https:\/\/losperiodistas.com.mx\/portal\/wp-json\/wp\/v2\/media\/10936"}],"wp:attachment":[{"href":"https:\/\/losperiodistas.com.mx\/portal\/wp-json\/wp\/v2\/media?parent=10935"}],"wp:term":[{"taxonomy":"category","embeddable":true,"href":"https:\/\/losperiodistas.com.mx\/portal\/wp-json\/wp\/v2\/categories?post=10935"},{"taxonomy":"post_tag","embeddable":true,"href":"https:\/\/losperiodistas.com.mx\/portal\/wp-json\/wp\/v2\/tags?post=10935"}],"curies":[{"name":"wp","href":"https:\/\/api.w.org\/{rel}","templated":true}]}}