{"id":109286,"date":"2025-10-24T16:45:33","date_gmt":"2025-10-24T22:45:33","guid":{"rendered":"https:\/\/losperiodistas.com.mx\/portal\/?p=109286"},"modified":"2025-10-24T16:45:35","modified_gmt":"2025-10-24T22:45:35","slug":"primer-ministro-de-canada-responde-luego-de-que-trump-anunciara-el-fin-de-las-negociaciones-comerciales-cnn","status":"publish","type":"post","link":"https:\/\/losperiodistas.com.mx\/portal\/primer-ministro-de-canada-responde-luego-de-que-trump-anunciara-el-fin-de-las-negociaciones-comerciales-cnn\/","title":{"rendered":"Primer ministro de Canad\u00e1 responde luego de que Trump anunciara el fin de las negociaciones comerciales | CNN"},"content":{"rendered":"\n<figure class=\"wp-block-embed is-type-video is-provider-youtube wp-block-embed-youtube wp-embed-aspect-4-3 wp-has-aspect-ratio\"><div class=\"wp-block-embed__wrapper\">\n<iframe title=\"President Reagan&#039;s Radio Address on Free and Fair Trade on April 25, 1987\" width=\"500\" height=\"375\" src=\"https:\/\/www.youtube.com\/embed\/5t5QK03KXPc?feature=oembed\" frameborder=\"0\" allow=\"accelerometer; autoplay; clipboard-write; encrypted-media; gyroscope; picture-in-picture; web-share\" referrerpolicy=\"strict-origin-when-cross-origin\" allowfullscreen><\/iframe>\n<\/div><\/figure>\n\n\n\n<p class=\"has-vivid-red-color has-text-color has-link-color wp-elements-9bd2f7ef5193e0ef9a3f11dd93d43e52\">Catherine Nicholls \/ CNN<\/p>\n\n\n\n<p>Canad\u00e1 \u201cno puede controlar la pol\u00edtica comercial de Estados Unidos\u201d, declar\u00f3 el primer ministro Mike Carney a la prensa el viernes, un d\u00eda despu\u00e9s de que el presidente Donald Trump anunciara el fin de las negociaciones comerciales con Ottawa.<\/p>\n\n\n\n<p>Reconocemos que esa pol\u00edtica ha cambiado fundamentalmente con respecto a la de las d\u00e9cadas de 1980, 1990 y 2000, y que Estados Unidos aplica aranceles a todos sus socios comerciales en diferentes pa\u00edses\u201d, declar\u00f3 Carney a la prensa poco antes de abordar un avi\u00f3n con destino a Kuala Lumpur, Malasia.<\/p>\n\n\n\n<p>Las autoridades canadienses han estado trabajando con sus hom\u00f3logos estadounidenses para negociar aranceles, afirm\u00f3, y a\u00f1adi\u00f3 que se han logrado \u201cmuchos avances\u201d.<\/p>\n\n\n\n<p>\u201cEstamos listos para retomar esos avances y aprovecharlos cuando los estadounidenses est\u00e9n listos para dialogar, ya que beneficiar\u00e1 a los trabajadores de Estados Unidos, a los trabajadores de Canad\u00e1 y a las familias de ambos pa\u00edses\u201d, concluy\u00f3 Carney.<\/p>\n\n\n\n<h2 class=\"wp-block-heading\" id=\"el-anuncio-de-trump\">El anuncio de Trump<\/h2>\n\n\n\n<p>Trump dijo el jueves que cancel\u00f3 las conversaciones en respuesta a un anuncio publicado la semana pasada por el Gobierno de la provincia canadiense de Ontario, que inclu\u00eda un audio de un discurso del expresidente estadounidense Ronald Reagan criticando los aranceles a los productos extranjeros.<\/p>\n\n\n\n<p>En el discurso de 1987, Reagan critic\u00f3 los aranceles por perjudicar a \u201ctodos los trabajadores y consumidores estadounidenses\u201d y \u201cdesencadenar feroces guerras comerciales\u201d.<\/p>\n\n\n\n<p>Despu\u00e9s de emitirse el anuncio, la Fundaci\u00f3n Ronald Reagan afirm\u00f3 que \u201ctergiversa\u201d el discurso y que el Gobierno de Ontario no hab\u00eda pedido permiso para utilizar el clip.<\/p>\n\n\n\n<p>Si bien el anuncio edit\u00f3 el discurso y carec\u00eda de contexto, el tema del discurso completo de cinco minutos de Reagan, que la Biblioteca Reagan public\u00f3 en YouTube, es el apoyo incondicional al comercio libre y justo.<\/p>\n\n\n\n<p>Fuente: <a href=\"https:\/\/cnnespanol.cnn.com\/2025\/10\/24\/mundo\/canada-trump-negociaciones-comerciales-trax\" target=\"_blank\" rel=\"noreferrer noopener\">CNN<\/a><\/p>\n\n\n\n<p><\/p>\n","protected":false},"excerpt":{"rendered":"<p>Catherine Nicholls \/ CNN Canad\u00e1 \u201cno puede controlar la pol\u00edtica comercial de Estados Unidos\u201d, declar\u00f3 el primer ministro Mike Carney [&hellip;]<\/p>\n","protected":false},"author":1,"featured_media":109287,"comment_status":"open","ping_status":"open","sticky":false,"template":"","format":"standard","meta":{"site-sidebar-layout":"default","site-content-layout":"","ast-site-content-layout":"default","site-content-style":"default","site-sidebar-style":"default","ast-global-header-display":"","ast-banner-title-visibility":"","ast-main-header-display":"","ast-hfb-above-header-display":"","ast-hfb-below-header-display":"","ast-hfb-mobile-header-display":"","site-post-title":"","ast-breadcrumbs-content":"","ast-featured-img":"","footer-sml-layout":"","theme-transparent-header-meta":"","adv-header-id-meta":"","stick-header-meta":"","header-above-stick-meta":"","header-main-stick-meta":"","header-below-stick-meta":"","astra-migrate-meta-layouts":"default","ast-page-background-enabled":"default","ast-page-background-meta":{"desktop":{"background-color":"var(--ast-global-color-4)","background-image":"","background-repeat":"repeat","background-position":"center center","background-size":"auto","background-attachment":"scroll","background-type":"","background-media":"","overlay-type":"","overlay-color":"","overlay-opacity":"","overlay-gradient":""},"tablet":{"background-color":"","background-image":"","background-repeat":"repeat","background-position":"center center","background-size":"auto","background-attachment":"scroll","background-type":"","background-media":"","overlay-type":"","overlay-color":"","overlay-opacity":"","overlay-gradient":""},"mobile":{"background-color":"","background-image":"","background-repeat":"repeat","background-position":"center center","background-size":"auto","background-attachment":"scroll","background-type":"","background-media":"","overlay-type":"","overlay-color":"","overlay-opacity":"","overlay-gradient":""}},"ast-content-background-meta":{"desktop":{"background-color":"var(--ast-global-color-5)","background-image":"","background-repeat":"repeat","background-position":"center center","background-size":"auto","background-attachment":"scroll","background-type":"","background-media":"","overlay-type":"","overlay-color":"","overlay-opacity":"","overlay-gradient":""},"tablet":{"background-color":"var(--ast-global-color-5)","background-image":"","background-repeat":"repeat","background-position":"center center","background-size":"auto","background-attachment":"scroll","background-type":"","background-media":"","overlay-type":"","overlay-color":"","overlay-opacity":"","overlay-gradient":""},"mobile":{"background-color":"var(--ast-global-color-5)","background-image":"","background-repeat":"repeat","background-position":"center center","background-size":"auto","background-attachment":"scroll","background-type":"","background-media":"","overlay-type":"","overlay-color":"","overlay-opacity":"","overlay-gradient":""}},"footnotes":""},"categories":[8],"tags":[4686,42796,1163,10989],"class_list":["post-109286","post","type-post","status-publish","format-standard","has-post-thumbnail","hentry","category-noticias","tag-canada","tag-mike-carney","tag-ronald-reagan","tag-trump"],"_links":{"self":[{"href":"https:\/\/losperiodistas.com.mx\/portal\/wp-json\/wp\/v2\/posts\/109286","targetHints":{"allow":["GET"]}}],"collection":[{"href":"https:\/\/losperiodistas.com.mx\/portal\/wp-json\/wp\/v2\/posts"}],"about":[{"href":"https:\/\/losperiodistas.com.mx\/portal\/wp-json\/wp\/v2\/types\/post"}],"author":[{"embeddable":true,"href":"https:\/\/losperiodistas.com.mx\/portal\/wp-json\/wp\/v2\/users\/1"}],"replies":[{"embeddable":true,"href":"https:\/\/losperiodistas.com.mx\/portal\/wp-json\/wp\/v2\/comments?post=109286"}],"version-history":[{"count":1,"href":"https:\/\/losperiodistas.com.mx\/portal\/wp-json\/wp\/v2\/posts\/109286\/revisions"}],"predecessor-version":[{"id":109288,"href":"https:\/\/losperiodistas.com.mx\/portal\/wp-json\/wp\/v2\/posts\/109286\/revisions\/109288"}],"wp:featuredmedia":[{"embeddable":true,"href":"https:\/\/losperiodistas.com.mx\/portal\/wp-json\/wp\/v2\/media\/109287"}],"wp:attachment":[{"href":"https:\/\/losperiodistas.com.mx\/portal\/wp-json\/wp\/v2\/media?parent=109286"}],"wp:term":[{"taxonomy":"category","embeddable":true,"href":"https:\/\/losperiodistas.com.mx\/portal\/wp-json\/wp\/v2\/categories?post=109286"},{"taxonomy":"post_tag","embeddable":true,"href":"https:\/\/losperiodistas.com.mx\/portal\/wp-json\/wp\/v2\/tags?post=109286"}],"curies":[{"name":"wp","href":"https:\/\/api.w.org\/{rel}","templated":true}]}}