{"id":109267,"date":"2025-10-24T04:09:57","date_gmt":"2025-10-24T10:09:57","guid":{"rendered":"https:\/\/losperiodistas.com.mx\/portal\/?p=109267"},"modified":"2025-10-24T04:09:58","modified_gmt":"2025-10-24T10:09:58","slug":"dia-internacional-de-las-bibliotecas-did","status":"publish","type":"post","link":"https:\/\/losperiodistas.com.mx\/portal\/dia-internacional-de-las-bibliotecas-did\/","title":{"rendered":"D\u00eda Internacional de las Bibliotecas | DID"},"content":{"rendered":"\n<figure class=\"wp-block-image aligncenter is-resized\"><img decoding=\"async\" src=\"https:\/\/www.diainternacionalde.com\/imagenes\/dias\/10-24_dia-internacional-de-las-bibliotecas.jpg\" alt=\"D\u00eda Internacional de las Bibliotecas\" style=\"width:553px;height:auto\" title=\"D\u00eda Internacional de las Bibliotecas\"\/><\/figure>\n\n\n\n<p><\/p>\n\n\n\n<p class=\"has-vivid-red-color has-text-color has-link-color has-medium-font-size wp-elements-3aa118b0468398fc8c867f42a873ef01\"><strong>REDACCI\u00d3N D\u00cdA INTERNACIONAL DE<\/strong><\/p>\n\n\n\n<p>Desde el a\u00f1o 1997 cada 24 de octubre se celebra en varios pa\u00edses el&nbsp;<strong>D\u00eda Internacional de las Bibliotecas<\/strong>. Una fecha que busca resaltar la importancia que tienen este tipo de edificaciones para la historia humana como resguardo de su cultura, de sus escritos, de sus creencias.<\/p>\n\n\n\n<p>La historia de ese d\u00eda comenz\u00f3 entre las cenizas y la perdida de cientos de miles de textos \u00fanicos.<\/p>\n\n\n\n<figure class=\"wp-block-embed is-type-rich is-provider-gestor-del-servicio wp-block-embed-gestor-del-servicio wp-embed-aspect-16-9 wp-has-aspect-ratio\"><div class=\"wp-block-embed__wrapper\">\n<iframe title=\"MANIFIESTO D\u00cdA INTERNACIONAL DE LA BIBLIOTECA 2018\" width=\"500\" height=\"281\" src=\"https:\/\/www.youtube.com\/embed\/5L35XvK8xdM?feature=oembed\" frameborder=\"0\" allow=\"accelerometer; autoplay; clipboard-write; encrypted-media; gyroscope; picture-in-picture; web-share\" referrerpolicy=\"strict-origin-when-cross-origin\" allowfullscreen><\/iframe>\n<\/div><\/figure>\n\n\n\n<h2 class=\"wp-block-heading\" id=\"resTit_2\">\u00bfPor qu\u00e9 se celebra el D\u00eda Internacional de las Bibliotecas?<\/h2>\n\n\n\n<p>En 1992, la&nbsp;<strong><em>Biblioteca Nacional de Sarajevo<\/em><\/strong>&nbsp;qued\u00f3 totalmente en ruinas debido al conflicto b\u00e9lico de los Balcanes.<\/p>\n\n\n\n<p><\/p>\n\n\n\n<p>La imagen que qued\u00f3 grabada en la mente del mundo fue la del m\u00fasico&nbsp;<em>Vedran Smailovic<\/em>, tocando su violonchelo entre los escombros del hermoso edificio, que tambi\u00e9n hab\u00eda realizado la funci\u00f3n de&nbsp;<em>Casa de Gobierno en el siglo XIX<\/em>.<\/p>\n\n\n\n<p>Pero, \u00bfPor qu\u00e9 atacar una biblioteca? M\u00e1s all\u00e1 de que a lo largo de la historia, muchos tiranos como Hitler, viesen en los libros una fuente de franca oposici\u00f3n y los mandasen a quemar en grandes hogueras, la realidad es que lo que deton\u00f3 la destrucci\u00f3n de la&nbsp;<strong><em>Biblioteca de Sarajevo<\/em><\/strong>, fue su arquitectura que incorporaba elementos de tradici\u00f3n \u00e1rabe y oriental, recordando a todos los que pasaban por delante de ella que ya no formaban parte del&nbsp;<strong><em>Imperio Otomano (Turco)<\/em><\/strong>.<\/p>\n\n\n\n<figure class=\"wp-block-image size-full\"><img fetchpriority=\"high\" decoding=\"async\" width=\"650\" height=\"438\" src=\"https:\/\/losperiodistas.com.mx\/portal\/wp-content\/uploads\/2025\/10\/10-24_dia-internacional-de-las-bibliotecas_m.jpg\" alt=\"\" class=\"wp-image-109269\" title=\"En 1992 el m\u00fasico Vedran Smailovi? toc\u00f3 su violonchelo entre los escombros de la biblioteca de Sarajevo\" srcset=\"https:\/\/losperiodistas.com.mx\/portal\/wp-content\/uploads\/2025\/10\/10-24_dia-internacional-de-las-bibliotecas_m.jpg 650w, https:\/\/losperiodistas.com.mx\/portal\/wp-content\/uploads\/2025\/10\/10-24_dia-internacional-de-las-bibliotecas_m-300x202.jpg 300w\" sizes=\"(max-width: 650px) 100vw, 650px\" \/><figcaption class=\"wp-element-caption\">En 1992 el m\u00fasico Vedran Smailovic toc\u00f3 su violonchelo entre los escombros de la biblioteca de Sarajevo<\/figcaption><\/figure>\n\n\n\n<p>Para los nacionalistas radicales que quer\u00edan volver a fundar el imperio persa, aquella edificaci\u00f3n y muchas otras de estilo oriental, resultaban ser un insulto a sus creencias, por esta raz\u00f3n decidieron destruirlos completamente.<\/p>\n\n\n\n<p>A pesar de que ir\u00f3nicamente muchos de estos hombres eran fieles visitantes de la biblioteca, es m\u00e1s, el hombre que dio la orden para su destrucci\u00f3n era profesor de literatura de la Universidad de Sarajevo y amaba los poemas de Shakespeare.<\/p>\n\n\n\n<h2 class=\"wp-block-heading\" id=\"resTit_3\">Memoricidio, \u00bfQu\u00e9 es y por qu\u00e9 guarda relaci\u00f3n con esta festividad?<\/h2>\n\n\n\n<p><strong>El&nbsp;<em>memoricidio<\/em>&nbsp;es la palabra que se utiliza para describir la destrucci\u00f3n del acervo cultural de un pueblo.&nbsp;<\/strong>El m\u00e9dico e historiador croata&nbsp;<em>Mirko D. Grmek<\/em>, utiliz\u00f3 por primera vez este t\u00e9rmino en un discurso que diera ante las&nbsp;<em>Naciones Unidas<\/em>, dando origen no solo a la palabra sino al prop\u00f3sito de este organismo de evitar a toda costa que este tipo de cr\u00edmenes de guerra siguiesen ocurriendo en el mundo.<\/p>\n\n\n\n<p><\/p>\n\n\n\n<h3 class=\"wp-block-heading\"><\/h3>\n\n\n\n<p>Uno de los mayores exponentes de la terrible repercusi\u00f3n que puede tener el&nbsp;<strong><em>memoricidio<\/em><\/strong>&nbsp;en la historia humana se explica en la pel\u00edcula&nbsp;<strong>Operaci\u00f3n Monumento<\/strong>, donde un grupo de historiadores y curadores de arte, conforman un grupo de salvamento militar para proteger las obras de artes de Europa durante el conflicto de la&nbsp;<em>Segunda Guerra Mundial<\/em>.<\/p>\n\n\n\n<h2 class=\"wp-block-heading\" id=\"resTit_4\">\u00bfC\u00f3mo celebrar el D\u00eda Internacional de las Bibliotecas?<\/h2>\n\n\n\n<p>La respuesta es sencill\u00edsima,&nbsp;<strong>simplemente visita una biblioteca ese d\u00eda<\/strong>, que seguro que tendr\u00e1n varias actividades pensadas para celebrar su d\u00eda.<\/p>\n\n\n\n<p>Otra manera es&nbsp;<strong>compartiendo una rese\u00f1a sobre alguno de tus libros favoritas<\/strong>&nbsp;e inspirando a otros a que habr\u00e1n su mente para visitar nuevos mundo en papel.<\/p>\n\n\n\n<p>Recuerda acompa\u00f1ar cualquier comentario digital con el hashtag&nbsp;<strong><em>#D\u00edaInternacionaldelasBibliotecas<\/em><\/strong>.<\/p>\n\n\n\n<p>Fuente: <a href=\"https:\/\/www.diainternacionalde.com\/ficha\/dia-internacional-de-las-bibliotecas\">https:\/\/www.diainternacionalde.com\/ficha\/dia-internacional-de-las-bibliotecas<\/a><\/p>\n","protected":false},"excerpt":{"rendered":"<p>REDACCI\u00d3N D\u00cdA INTERNACIONAL DE Desde el a\u00f1o 1997 cada 24 de octubre se celebra en varios pa\u00edses el&nbsp;D\u00eda Internacional de [&hellip;]<\/p>\n","protected":false},"author":1,"featured_media":109270,"comment_status":"open","ping_status":"open","sticky":false,"template":"","format":"standard","meta":{"site-sidebar-layout":"default","site-content-layout":"","ast-site-content-layout":"default","site-content-style":"default","site-sidebar-style":"default","ast-global-header-display":"","ast-banner-title-visibility":"","ast-main-header-display":"","ast-hfb-above-header-display":"","ast-hfb-below-header-display":"","ast-hfb-mobile-header-display":"","site-post-title":"","ast-breadcrumbs-content":"","ast-featured-img":"","footer-sml-layout":"","theme-transparent-header-meta":"","adv-header-id-meta":"","stick-header-meta":"","header-above-stick-meta":"","header-main-stick-meta":"","header-below-stick-meta":"","astra-migrate-meta-layouts":"default","ast-page-background-enabled":"default","ast-page-background-meta":{"desktop":{"background-color":"var(--ast-global-color-4)","background-image":"","background-repeat":"repeat","background-position":"center center","background-size":"auto","background-attachment":"scroll","background-type":"","background-media":"","overlay-type":"","overlay-color":"","overlay-opacity":"","overlay-gradient":""},"tablet":{"background-color":"","background-image":"","background-repeat":"repeat","background-position":"center center","background-size":"auto","background-attachment":"scroll","background-type":"","background-media":"","overlay-type":"","overlay-color":"","overlay-opacity":"","overlay-gradient":""},"mobile":{"background-color":"","background-image":"","background-repeat":"repeat","background-position":"center center","background-size":"auto","background-attachment":"scroll","background-type":"","background-media":"","overlay-type":"","overlay-color":"","overlay-opacity":"","overlay-gradient":""}},"ast-content-background-meta":{"desktop":{"background-color":"var(--ast-global-color-5)","background-image":"","background-repeat":"repeat","background-position":"center center","background-size":"auto","background-attachment":"scroll","background-type":"","background-media":"","overlay-type":"","overlay-color":"","overlay-opacity":"","overlay-gradient":""},"tablet":{"background-color":"var(--ast-global-color-5)","background-image":"","background-repeat":"repeat","background-position":"center center","background-size":"auto","background-attachment":"scroll","background-type":"","background-media":"","overlay-type":"","overlay-color":"","overlay-opacity":"","overlay-gradient":""},"mobile":{"background-color":"var(--ast-global-color-5)","background-image":"","background-repeat":"repeat","background-position":"center center","background-size":"auto","background-attachment":"scroll","background-type":"","background-media":"","overlay-type":"","overlay-color":"","overlay-opacity":"","overlay-gradient":""}},"footnotes":""},"categories":[8],"tags":[42790],"class_list":["post-109267","post","type-post","status-publish","format-standard","has-post-thumbnail","hentry","category-noticias","tag-dia-internacional-de-las-bibliotecas-did"],"_links":{"self":[{"href":"https:\/\/losperiodistas.com.mx\/portal\/wp-json\/wp\/v2\/posts\/109267","targetHints":{"allow":["GET"]}}],"collection":[{"href":"https:\/\/losperiodistas.com.mx\/portal\/wp-json\/wp\/v2\/posts"}],"about":[{"href":"https:\/\/losperiodistas.com.mx\/portal\/wp-json\/wp\/v2\/types\/post"}],"author":[{"embeddable":true,"href":"https:\/\/losperiodistas.com.mx\/portal\/wp-json\/wp\/v2\/users\/1"}],"replies":[{"embeddable":true,"href":"https:\/\/losperiodistas.com.mx\/portal\/wp-json\/wp\/v2\/comments?post=109267"}],"version-history":[{"count":1,"href":"https:\/\/losperiodistas.com.mx\/portal\/wp-json\/wp\/v2\/posts\/109267\/revisions"}],"predecessor-version":[{"id":109271,"href":"https:\/\/losperiodistas.com.mx\/portal\/wp-json\/wp\/v2\/posts\/109267\/revisions\/109271"}],"wp:featuredmedia":[{"embeddable":true,"href":"https:\/\/losperiodistas.com.mx\/portal\/wp-json\/wp\/v2\/media\/109270"}],"wp:attachment":[{"href":"https:\/\/losperiodistas.com.mx\/portal\/wp-json\/wp\/v2\/media?parent=109267"}],"wp:term":[{"taxonomy":"category","embeddable":true,"href":"https:\/\/losperiodistas.com.mx\/portal\/wp-json\/wp\/v2\/categories?post=109267"},{"taxonomy":"post_tag","embeddable":true,"href":"https:\/\/losperiodistas.com.mx\/portal\/wp-json\/wp\/v2\/tags?post=109267"}],"curies":[{"name":"wp","href":"https:\/\/api.w.org\/{rel}","templated":true}]}}