{"id":10926,"date":"2021-07-30T17:46:45","date_gmt":"2021-07-30T22:46:45","guid":{"rendered":"http:\/\/losperiodistas.com.mx\/portal\/?p=10926"},"modified":"2021-07-30T17:46:48","modified_gmt":"2021-07-30T22:46:48","slug":"en-culiacan-amlo-defiende-liberacion-de-ovidio-guzman-y-politica-de-seguridad-tengo-mi-conciencia-tranquila-proceso","status":"publish","type":"post","link":"https:\/\/losperiodistas.com.mx\/portal\/en-culiacan-amlo-defiende-liberacion-de-ovidio-guzman-y-politica-de-seguridad-tengo-mi-conciencia-tranquila-proceso\/","title":{"rendered":"En Culiac\u00e1n AMLO defiende liberaci\u00f3n de Ovidio Guzm\u00e1n y pol\u00edtica de seguridad: \u00abtengo mi conciencia tranquila\u00bb | Proceso"},"content":{"rendered":"\n<p><em>\u201cNosotros vamos siempre a respetar la vida de todos y esa m\u00edstica est\u00e1 en las Fuerzas Armadas, se est\u00e1 avanzando mucho en ese prop\u00f3sito por eso nos criticaron tambi\u00e9n mucho cuando se dio la orden de dejar en libertad al hijo de Guzm\u00e1n Loera, aqu\u00ed en Culiac\u00e1n\u201d dijo el mandatario.<\/em><\/p>\n\n\n\n<p><\/p>\n\n\n\n<figure class=\"wp-block-image size-large\"><img fetchpriority=\"high\" decoding=\"async\" width=\"1024\" height=\"575\" src=\"https:\/\/losperiodistas.com.mx\/portal\/wp-content\/uploads\/2021\/07\/Captura-de-Pantalla-2021-07-30-a-las-17.37.09-1024x575.png\" alt=\"\" class=\"wp-image-10927\" srcset=\"https:\/\/losperiodistas.com.mx\/portal\/wp-content\/uploads\/2021\/07\/Captura-de-Pantalla-2021-07-30-a-las-17.37.09-1024x575.png 1024w, https:\/\/losperiodistas.com.mx\/portal\/wp-content\/uploads\/2021\/07\/Captura-de-Pantalla-2021-07-30-a-las-17.37.09-300x168.png 300w, https:\/\/losperiodistas.com.mx\/portal\/wp-content\/uploads\/2021\/07\/Captura-de-Pantalla-2021-07-30-a-las-17.37.09-768x431.png 768w, https:\/\/losperiodistas.com.mx\/portal\/wp-content\/uploads\/2021\/07\/Captura-de-Pantalla-2021-07-30-a-las-17.37.09.png 1478w\" sizes=\"(max-width: 1024px) 100vw, 1024px\" \/><\/figure>\n\n\n\n<p><\/p>\n\n\n\n<p class=\"has-vivid-cyan-blue-color has-text-color has-medium-font-size\">EZEQUIEL FLORES CONTRERAS \/ PROCESO<\/p>\n\n\n\n<p>CIUDAD DE M\u00c9XICO (apro).- \u201cTodav\u00eda hay quienes cuestionan, pues tengo mi conciencia tranquila\u201d, expres\u00f3 el presidente Andr\u00e9s Manuel L\u00f3pez Obrador sobre el caso de la liberaci\u00f3n de Ovidio Guzm\u00e1n L\u00f3pez, hijo del capo Joaqu\u00edn El Chapo Guzm\u00e1n Loera, el pasado 17 de octubre de 2019 en la ciudad de Culiac\u00e1n, capital del estado de Sinaloa.<\/p>\n\n\n\n<p>En esta ciudad del noroeste mexicano donde se realiza la conferencia ma\u00f1anera que marca una gira oficial de tres d\u00edas en Sinaloa, Durango, Jalisco y Nayarit, el mandatario defendi\u00f3 su pol\u00edtica de \u201cabrazos, no balazos\u201d, dijo que desde que lleg\u00f3 al gobierno federal decidi\u00f3 no enfrentar a la delincuencia sino atender las causas que generan la violencia.<\/p>\n\n\n\n<p>Reiter\u00f3 que el Estado ya no es el principal violador de los derechos humanos como suced\u00eda en gobiernos anteriores y sostuvo lo siguiente:<\/p>\n\n\n\n<p class=\"has-cyan-bluish-gray-background-color has-background\" style=\"font-size:26px\"><em>\u00abNosotros vamos siempre a respetar la vida de todos y esa m\u00edstica est\u00e1 en las Fuerzas Armadas, se est\u00e1 avanzando mucho en ese prop\u00f3sito por eso nos criticaron tambi\u00e9n mucho cuando se dio la orden de dejar en libertad al hijo de Guzm\u00e1n Loera, aqu\u00ed en Culiac\u00e1n\u201d, enseguida fij\u00f3 su postura sobre este caso que estremeci\u00f3 a los sinaloenses.\u00a0<\/em><\/p>\n\n\n\n<p class=\"has-cyan-bluish-gray-background-color has-background\" style=\"font-size:26px\"><em>\u201cYo tom\u00e9 la decisi\u00f3n porque no quisimos arriesgar al pueblo, no queremos la violencia y esto no se entiende, los autoritarios y fascistoides quisieran resolver todo con el uso de la violencia y todav\u00eda hay quienes cuestionan, pues tengo mi conciencia tranquila\u201d, sentenci\u00f3 el presidente L\u00f3pez Obrador<\/em>\u00ab.<\/p>\n\n\n\n<p>Enseguida, justific\u00f3 la decisi\u00f3n de liberar a Ovidio Guzm\u00e1n L\u00f3pez, quien previamente hab\u00eda sido detenido por un grupo especial del Ej\u00e9rcito, argumentando que se dio prioridad a salvar la vida de personas inocentes.<\/p>\n\n\n\n<p class=\"has-cyan-bluish-gray-background-color has-background\" style=\"font-size:26px\"><em>\u00abPorque cuando ped\u00ed el informe de lo que pod\u00eda haber sucedido, iban a perder la vida m\u00e1s de 200 inocentes, seg\u00fan la estimaci\u00f3n que se hizo en ese momento y dije no\u201d, record\u00f3 el mandatario<\/em>.<\/p>\n\n\n\n<p>Luego, record\u00f3 una frase del General revolucionario, Felipe \u00c1ngeles que dice textual:<\/p>\n\n\n\n<p class=\"has-cyan-bluish-gray-background-color has-background\" style=\"font-size:26px\">\u00ab<em>La pol\u00edtica no es un fin, la Revoluci\u00f3n no es un fin; son medios para hacer hombres a los hombres. Nada es sagrado excepto el hombre. Hay algo fr\u00e1gil, pero infinitamente precioso, que todos debemos defender: la vida\u201d, <\/em>concluy\u00f3 exponiendo el mensaje en pantalla.<\/p>\n\n\n\n<p>Fuente: https:\/\/www.proceso.com.mx\/nacional\/2021\/7\/30\/en-culiacan-amlo-defiende-liberacion-de-ovidio-guzman-politica-de-seguridad-tengo-mi-conciencia-tranquila-268877.html<\/p>\n\n\n\n<p><\/p>\n","protected":false},"excerpt":{"rendered":"<p>\u201cNosotros vamos siempre a respetar la vida de todos y esa m\u00edstica est\u00e1 en las Fuerzas Armadas, se est\u00e1 avanzando [&hellip;]<\/p>\n","protected":false},"author":1,"featured_media":10927,"comment_status":"open","ping_status":"open","sticky":false,"template":"","format":"standard","meta":{"site-sidebar-layout":"default","site-content-layout":"","ast-site-content-layout":"default","site-content-style":"default","site-sidebar-style":"default","ast-global-header-display":"","ast-banner-title-visibility":"","ast-main-header-display":"","ast-hfb-above-header-display":"","ast-hfb-below-header-display":"","ast-hfb-mobile-header-display":"","site-post-title":"","ast-breadcrumbs-content":"","ast-featured-img":"","footer-sml-layout":"","theme-transparent-header-meta":"","adv-header-id-meta":"","stick-header-meta":"","header-above-stick-meta":"","header-main-stick-meta":"","header-below-stick-meta":"","astra-migrate-meta-layouts":"default","ast-page-background-enabled":"default","ast-page-background-meta":{"desktop":{"background-color":"var(--ast-global-color-4)","background-image":"","background-repeat":"repeat","background-position":"center center","background-size":"auto","background-attachment":"scroll","background-type":"","background-media":"","overlay-type":"","overlay-color":"","overlay-opacity":"","overlay-gradient":""},"tablet":{"background-color":"","background-image":"","background-repeat":"repeat","background-position":"center center","background-size":"auto","background-attachment":"scroll","background-type":"","background-media":"","overlay-type":"","overlay-color":"","overlay-opacity":"","overlay-gradient":""},"mobile":{"background-color":"","background-image":"","background-repeat":"repeat","background-position":"center center","background-size":"auto","background-attachment":"scroll","background-type":"","background-media":"","overlay-type":"","overlay-color":"","overlay-opacity":"","overlay-gradient":""}},"ast-content-background-meta":{"desktop":{"background-color":"var(--ast-global-color-5)","background-image":"","background-repeat":"repeat","background-position":"center center","background-size":"auto","background-attachment":"scroll","background-type":"","background-media":"","overlay-type":"","overlay-color":"","overlay-opacity":"","overlay-gradient":""},"tablet":{"background-color":"var(--ast-global-color-5)","background-image":"","background-repeat":"repeat","background-position":"center center","background-size":"auto","background-attachment":"scroll","background-type":"","background-media":"","overlay-type":"","overlay-color":"","overlay-opacity":"","overlay-gradient":""},"mobile":{"background-color":"var(--ast-global-color-5)","background-image":"","background-repeat":"repeat","background-position":"center center","background-size":"auto","background-attachment":"scroll","background-type":"","background-media":"","overlay-type":"","overlay-color":"","overlay-opacity":"","overlay-gradient":""}},"footnotes":""},"categories":[8],"tags":[199,2918,2917],"class_list":["post-10926","post","type-post","status-publish","format-standard","has-post-thumbnail","hentry","category-noticias","tag-amlo","tag-liberacion-hijo-de-el-chapo","tag-ovidio-guzman"],"_links":{"self":[{"href":"https:\/\/losperiodistas.com.mx\/portal\/wp-json\/wp\/v2\/posts\/10926","targetHints":{"allow":["GET"]}}],"collection":[{"href":"https:\/\/losperiodistas.com.mx\/portal\/wp-json\/wp\/v2\/posts"}],"about":[{"href":"https:\/\/losperiodistas.com.mx\/portal\/wp-json\/wp\/v2\/types\/post"}],"author":[{"embeddable":true,"href":"https:\/\/losperiodistas.com.mx\/portal\/wp-json\/wp\/v2\/users\/1"}],"replies":[{"embeddable":true,"href":"https:\/\/losperiodistas.com.mx\/portal\/wp-json\/wp\/v2\/comments?post=10926"}],"version-history":[{"count":1,"href":"https:\/\/losperiodistas.com.mx\/portal\/wp-json\/wp\/v2\/posts\/10926\/revisions"}],"predecessor-version":[{"id":10928,"href":"https:\/\/losperiodistas.com.mx\/portal\/wp-json\/wp\/v2\/posts\/10926\/revisions\/10928"}],"wp:featuredmedia":[{"embeddable":true,"href":"https:\/\/losperiodistas.com.mx\/portal\/wp-json\/wp\/v2\/media\/10927"}],"wp:attachment":[{"href":"https:\/\/losperiodistas.com.mx\/portal\/wp-json\/wp\/v2\/media?parent=10926"}],"wp:term":[{"taxonomy":"category","embeddable":true,"href":"https:\/\/losperiodistas.com.mx\/portal\/wp-json\/wp\/v2\/categories?post=10926"},{"taxonomy":"post_tag","embeddable":true,"href":"https:\/\/losperiodistas.com.mx\/portal\/wp-json\/wp\/v2\/tags?post=10926"}],"curies":[{"name":"wp","href":"https:\/\/api.w.org\/{rel}","templated":true}]}}