{"id":109190,"date":"2025-10-21T20:34:38","date_gmt":"2025-10-22T02:34:38","guid":{"rendered":"https:\/\/losperiodistas.com.mx\/portal\/?p=109190"},"modified":"2025-10-21T20:34:40","modified_gmt":"2025-10-22T02:34:40","slug":"fiscalia-de-puebla-asegura-que-francisco-pineda-perez-conocido-como-medio-metro-murio-por-un-tiro-en-la-cabeza-el-pais","status":"publish","type":"post","link":"https:\/\/losperiodistas.com.mx\/portal\/fiscalia-de-puebla-asegura-que-francisco-pineda-perez-conocido-como-medio-metro-murio-por-un-tiro-en-la-cabeza-el-pais\/","title":{"rendered":"Fiscal\u00eda de Puebla asegura que Francisco Pineda P\u00e9rez, conocido como \u2018Medio Metro\u2019, muri\u00f3 por un tiro en la cabeza | El Pa\u00eds"},"content":{"rendered":"\n<p>Las autoridades investigan las causas del fallecimiento del bailar\u00edn de sonideros, cuyo cuerpo fue hallado en una barranca<\/p>\n\n\n\n<figure class=\"wp-block-image size-large\"><img fetchpriority=\"high\" decoding=\"async\" width=\"1024\" height=\"681\" src=\"https:\/\/losperiodistas.com.mx\/portal\/wp-content\/uploads\/2025\/10\/FcoPineda-1024x681.png\" alt=\"\" class=\"wp-image-109191\" srcset=\"https:\/\/losperiodistas.com.mx\/portal\/wp-content\/uploads\/2025\/10\/FcoPineda-1024x681.png 1024w, https:\/\/losperiodistas.com.mx\/portal\/wp-content\/uploads\/2025\/10\/FcoPineda-300x200.png 300w, https:\/\/losperiodistas.com.mx\/portal\/wp-content\/uploads\/2025\/10\/FcoPineda-768x511.png 768w, https:\/\/losperiodistas.com.mx\/portal\/wp-content\/uploads\/2025\/10\/FcoPineda.png 1195w\" sizes=\"(max-width: 1024px) 100vw, 1024px\" \/><figcaption class=\"wp-element-caption\">Francisco Pineda P\u00e9rez, conocido como el &#8216;Medio Metro&#8217; de Puebla.<\/figcaption><\/figure>\n\n\n\n<p class=\"has-vivid-red-color has-text-color has-link-color wp-elements-0ca8259775ac41aacee3812ff50ea422\">Micaela Varela \/ El Pa\u00eds<\/p>\n\n\n\n<p>El mundo de la cumbia sonidera mexicana est\u00e1 de luto por la muerte del bailar\u00edn Francisco Pineda P\u00e9rez, m\u00e1s conocido como el Medio Metro de Puebla. La fiscal Idamis Pastor Betancourt ha detallado que Pineda, cuyo cuerpo fue hallado en una barranca este lunes, ten\u00eda heridas por impacto de bala en la cabeza. \u201cTodav\u00eda no terminamos de hacer la necropsia, las investigaciones est\u00e1n avanzando al respecto\u201d, ha dicho Pastor sin especificar todav\u00eda si las causas de la muerte apuntan a un homicidio.<\/p>\n\n\n\n<p>Medios locales han reportado que el cuerpo de Pineda fue hallado durante la ma\u00f1ana del lunes en una barranca en San Sebasti\u00e1n Aparicio, al norte de la ciudad de Puebla. Se trataba de un hombre de 30 a\u00f1os de edad con acondroplasia. Alvin Pineda confirm\u00f3 que el fallecido se trataba de su hermano y ha invitado a sus fans a acompa\u00f1ar a la familia en el velorio, un evento p\u00fablico que se celebrar\u00e1 esta tarde en la ciudad.<\/p>\n\n\n\n<p>Pineda, cuya estatura de 1,40 metros le vali\u00f3 su famoso apodo, frecuentaba la escena de sonideros en el Estado de Puebla y alegraba los eventos musicales con sus caracter\u00edsticas vueltas en los bailes en pareja. Sol\u00eda asistir a las fiestas vestido como personajes del El Chavo del 8 o Super Mario.<\/p>\n\n\n\n<p>Los primeros en dar la noticia de su muerte fue Grupo Super T, la banda con la que particip\u00f3 en un encuentro el pasado fin de semana. \u201cLamentamos comunicar a todos nuestros seguidores el fallecimiento de nuestro compa\u00f1ero Medio Metro. Nos unimos al dolor que embarga a la familia Pineda\u201d, escribieron en sus redes sociales. Uno de los \u00faltimos bailes de Medio Metro fue para amenizar el primer informe de Gobierno del presidente municipal Armando Aguirre en Santa Mar\u00eda Coronango.<\/p>\n\n\n\n<p>La m\u00fasica sonidera ha traspasado las fronteras de los barrios populares de M\u00e9xico con sus mezclas de ritmos tropicales y electr\u00f3nicos. Ahora se contagia a eventos multitudinarios que van desde m\u00edtines pol\u00edticos a discotecas de las zonas con m\u00e1s adineradas. Medio Metro era uno de los protagonistas en las ruedas que forman los asistentes de estos conciertos que bailan pasos de cumbia y salsa seg\u00fan dicten los DJ.<\/p>\n\n\n\n<p>Sus habilidades en la pista le valieron invitaciones para bailar en varios puntos del pa\u00eds y representar el barrio poblano del que estaba tan orgulloso, el Barrio Bravo del Alto. \u201cYa listo para irme a Pachuca con el buen amigo y carnalito DJ Gera con la voz de Barbie y el carnalito Flako TV\u201d, public\u00f3 a principio de mes en sus redes.<\/p>\n\n\n\n<p>Fuente: <a href=\"https:\/\/elpais.com\/mexico\/2025-10-21\/la-fiscalia-de-puebla-asegura-que-francisco-pineda-perez-conocido-como-medio-metro-murio-por-un-tiro-en-la-cabeza.html\" target=\"_blank\" rel=\"noreferrer noopener\">El Pa\u00eds<\/a><\/p>\n","protected":false},"excerpt":{"rendered":"<p>Las autoridades investigan las causas del fallecimiento del bailar\u00edn de sonideros, cuyo cuerpo fue hallado en una barranca<\/p>\n","protected":false},"author":1,"featured_media":109191,"comment_status":"open","ping_status":"open","sticky":false,"template":"","format":"standard","meta":{"site-sidebar-layout":"default","site-content-layout":"","ast-site-content-layout":"default","site-content-style":"default","site-sidebar-style":"default","ast-global-header-display":"","ast-banner-title-visibility":"","ast-main-header-display":"","ast-hfb-above-header-display":"","ast-hfb-below-header-display":"","ast-hfb-mobile-header-display":"","site-post-title":"","ast-breadcrumbs-content":"","ast-featured-img":"","footer-sml-layout":"","theme-transparent-header-meta":"","adv-header-id-meta":"","stick-header-meta":"","header-above-stick-meta":"","header-main-stick-meta":"","header-below-stick-meta":"","astra-migrate-meta-layouts":"default","ast-page-background-enabled":"default","ast-page-background-meta":{"desktop":{"background-color":"var(--ast-global-color-4)","background-image":"","background-repeat":"repeat","background-position":"center center","background-size":"auto","background-attachment":"scroll","background-type":"","background-media":"","overlay-type":"","overlay-color":"","overlay-opacity":"","overlay-gradient":""},"tablet":{"background-color":"","background-image":"","background-repeat":"repeat","background-position":"center center","background-size":"auto","background-attachment":"scroll","background-type":"","background-media":"","overlay-type":"","overlay-color":"","overlay-opacity":"","overlay-gradient":""},"mobile":{"background-color":"","background-image":"","background-repeat":"repeat","background-position":"center center","background-size":"auto","background-attachment":"scroll","background-type":"","background-media":"","overlay-type":"","overlay-color":"","overlay-opacity":"","overlay-gradient":""}},"ast-content-background-meta":{"desktop":{"background-color":"var(--ast-global-color-5)","background-image":"","background-repeat":"repeat","background-position":"center center","background-size":"auto","background-attachment":"scroll","background-type":"","background-media":"","overlay-type":"","overlay-color":"","overlay-opacity":"","overlay-gradient":""},"tablet":{"background-color":"var(--ast-global-color-5)","background-image":"","background-repeat":"repeat","background-position":"center center","background-size":"auto","background-attachment":"scroll","background-type":"","background-media":"","overlay-type":"","overlay-color":"","overlay-opacity":"","overlay-gradient":""},"mobile":{"background-color":"var(--ast-global-color-5)","background-image":"","background-repeat":"repeat","background-position":"center center","background-size":"auto","background-attachment":"scroll","background-type":"","background-media":"","overlay-type":"","overlay-color":"","overlay-opacity":"","overlay-gradient":""}},"footnotes":""},"categories":[8],"tags":[29076,42763,42764,42762],"class_list":["post-109190","post","type-post","status-publish","format-standard","has-post-thumbnail","hentry","category-noticias","tag-fiscalia-de-puebla","tag-francisco-pineda-perez","tag-grupo-super-t","tag-medio-metro"],"_links":{"self":[{"href":"https:\/\/losperiodistas.com.mx\/portal\/wp-json\/wp\/v2\/posts\/109190","targetHints":{"allow":["GET"]}}],"collection":[{"href":"https:\/\/losperiodistas.com.mx\/portal\/wp-json\/wp\/v2\/posts"}],"about":[{"href":"https:\/\/losperiodistas.com.mx\/portal\/wp-json\/wp\/v2\/types\/post"}],"author":[{"embeddable":true,"href":"https:\/\/losperiodistas.com.mx\/portal\/wp-json\/wp\/v2\/users\/1"}],"replies":[{"embeddable":true,"href":"https:\/\/losperiodistas.com.mx\/portal\/wp-json\/wp\/v2\/comments?post=109190"}],"version-history":[{"count":1,"href":"https:\/\/losperiodistas.com.mx\/portal\/wp-json\/wp\/v2\/posts\/109190\/revisions"}],"predecessor-version":[{"id":109192,"href":"https:\/\/losperiodistas.com.mx\/portal\/wp-json\/wp\/v2\/posts\/109190\/revisions\/109192"}],"wp:featuredmedia":[{"embeddable":true,"href":"https:\/\/losperiodistas.com.mx\/portal\/wp-json\/wp\/v2\/media\/109191"}],"wp:attachment":[{"href":"https:\/\/losperiodistas.com.mx\/portal\/wp-json\/wp\/v2\/media?parent=109190"}],"wp:term":[{"taxonomy":"category","embeddable":true,"href":"https:\/\/losperiodistas.com.mx\/portal\/wp-json\/wp\/v2\/categories?post=109190"},{"taxonomy":"post_tag","embeddable":true,"href":"https:\/\/losperiodistas.com.mx\/portal\/wp-json\/wp\/v2\/tags?post=109190"}],"curies":[{"name":"wp","href":"https:\/\/api.w.org\/{rel}","templated":true}]}}